{"id":11787,"date":"2021-12-13T10:09:52","date_gmt":"2021-12-13T13:09:52","guid":{"rendered":"https:\/\/radiorevelacionfm.cl\/?p=11787"},"modified":"2021-12-13T10:09:52","modified_gmt":"2021-12-13T13:09:52","slug":"jovenes-lanzan-la-segunda-edicion-de-la-revista-somos-cultura-aysen","status":"publish","type":"post","link":"https:\/\/radiorevelacionfm.cl\/?p=11787","title":{"rendered":"J\u00f3venes lanzan la segunda edici\u00f3n de la revista \u201cSomos Cultura Ays\u00e9n\u201d"},"content":{"rendered":"<div class=\"flex_column av_one_full  flex_column_div av-zero-column-padding first  avia-builder-el-0  el_before_av_one_full  avia-builder-el-first  \" style='border-radius:0px; '><div  class='avia-image-container  av-styling-    avia-builder-el-1  avia-builder-el-no-sibling  avia-align-center '  itemprop=\"image\" itemscope=\"itemscope\" itemtype=\"https:\/\/schema.org\/ImageObject\"  ><div class='avia-image-container-inner'><div class='avia-image-overlay-wrap'><img decoding=\"async\" class='wp-image-11788 avia-img-lazy-loading-not-11788 avia_image' src=\"https:\/\/radiorevelacionfm.cl\/wp-content\/uploads\/2021\/12\/Foto-1-2-2.jpg\" alt='' title='Foto 1-2-2' height=\"600\" width=\"800\"  itemprop=\"thumbnailUrl\" srcset=\"https:\/\/radiorevelacionfm.cl\/wp-content\/uploads\/2021\/12\/Foto-1-2-2.jpg 800w, https:\/\/radiorevelacionfm.cl\/wp-content\/uploads\/2021\/12\/Foto-1-2-2-300x225.jpg 300w, https:\/\/radiorevelacionfm.cl\/wp-content\/uploads\/2021\/12\/Foto-1-2-2-768x576.jpg 768w, https:\/\/radiorevelacionfm.cl\/wp-content\/uploads\/2021\/12\/Foto-1-2-2-705x529.jpg 705w, https:\/\/radiorevelacionfm.cl\/wp-content\/uploads\/2021\/12\/Foto-1-2-2-600x450.jpg 600w\" sizes=\"(max-width: 800px) 100vw, 800px\" \/><\/div><\/div><\/div><\/div><div class=\"flex_column av_one_full  flex_column_div av-zero-column-padding first  avia-builder-el-2  el_after_av_one_full  el_before_av_one_full  column-top-margin\" style='border-radius:0px; '><section class=\"av_textblock_section \"  itemscope=\"itemscope\" itemtype=\"https:\/\/schema.org\/BlogPosting\" itemprop=\"blogPost\" ><div class='avia_textblock  '   itemprop=\"text\" ><p style=\"text-align: center;\"><span style=\"font-size: 18pt;\"><strong>J\u00f3venes lanzan la segunda edici\u00f3n de la revista \u201cSomos Cultura Ays\u00e9n\u201d<\/strong><\/span><\/p>\n<div id=\"gtx-trans\" style=\"position: absolute; left: -50px; top: 4.31534px;\">\n<div class=\"gtx-trans-icon\"><\/div>\n<\/div>\n<\/div><\/section><\/div><div class=\"flex_column av_one_full  flex_column_div av-zero-column-padding first  avia-builder-el-4  el_after_av_one_full  el_before_av_hr  column-top-margin\" style='border-radius:0px; '><section class=\"av_textblock_section \"  itemscope=\"itemscope\" itemtype=\"https:\/\/schema.org\/BlogPosting\" itemprop=\"blogPost\" ><div class='avia_textblock  '   itemprop=\"text\" ><p style=\"text-align: justify;\">J\u00f3venes de la agrupaci\u00f3n Amigos del Museo Regional de Ays\u00e9n realizaron el lanzamiento de la segunda edici\u00f3n de la revista Somos Cultura Ays\u00e9n, iniciativa financiada por el fondo concursable Participa 2021 del Instituto Nacional de la Juventud y ejecutada por j\u00f3venes voluntarios de la regi\u00f3n.<\/p>\n<p style=\"text-align: justify;\">El proceso de creaci\u00f3n de la segunda edici\u00f3n de la revista se llev\u00f3 a cabo a trav\u00e9s de una serie de talleres, donde j\u00f3venes de diferentes comunas y localidades de se reunieron virtualmente para profundizar diversos contenidos de su inter\u00e9s y dise\u00f1ar el producto que ellos mismo definieron realizar.<\/p>\n<p style=\"text-align: justify;\">En su segundo n\u00famero, Somos Cultura Ays\u00e9n abarca diversos contenidos dirigidos a todo p\u00fablico, bajo la l\u00f3gica de que pueda ser disfrutada por ni\u00f1os, j\u00f3venes y adultos, con m\u00e1s o menos conocimiento en materias como las tradiciones de Ays\u00e9n, arquitectura, mundo Fungi, procesos en torno a la artesan\u00eda textil, entre otros.<\/p>\n<p style=\"text-align: justify;\">\u201cFelicitamos y destacamos la motivaci\u00f3n de nuestros j\u00f3venes en la creaci\u00f3n de esta segunda edici\u00f3n de la revista Somos Cultura Ays\u00e9n, es entretenida, did\u00e1ctica y est\u00e1 creada para ni\u00f1os, j\u00f3venes y adultos, como INJUV los invitamos a conocerla ya que hay varias tem\u00e1ticas interesantes que aprender de nuestra regi\u00f3n\u201d, sostuvo la Directora Regional (s), G\u00e9nesis Arias Fuentes.<\/p>\n<p style=\"text-align: justify;\">Victoria Illaseca, joven voluntaria se\u00f1al\u00f3 que \u201cfue una experiencia bastante enriquecedora porque encuentro que es una instancia donde uno puede compartir experiencias y conocimientos con gente de diferentes \u00e1reas, tambi\u00e9n es una oportunidad para mostrar el trabajo y a lo que uno se est\u00e1 dedicando de una forma did\u00e1ctica y creativa, sobre todo para los profesionales j\u00f3venes, ya que encuentra encontrar una oportunidad para esas cosas, me pareci\u00f3 algo s\u00faper bueno y una excelente oportunidad tanto del punto de vista laboral, profesional y tambi\u00e9n como persona\u201d.<\/p>\n<p style=\"text-align: justify;\">En tanto Ignacio L\u00f3pez, joven que tambi\u00e9n particip\u00f3 como voluntario indic\u00f3 que \u201cmi experiencia en la revista fue algo novedoso, entretenido, interesante y una instancia muy necesaria para poder transmitir las experiencias y conocimientos del \u00e1rea donde uno se desempe\u00f1a. El trabajo de INJUV para abrir estos espacios es el modo de trabajo que se debe seguir adoptando entre las distintas instituciones para otorgar herramientas y conocimientos a nuevas generaciones\u201d.<\/p>\n<p style=\"text-align: justify;\">Para las y los interesados la revista Somos Cultura Ays\u00e9n, es gratuita y la pueden obtener en dependencias de INJUV, ubicada en Manuel Rodr\u00edguez #239, Coyhaique, de lunes a viernes de 09:00 a 18:00 horas.<\/p>\n<\/div><\/section><\/div><div  style='height:50px' class='hr hr-invisible   avia-builder-el-6  el_after_av_one_full  el_before_av_social_share '><span class='hr-inner ' ><span class='hr-inner-style'><\/span><\/span><\/div><\/p>\n<div  class='av-social-sharing-box  avia-builder-el-7  el_after_av_hr  el_before_av_hr  '><div class='av-share-box'><h5 class='av-share-link-description av-no-toc '>Compartir esta noticia<\/h5><ul class='av-share-box-list noLightbox'><li class='av-share-link av-social-link-facebook' ><a target=\"_blank\" aria-label=\"Compartir en Facebook\" href='https:\/\/www.facebook.com\/sharer.php?u=https:\/\/radiorevelacionfm.cl\/?p=11787&#038;t=J%C3%B3venes%20lanzan%20la%20segunda%20edici%C3%B3n%20de%20la%20revista%20%E2%80%9CSomos%20Cultura%20Ays%C3%A9n%E2%80%9D' aria-hidden='false' data-av_icon='\ue8f3' data-av_iconfont='entypo-fontello' title='' data-avia-related-tooltip='Compartir en Facebook' rel=\"noopener\"><span class='avia_hidden_link_text'>Compartir en Facebook<\/span><\/a><\/li><li class='av-share-link av-social-link-twitter' ><a target=\"_blank\" aria-label=\"Compartir en Twitter\" href='https:\/\/twitter.com\/share?text=J%C3%B3venes%20lanzan%20la%20segunda%20edici%C3%B3n%20de%20la%20revista%20%E2%80%9CSomos%20Cultura%20Ays%C3%A9n%E2%80%9D&#038;url=https:\/\/radiorevelacionfm.cl\/?p=11787' aria-hidden='false' data-av_icon='\ue8f1' data-av_iconfont='entypo-fontello' title='' data-avia-related-tooltip='Compartir en Twitter' rel=\"noopener\"><span class='avia_hidden_link_text'>Compartir en Twitter<\/span><\/a><\/li><li class='av-share-link av-social-link-whatsapp' ><a target=\"_blank\" aria-label=\"Compartir en Whatsapp\" href='https:\/\/api.whatsapp.com\/send?text=https:\/\/radiorevelacionfm.cl\/?p=11787' aria-hidden='false' data-av_icon='\uf232' data-av_iconfont='entypo-fontello' title='' data-avia-related-tooltip='Compartir en Whatsapp' rel=\"noopener\"><span class='avia_hidden_link_text'>Compartir en Whatsapp<\/span><\/a><\/li><li class='av-share-link av-social-link-linkedin' ><a target=\"_blank\" aria-label=\"Compartir en LinkedIn\" href='https:\/\/linkedin.com\/shareArticle?mini=true&#038;title=J%C3%B3venes%20lanzan%20la%20segunda%20edici%C3%B3n%20de%20la%20revista%20%E2%80%9CSomos%20Cultura%20Ays%C3%A9n%E2%80%9D&#038;url=https:\/\/radiorevelacionfm.cl\/?p=11787' aria-hidden='false' data-av_icon='\ue8fc' data-av_iconfont='entypo-fontello' title='' data-avia-related-tooltip='Compartir en LinkedIn' rel=\"noopener\"><span class='avia_hidden_link_text'>Compartir en LinkedIn<\/span><\/a><\/li><li class='av-share-link av-social-link-mail' ><a  aria-label=\"Compartir por correo\" href='mailto:?subject=J%C3%B3venes%20lanzan%20la%20segunda%20edici%C3%B3n%20de%20la%20revista%20%E2%80%9CSomos%20Cultura%20Ays%C3%A9n%E2%80%9D&#038;body=https:\/\/radiorevelacionfm.cl\/?p=11787' aria-hidden='false' data-av_icon='\ue805' data-av_iconfont='entypo-fontello' title='' data-avia-related-tooltip='Compartir por correo'><span class='avia_hidden_link_text'>Compartir por correo<\/span><\/a><\/li><\/ul><\/div><\/div>\n<div  style='height:50px' class='hr hr-invisible   avia-builder-el-8  el_after_av_social_share  el_before_av_comments_list '><span class='hr-inner ' ><span class='hr-inner-style'><\/span><\/span><\/div>\n<div  class='av-buildercomment  av-blog-meta-html-info-disabled av-blog-meta-tag-disabled  '><\/div>\n","protected":false},"excerpt":{"rendered":"","protected":false},"author":1,"featured_media":11788,"comment_status":"open","ping_status":"open","sticky":false,"template":"","format":"standard","meta":{"footnotes":""},"categories":[52],"tags":[],"class_list":["post-11787","post","type-post","status-publish","format-standard","has-post-thumbnail","hentry","category-cultura"],"jetpack_featured_media_url":"https:\/\/radiorevelacionfm.cl\/wp-content\/uploads\/2021\/12\/Foto-1-2-2.jpg","_links":{"self":[{"href":"https:\/\/radiorevelacionfm.cl\/index.php?rest_route=\/wp\/v2\/posts\/11787","targetHints":{"allow":["GET"]}}],"collection":[{"href":"https:\/\/radiorevelacionfm.cl\/index.php?rest_route=\/wp\/v2\/posts"}],"about":[{"href":"https:\/\/radiorevelacionfm.cl\/index.php?rest_route=\/wp\/v2\/types\/post"}],"author":[{"embeddable":true,"href":"https:\/\/radiorevelacionfm.cl\/index.php?rest_route=\/wp\/v2\/users\/1"}],"replies":[{"embeddable":true,"href":"https:\/\/radiorevelacionfm.cl\/index.php?rest_route=%2Fwp%2Fv2%2Fcomments&post=11787"}],"version-history":[{"count":2,"href":"https:\/\/radiorevelacionfm.cl\/index.php?rest_route=\/wp\/v2\/posts\/11787\/revisions"}],"predecessor-version":[{"id":11795,"href":"https:\/\/radiorevelacionfm.cl\/index.php?rest_route=\/wp\/v2\/posts\/11787\/revisions\/11795"}],"wp:featuredmedia":[{"embeddable":true,"href":"https:\/\/radiorevelacionfm.cl\/index.php?rest_route=\/wp\/v2\/media\/11788"}],"wp:attachment":[{"href":"https:\/\/radiorevelacionfm.cl\/index.php?rest_route=%2Fwp%2Fv2%2Fmedia&parent=11787"}],"wp:term":[{"taxonomy":"category","embeddable":true,"href":"https:\/\/radiorevelacionfm.cl\/index.php?rest_route=%2Fwp%2Fv2%2Fcategories&post=11787"},{"taxonomy":"post_tag","embeddable":true,"href":"https:\/\/radiorevelacionfm.cl\/index.php?rest_route=%2Fwp%2Fv2%2Ftags&post=11787"}],"curies":[{"name":"wp","href":"https:\/\/api.w.org\/{rel}","templated":true}]}}