{"id":11780,"date":"2021-12-13T09:38:57","date_gmt":"2021-12-13T12:38:57","guid":{"rendered":"https:\/\/radiorevelacionfm.cl\/?p=11780"},"modified":"2021-12-13T09:57:39","modified_gmt":"2021-12-13T12:57:39","slug":"estudiantes-de-red-municipal-representan-a-la-comuna-y-region-de-aysen-en-la-copa-milo","status":"publish","type":"post","link":"https:\/\/radiorevelacionfm.cl\/?p=11780","title":{"rendered":"Estudiantes de red municipal representan a la comuna y Regi\u00f3n de Ays\u00e9n en la Copa Milo"},"content":{"rendered":"<div class=\"flex_column av_one_full  flex_column_div av-zero-column-padding first  avia-builder-el-0  el_before_av_one_full  avia-builder-el-first  \" style='border-radius:0px; '><div  class='avia-image-container  av-styling-    avia-builder-el-1  avia-builder-el-no-sibling  avia-align-center '  itemprop=\"image\" itemscope=\"itemscope\" itemtype=\"https:\/\/schema.org\/ImageObject\"  ><div class='avia-image-container-inner'><div class='avia-image-overlay-wrap'><img decoding=\"async\" class='wp-image-11785 avia-img-lazy-loading-not-11785 avia_image' src=\"https:\/\/radiorevelacionfm.cl\/wp-content\/uploads\/2021\/12\/265812234_4753858797994323_240336928000850503_n-2-2.jpg\" alt='' title='265812234_4753858797994323_240336928000850503_n-2-2' height=\"600\" width=\"716\"  itemprop=\"thumbnailUrl\" srcset=\"https:\/\/radiorevelacionfm.cl\/wp-content\/uploads\/2021\/12\/265812234_4753858797994323_240336928000850503_n-2-2.jpg 716w, https:\/\/radiorevelacionfm.cl\/wp-content\/uploads\/2021\/12\/265812234_4753858797994323_240336928000850503_n-2-2-300x251.jpg 300w, https:\/\/radiorevelacionfm.cl\/wp-content\/uploads\/2021\/12\/265812234_4753858797994323_240336928000850503_n-2-2-705x591.jpg 705w, https:\/\/radiorevelacionfm.cl\/wp-content\/uploads\/2021\/12\/265812234_4753858797994323_240336928000850503_n-2-2-600x503.jpg 600w\" sizes=\"(max-width: 716px) 100vw, 716px\" \/><\/div><\/div><\/div><\/div><div class=\"flex_column av_one_full  flex_column_div av-zero-column-padding first  avia-builder-el-2  el_after_av_one_full  el_before_av_one_full  column-top-margin\" style='border-radius:0px; '><section class=\"av_textblock_section \"  itemscope=\"itemscope\" itemtype=\"https:\/\/schema.org\/BlogPosting\" itemprop=\"blogPost\" ><div class='avia_textblock  '   itemprop=\"text\" ><p style=\"text-align: center;\"><span style=\"font-size: 18pt;\"><strong>Estudiantes de red municipal representan a la comuna y Regi\u00f3n de Ays\u00e9n en la Copa Milo<\/strong><\/span><\/p>\n<div id=\"gtx-trans\" style=\"position: absolute; left: -50px; top: 4.31534px;\">\n<div class=\"gtx-trans-icon\"><\/div>\n<\/div>\n<\/div><\/section><\/div><\/p>\n<div class=\"flex_column av_one_full  flex_column_div av-zero-column-padding first  avia-builder-el-4  el_after_av_one_full  el_before_av_hr  column-top-margin\" style='border-radius:0px; '><section class=\"av_textblock_section \"  itemscope=\"itemscope\" itemtype=\"https:\/\/schema.org\/BlogPosting\" itemprop=\"blogPost\" ><div class='avia_textblock  '   itemprop=\"text\" ><p style=\"text-align: justify;\">El viernes 10 de diciembre, siete estudiantes de la Escuela Gabriela Mistral despegaron rumbo a Puerto Montt a disputar la Copa Milo, campeonato que cronograma 11 eventos a lo largo del pa\u00eds y que tiene su gran final el 16 de enero en Santiago. El grupo integrado por ni\u00f1os y ni\u00f1as es el \u00fanico perteneciente a un establecimiento municipal que representar\u00e1 a la regi\u00f3n.<\/p>\n<p style=\"text-align: justify;\">Rodeados de un ambiente familiar en la biblioteca de la Escuela Gabriela Mistral, en compa\u00f1\u00eda de profesores, apoderados y autoridades, los escolares compartieron impresiones, anhelos y lo que significa participar en la Copa Milo, instancia de crecimiento a trav\u00e9s del deporte y el encuentro entre pares.<\/p>\n<p style=\"text-align: justify;\">Compuesta por Mart\u00edn Aguilar, Annia Smoje, Emileth \u00c1lvarez, Iv\u00e1n Padilla, Francisca Miranda, Ian Ainol y Jonathan Andrade, la delegaci\u00f3n persigue un lugar en las clasificatorias del 11 y 13 de diciembre.<\/p>\n<p style=\"text-align: justify;\">Frente a ese escenario, el director del establecimiento expres\u00f3 la alegr\u00eda de educadores, auxiliares y de quienes han participado del proceso formativo. \u201cSiempre nos hemos preocupado de trabajar las altas expectativas de nuestros ni\u00f1os y creemos en cada uno de ellos y ellas; y por sobre todo, hacer un campeonato mixto de baby f\u00fatbol m\u00e1s nos llena de orgullo porque en la escuela nos preocupamos de trabajar la igualdad de g\u00e9nero\u201d, detall\u00f3 Marcelo Marchant.<\/p>\n<p style=\"text-align: justify;\">En una l\u00ednea similar, Tamara Villegas, directora de la Direcci\u00f3n de Educaci\u00f3n Municipal (DEM), destaca la naturaleza del evento. \u201cVan a poder relacionarse con otros compa\u00f1eros, conocer otros lugares, oportunidades que los ni\u00f1os, sobre todo en establecimientos municipales, no siempre tienen. Por esos estamos sumamente orgullosos hasta donde han logrado llegar, son los \u00fanicos representantes de la Regi\u00f3n de Ays\u00e9n y de establecimientos municipales que van a participar de esta instancia\u201d.<\/p>\n<p style=\"text-align: justify;\">Entretanto, Marchant subraya que actividades deportivas como la Copa Milo son un verdadero catalizador para motivar a los ni\u00f1os a que tomen desaf\u00edos en su vida y desarrollen el compa\u00f1erismo. \u201cEllos est\u00e1n ah\u00ed siempre y nos van a representar con el mejor esp\u00edritu y valores que estamos cultivando en el establecimiento: el respeto, la comunicaci\u00f3n, el trabajo en equipo, el liderazgo. Son caracter\u00edsticas de cada uno que hacen un gran equipo de f\u00fatbol\u201d, coment\u00f3.<\/p>\n<p style=\"text-align: justify;\">Desde la vereda institucional, el alcalde Julio Uribe Alvarado enfatiz\u00f3 los beneficios que conlleva la actividad f\u00edsica para el crecimiento y desarrollo. \u201cLos ni\u00f1os ganan experiencias, por donde uno lo mire es un beneficio para ellos, de que puedan ser nuestros representantes y adem\u00e1s todo lo que involucra el deporte. A trav\u00e9s de \u00e9ste adquieren disciplina, mejoran su estado f\u00edsico, trabajan en equipo, y muchas bondades que tiene el deporte. Por lo tanto, no queda m\u00e1s que felicitar a todos lo que han hecho posible este viaje. Estamos seguro que van a entregar lo mejor para poder representarnos de la mejor manera\u201d.<\/p>\n<\/div><\/section><\/div>\n<div  style='height:50px' class='hr hr-invisible   avia-builder-el-6  el_after_av_one_full  el_before_av_social_share '><span class='hr-inner ' ><span class='hr-inner-style'><\/span><\/span><\/div>\n<div  class='av-social-sharing-box  avia-builder-el-7  el_after_av_hr  el_before_av_hr  '><div class='av-share-box'><h5 class='av-share-link-description av-no-toc '>Compartir esta noticia<\/h5><ul class='av-share-box-list noLightbox'><li class='av-share-link av-social-link-facebook' ><a target=\"_blank\" aria-label=\"Compartir en Facebook\" href='https:\/\/www.facebook.com\/sharer.php?u=https:\/\/radiorevelacionfm.cl\/?p=11780&#038;t=Estudiantes%20de%20red%20municipal%20representan%20a%20la%20comuna%20y%20Regi%C3%B3n%20de%20Ays%C3%A9n%20en%20la%20Copa%20Milo' aria-hidden='false' data-av_icon='\ue8f3' data-av_iconfont='entypo-fontello' title='' data-avia-related-tooltip='Compartir en Facebook' rel=\"noopener\"><span class='avia_hidden_link_text'>Compartir en Facebook<\/span><\/a><\/li><li class='av-share-link av-social-link-twitter' ><a target=\"_blank\" aria-label=\"Compartir en Twitter\" href='https:\/\/twitter.com\/share?text=Estudiantes%20de%20red%20municipal%20representan%20a%20la%20comuna%20y%20Regi%C3%B3n%20de%20Ays%C3%A9n%20en%20la%20Copa%20Milo&#038;url=https:\/\/radiorevelacionfm.cl\/?p=11780' aria-hidden='false' data-av_icon='\ue8f1' data-av_iconfont='entypo-fontello' title='' data-avia-related-tooltip='Compartir en Twitter' rel=\"noopener\"><span class='avia_hidden_link_text'>Compartir en Twitter<\/span><\/a><\/li><li class='av-share-link av-social-link-whatsapp' ><a target=\"_blank\" aria-label=\"Compartir en Whatsapp\" href='https:\/\/api.whatsapp.com\/send?text=https:\/\/radiorevelacionfm.cl\/?p=11780' aria-hidden='false' data-av_icon='\uf232' data-av_iconfont='entypo-fontello' title='' data-avia-related-tooltip='Compartir en Whatsapp' rel=\"noopener\"><span class='avia_hidden_link_text'>Compartir en Whatsapp<\/span><\/a><\/li><li class='av-share-link av-social-link-linkedin' ><a target=\"_blank\" aria-label=\"Compartir en LinkedIn\" href='https:\/\/linkedin.com\/shareArticle?mini=true&#038;title=Estudiantes%20de%20red%20municipal%20representan%20a%20la%20comuna%20y%20Regi%C3%B3n%20de%20Ays%C3%A9n%20en%20la%20Copa%20Milo&#038;url=https:\/\/radiorevelacionfm.cl\/?p=11780' aria-hidden='false' data-av_icon='\ue8fc' data-av_iconfont='entypo-fontello' title='' data-avia-related-tooltip='Compartir en LinkedIn' rel=\"noopener\"><span class='avia_hidden_link_text'>Compartir en LinkedIn<\/span><\/a><\/li><li class='av-share-link av-social-link-mail' ><a  aria-label=\"Compartir por correo\" href='mailto:?subject=Estudiantes%20de%20red%20municipal%20representan%20a%20la%20comuna%20y%20Regi%C3%B3n%20de%20Ays%C3%A9n%20en%20la%20Copa%20Milo&#038;body=https:\/\/radiorevelacionfm.cl\/?p=11780' aria-hidden='false' data-av_icon='\ue805' data-av_iconfont='entypo-fontello' title='' data-avia-related-tooltip='Compartir por correo'><span class='avia_hidden_link_text'>Compartir por correo<\/span><\/a><\/li><\/ul><\/div><\/div>\n<div  style='height:50px' class='hr hr-invisible   avia-builder-el-8  el_after_av_social_share  el_before_av_comments_list '><span class='hr-inner ' ><span class='hr-inner-style'><\/span><\/span><\/div>\n<div  class='av-buildercomment  av-blog-meta-html-info-disabled av-blog-meta-tag-disabled  '><\/div>\n","protected":false},"excerpt":{"rendered":"","protected":false},"author":1,"featured_media":11785,"comment_status":"open","ping_status":"open","sticky":false,"template":"","format":"standard","meta":{"footnotes":""},"categories":[38],"tags":[],"class_list":["post-11780","post","type-post","status-publish","format-standard","has-post-thumbnail","hentry","category-regional"],"jetpack_featured_media_url":"https:\/\/radiorevelacionfm.cl\/wp-content\/uploads\/2021\/12\/265812234_4753858797994323_240336928000850503_n-2-2.jpg","_links":{"self":[{"href":"https:\/\/radiorevelacionfm.cl\/index.php?rest_route=\/wp\/v2\/posts\/11780","targetHints":{"allow":["GET"]}}],"collection":[{"href":"https:\/\/radiorevelacionfm.cl\/index.php?rest_route=\/wp\/v2\/posts"}],"about":[{"href":"https:\/\/radiorevelacionfm.cl\/index.php?rest_route=\/wp\/v2\/types\/post"}],"author":[{"embeddable":true,"href":"https:\/\/radiorevelacionfm.cl\/index.php?rest_route=\/wp\/v2\/users\/1"}],"replies":[{"embeddable":true,"href":"https:\/\/radiorevelacionfm.cl\/index.php?rest_route=%2Fwp%2Fv2%2Fcomments&post=11780"}],"version-history":[{"count":3,"href":"https:\/\/radiorevelacionfm.cl\/index.php?rest_route=\/wp\/v2\/posts\/11780\/revisions"}],"predecessor-version":[{"id":11784,"href":"https:\/\/radiorevelacionfm.cl\/index.php?rest_route=\/wp\/v2\/posts\/11780\/revisions\/11784"}],"wp:featuredmedia":[{"embeddable":true,"href":"https:\/\/radiorevelacionfm.cl\/index.php?rest_route=\/wp\/v2\/media\/11785"}],"wp:attachment":[{"href":"https:\/\/radiorevelacionfm.cl\/index.php?rest_route=%2Fwp%2Fv2%2Fmedia&parent=11780"}],"wp:term":[{"taxonomy":"category","embeddable":true,"href":"https:\/\/radiorevelacionfm.cl\/index.php?rest_route=%2Fwp%2Fv2%2Fcategories&post=11780"},{"taxonomy":"post_tag","embeddable":true,"href":"https:\/\/radiorevelacionfm.cl\/index.php?rest_route=%2Fwp%2Fv2%2Ftags&post=11780"}],"curies":[{"name":"wp","href":"https:\/\/api.w.org\/{rel}","templated":true}]}}