{"id":11775,"date":"2021-12-13T09:12:12","date_gmt":"2021-12-13T12:12:12","guid":{"rendered":"https:\/\/radiorevelacionfm.cl\/?p=11775"},"modified":"2021-12-13T09:12:12","modified_gmt":"2021-12-13T12:12:12","slug":"seremi-del-mop-en-nuestros-cuatro-anos-de-gobierno-hemos-mejorado-la-calidad-de-vida-de-miles-de-ayseninas-os","status":"publish","type":"post","link":"https:\/\/radiorevelacionfm.cl\/?p=11775","title":{"rendered":"Seremi del MOP: \u201cEn nuestros cuatro a\u00f1os de gobierno hemos mejorado la calidad de vida de miles de ayseninas\/os\u201d"},"content":{"rendered":"<div class=\"flex_column av_one_full  flex_column_div av-zero-column-padding first  avia-builder-el-0  el_before_av_one_full  avia-builder-el-first  \" style='border-radius:0px; '><div  class='avia-image-container  av-styling-    avia-builder-el-1  avia-builder-el-no-sibling  avia-align-center '  itemprop=\"image\" itemscope=\"itemscope\" itemtype=\"https:\/\/schema.org\/ImageObject\"  ><div class='avia-image-container-inner'><div class='avia-image-overlay-wrap'><img decoding=\"async\" class='wp-image-11776 avia-img-lazy-loading-not-11776 avia_image' src=\"https:\/\/radiorevelacionfm.cl\/wp-content\/uploads\/2021\/12\/primera-piedra-ruta7norte-2_optimized.jpg\" alt='' title='primera-piedra-ruta7norte-2_optimized' height=\"600\" width=\"1067\"  itemprop=\"thumbnailUrl\" srcset=\"https:\/\/radiorevelacionfm.cl\/wp-content\/uploads\/2021\/12\/primera-piedra-ruta7norte-2_optimized.jpg 1067w, https:\/\/radiorevelacionfm.cl\/wp-content\/uploads\/2021\/12\/primera-piedra-ruta7norte-2_optimized-300x169.jpg 300w, https:\/\/radiorevelacionfm.cl\/wp-content\/uploads\/2021\/12\/primera-piedra-ruta7norte-2_optimized-1030x579.jpg 1030w, https:\/\/radiorevelacionfm.cl\/wp-content\/uploads\/2021\/12\/primera-piedra-ruta7norte-2_optimized-768x432.jpg 768w, https:\/\/radiorevelacionfm.cl\/wp-content\/uploads\/2021\/12\/primera-piedra-ruta7norte-2_optimized-705x396.jpg 705w, https:\/\/radiorevelacionfm.cl\/wp-content\/uploads\/2021\/12\/primera-piedra-ruta7norte-2_optimized-600x337.jpg 600w\" sizes=\"(max-width: 1067px) 100vw, 1067px\" \/><\/div><\/div><\/div><\/div><div class=\"flex_column av_one_full  flex_column_div av-zero-column-padding first  avia-builder-el-2  el_after_av_one_full  el_before_av_one_full  column-top-margin\" style='border-radius:0px; '><section class=\"av_textblock_section \"  itemscope=\"itemscope\" itemtype=\"https:\/\/schema.org\/BlogPosting\" itemprop=\"blogPost\" ><div class='avia_textblock  '   itemprop=\"text\" ><p style=\"text-align: center;\"><strong><span style=\"font-size: 18pt;\">Seremi del MOP: \u201cEn nuestros cuatro a\u00f1os de gobierno hemos mejorado la calidad de vida de miles de ayseninas\/os\u201d<\/span><\/strong><\/p>\n<div id=\"gtx-trans\" style=\"position: absolute; left: -50px; top: 4.31534px;\">\n<div class=\"gtx-trans-icon\"><\/div>\n<\/div>\n<\/div><\/section><\/div><div class=\"flex_column av_one_full  flex_column_div av-zero-column-padding first  avia-builder-el-4  el_after_av_one_full  el_before_av_hr  column-top-margin\" style='border-radius:0px; '><section class=\"av_textblock_section \"  itemscope=\"itemscope\" itemtype=\"https:\/\/schema.org\/BlogPosting\" itemprop=\"blogPost\" ><div class='avia_textblock  '   itemprop=\"text\" ><p style=\"text-align: justify;\">Un balance de la gesti\u00f3n realizada durante el gobierno del presidente Sebasti\u00e1n Pi\u00f1era efectu\u00f3 esta ma\u00f1ana el Secretario Regional Ministerial de Obras P\u00fablicas, N\u00e9stor Mera Mu\u00f1oz, oportunidad en la que junto a su equipo de trabajo realizaron un balance y evaluaci\u00f3n de las Obras, Dise\u00f1os y programas realizados en cada una de las Direcciones Regionales que componen el Ministerio de Obras P\u00fablicas en la regi\u00f3n de Ays\u00e9n durante los cuatro a\u00f1os del gobierno del presidente Sebasti\u00e1n Pi\u00f1era y en el marco de la ejecuci\u00f3n del plan Paso a Paso Chile Se Recupera.<\/p>\n<p style=\"text-align: justify;\">Consultado al respecto, el Secretario Regional Ministerial de Obras P\u00fablicas asegur\u00f3 que \u201cHemos logrado cambios significativos en las familias de nuestra regi\u00f3n con el abastecimiento de agua potable en sectores rurales, hemos mejorado la conectividad en forma integral con la construcci\u00f3n de puentes, hemos cumplido nuestro compromiso en el gobierno del presidente Sebasti\u00e1n Pi\u00f1era de pavimentar la Carretera Austral y hemos logrado generar la primera concesi\u00f3n del Aer\u00f3dromo de Balmaceda, entre muchas obras, ejecuci\u00f3n de Dise\u00f1os y programas que benefician a todos y todas las ayseninas\/os, con una inversi\u00f3n total en estos cuatro a\u00f1os de 270 mil millones y la entrega de 5.500 empleos\u201d.<\/p>\n<p style=\"text-align: justify;\">Junto al equipo de Directores Regionales del MOP, la autoridad regional de Obras P\u00fablicas detall\u00f3 la hoja de ruta que se propusieron el a\u00f1o 2018 al ingresar al Ministerio de Obras P\u00fablicas en el gobierno del presidente Sebasti\u00e1n Pi\u00f1era, destacando que \u201cfue una ruta ambiciosa, que entre sus prioridades destac\u00f3 pavimentar 100 kil\u00f3metros de la Ruta 7\/Carretera Austral, y hoy \u00a0entre lo terminado y lo que se encuentra en actual fase de construcci\u00f3n superamos los 100 kil\u00f3metros en la Carretera Austral, as\u00ed que ese es uno de los \u00e9xitos m\u00e1s importantes en esta administraci\u00f3n, pero tambi\u00e9n quiero destacar la licitaci\u00f3n y adjudicaci\u00f3n de la primera concesi\u00f3n en la historia del Aer\u00f3dromo de Balmaceda, nuestra principal v\u00eda de entrada y salida de la regi\u00f3n de Ays\u00e9n, en donde previo a la pandemia nos encamin\u00e1bamos a tener alrededor de 700 mil pasajeros anuales y proyect\u00e1bamos anualmente recibir a 1 mill\u00f3n de pasajeros, hoy contamos con una flamante concesi\u00f3n que estar\u00e1 trabajando los pr\u00f3ximos a\u00f1os arduamente en ampliar la infraestructura, mejorar la cobertura, calidad y atenci\u00f3n a los habitantes de la regi\u00f3n de Ays\u00e9n y a los cientos que de visitantes; en el \u00e1rea de Servicios Sanitarios Rurales hemos dado un salto gigantesco, con pr\u00e1cticamente haber duplicado la inversi\u00f3n contamos con un equipo que ha estado a la altura en todo minuto y hoy tenemos 29 proyectos nuevos que se est\u00e1n terminado sus etapas de Dise\u00f1o y que ser\u00e1n las obras que se realizar\u00e1n en los pr\u00f3ximos a\u00f1os en la regi\u00f3n de Ays\u00e9n; tambi\u00e9n quiero destacar en Obras Portuarias el importante trabajo que hemos realizado con la construcci\u00f3n del Terminal Portuario y Costanera en Puerto Cisnes en construcci\u00f3n , el trabajo en edificaci\u00f3n p\u00fablica que ha realizado la Direcci\u00f3n de Arquitectura con la construcci\u00f3n del primer Terminal de Buses en la regi\u00f3n, destacar infraestructura para el turismo, proyecto de Miradores, con Bomberos Dise\u00f1o para una nueva infraestructura, entre otros; la Direcci\u00f3n de Aguas ha avanzado de manera enorme en algo tan relevante como la creaci\u00f3n en la regi\u00f3n de la primera Unidad de Glaciolog\u00eda y Nieves que est\u00e1 orientada a ser una unidad cient\u00edfica, una unidad de futuro acad\u00e9mico en nuestros glaciares y que son el term\u00f3metro del cambio clim\u00e1tico mundial y la creaci\u00f3n del Manual de Extracci\u00f3n de \u00c1ridos, entre otros; en general ha sido un trabajo intenso, nos han tocado situaciones complejas, como la pandemia y en lo social, pero as\u00ed y todo hemos logrado avanzar en la hoja de ruta que nos impusimos el a\u00f1o 2018\u201d.<\/p>\n<p style=\"text-align: justify;\">El SEREMI del MOP, tambi\u00e9n agreg\u00f3 \u201cAgradecer al gobierno del presidente Sebasti\u00e1n Pi\u00f1era, al Ministro de Obras P\u00fablicas Alfredo Moreno y al Subsecretario del MOP Crist\u00f3bal Leturia por entregarme la confianza \u00a0y los recursos para gestionar grandes como peque\u00f1as obras que mejoran la calidad de vida de miles de ayseninos y ayseninas, al Senador David Sandoval quien nos ha apoyado en las gestiones entre la regi\u00f3n y el nivel central, a todos los dirigentes sociales y vecinos que nos acompa\u00f1aron estos cuatro a\u00f1os con demandas y con agradecimientos por la ejecuci\u00f3n de obras, a los Consejeros Regionales y alcaldes de toda la regi\u00f3n, agradezco a cada uno de los Medios de Comunicaci\u00f3n quienes han entregado un apoyo permanente a la gesti\u00f3n ministerial y agradezco a cada uno de los funcionarios y funcionarias de Obras P\u00fablicas con quienes hemos trabajado incansablemente para avanzar con obras concretas que respondan a las necesidades de las comunidades. Me ha tocado liderar por pr\u00e1cticamente cuatro a\u00f1os un Ministerio que le permite a las comunidades, a los vecinos \u00a0de la regi\u00f3n de Ays\u00e9n desarrollarse, porque nuestras obras las construimos con el esfuerzo y voluntad de todos, para toda la gente de norte a sur en nuestra regi\u00f3n, y con un trabajo muy fuerte\u201d.<\/p>\n<p style=\"text-align: justify;\"><u>DESAF\u00cdOS<\/u><\/p>\n<p style=\"text-align: justify;\">\u201cHoy contamos con una gran cantidad de desaf\u00edos en los que estamos trabajando, entre ellos estamos firmando convenios con diversos Municipios de la regi\u00f3n especialmente con Obras Portuarias para la ejecuci\u00f3n de nuevas obras en esa \u00e1rea, estamos avanzando en el desarrollo de bordes costeros incluso en la comuna de Coyhaique; tambi\u00e9n estamos avanzando en proyectos urbanos muy importantes como son las obras en la doble v\u00eda de calle Baquedano que continuar\u00e1n su ejecuci\u00f3n, en la pr\u00f3xima construcci\u00f3n de los Dise\u00f1os de Servicios Sanitarios Rurales en diversos sectores de la regi\u00f3n; continuaremos pavimentando la Ruta 7 en donde hemos logrado pr\u00e1cticamente cerrar todas las brechas de pavimento existente en la Carretera Austral Norte, tanto en proyectos terminados de pavimento como en los que est\u00e1n en ejecuci\u00f3n y hoy\u00a0 como gran anhelo de la regi\u00f3n de Ays\u00e9n nos queda mirar al sur con la actual ejecuci\u00f3n de Obras en el acceso a Cochrane y en Puerto R\u00edo Tranquilo, y la propuesta \u00a0de generar un plan agresivo para que en las dos pr\u00f3ximas administraciones que vienen podamos llegar con pavimento en una primera etapa hasta la ciudad de Cochrane, as\u00ed como tambi\u00e9n los desaf\u00edos en la Carretera Austral no se quedan s\u00f3lo en nuestra regi\u00f3n, porque tambi\u00e9n queremos avanzar en la d\u00e9cima regi\u00f3n de los lagos en donde quedan 80 km de la Carretera que a\u00fan no se han construido y sobre eso hay que poner un especial \u00e9nfasis para que en los a\u00f1os venideros esto nos permita acercarnos cada vez m\u00e1s en tiempo y comodidad a Puerto Montt y conectarnos con el resto del pa\u00eds. Hoy contamos con un trabajo planificado, organizado que esperamos se sostenga en los a\u00f1os siguientes \u00a0y que permita al Ministerio de Obras P\u00fablicas seguir liderando la inversi\u00f3n regional y apoyando por sobre todo el desarrollo productivo, social, y econ\u00f3mico de los vecinos de la regi\u00f3n de Ays\u00e9n\u201d, concluy\u00f3 N\u00e9stor Mera.<\/p>\n<p style=\"text-align: justify;\">El Secretario Regional Ministerial de Obras P\u00fablicas, N\u00e9stor Mera Mu\u00f1oz, deja su cargo a la cabeza del MOP en la regi\u00f3n de Ays\u00e9n el pr\u00f3ximo 13 de diciembre del a\u00f1o en curso, para asumir nuevos desaf\u00edos en el \u00e1rea privada. A cargo del Ministerio de Obras P\u00fablicas en la regi\u00f3n de Ays\u00e9n estar\u00e1 quien durante estos cuatro a\u00f1os ha sido su Subrogante, el Director de la Direcci\u00f3n General de Aguas del MOP en la regi\u00f3n de Ays\u00e9n El\u00edas Fern\u00e1ndez-Ni\u00f1o, quien a partir de esa fecha continuar\u00e1 siendo Secretario Regional Ministerial de Obras P\u00fablicas(S).<\/p>\n<\/div><\/section><\/div><div  style='height:50px' class='hr hr-invisible   avia-builder-el-6  el_after_av_one_full  el_before_av_social_share '><span class='hr-inner ' ><span class='hr-inner-style'><\/span><\/span><\/div><\/p>\n<div  class='av-social-sharing-box  avia-builder-el-7  el_after_av_hr  el_before_av_hr  '><div class='av-share-box'><h5 class='av-share-link-description av-no-toc '>Compartir esta noticia<\/h5><ul class='av-share-box-list noLightbox'><li class='av-share-link av-social-link-facebook' ><a target=\"_blank\" aria-label=\"Compartir en Facebook\" href='https:\/\/www.facebook.com\/sharer.php?u=https:\/\/radiorevelacionfm.cl\/?p=11775&#038;t=Seremi%20del%20MOP%3A%20%E2%80%9CEn%20nuestros%20cuatro%20a%C3%B1os%20de%20gobierno%20hemos%20mejorado%20la%20calidad%20de%20vida%20de%20miles%20de%20ayseninas%2Fos%E2%80%9D' aria-hidden='false' data-av_icon='\ue8f3' data-av_iconfont='entypo-fontello' title='' data-avia-related-tooltip='Compartir en Facebook' rel=\"noopener\"><span class='avia_hidden_link_text'>Compartir en Facebook<\/span><\/a><\/li><li class='av-share-link av-social-link-twitter' ><a target=\"_blank\" aria-label=\"Compartir en Twitter\" href='https:\/\/twitter.com\/share?text=Seremi%20del%20MOP%3A%20%E2%80%9CEn%20nuestros%20cuatro%20a%C3%B1os%20de%20gobierno%20hemos%20mejorado%20la%20calidad%20de%20vida%20de%20miles%20de%20ayseninas%2Fos%E2%80%9D&#038;url=https:\/\/radiorevelacionfm.cl\/?p=11775' aria-hidden='false' data-av_icon='\ue8f1' data-av_iconfont='entypo-fontello' title='' data-avia-related-tooltip='Compartir en Twitter' rel=\"noopener\"><span class='avia_hidden_link_text'>Compartir en Twitter<\/span><\/a><\/li><li class='av-share-link av-social-link-whatsapp' ><a target=\"_blank\" aria-label=\"Compartir en Whatsapp\" href='https:\/\/api.whatsapp.com\/send?text=https:\/\/radiorevelacionfm.cl\/?p=11775' aria-hidden='false' data-av_icon='\uf232' data-av_iconfont='entypo-fontello' title='' data-avia-related-tooltip='Compartir en Whatsapp' rel=\"noopener\"><span class='avia_hidden_link_text'>Compartir en Whatsapp<\/span><\/a><\/li><li class='av-share-link av-social-link-linkedin' ><a target=\"_blank\" aria-label=\"Compartir en LinkedIn\" href='https:\/\/linkedin.com\/shareArticle?mini=true&#038;title=Seremi%20del%20MOP%3A%20%E2%80%9CEn%20nuestros%20cuatro%20a%C3%B1os%20de%20gobierno%20hemos%20mejorado%20la%20calidad%20de%20vida%20de%20miles%20de%20ayseninas%2Fos%E2%80%9D&#038;url=https:\/\/radiorevelacionfm.cl\/?p=11775' aria-hidden='false' data-av_icon='\ue8fc' data-av_iconfont='entypo-fontello' title='' data-avia-related-tooltip='Compartir en LinkedIn' rel=\"noopener\"><span class='avia_hidden_link_text'>Compartir en LinkedIn<\/span><\/a><\/li><li class='av-share-link av-social-link-mail' ><a  aria-label=\"Compartir por correo\" href='mailto:?subject=Seremi%20del%20MOP%3A%20%E2%80%9CEn%20nuestros%20cuatro%20a%C3%B1os%20de%20gobierno%20hemos%20mejorado%20la%20calidad%20de%20vida%20de%20miles%20de%20ayseninas%2Fos%E2%80%9D&#038;body=https:\/\/radiorevelacionfm.cl\/?p=11775' aria-hidden='false' data-av_icon='\ue805' data-av_iconfont='entypo-fontello' title='' data-avia-related-tooltip='Compartir por correo'><span class='avia_hidden_link_text'>Compartir por correo<\/span><\/a><\/li><\/ul><\/div><\/div>\n<div  style='height:50px' class='hr hr-invisible   avia-builder-el-8  el_after_av_social_share  el_before_av_comments_list '><span class='hr-inner ' ><span class='hr-inner-style'><\/span><\/span><\/div>\n<div  class='av-buildercomment  av-blog-meta-html-info-disabled av-blog-meta-tag-disabled  '><\/div>\n","protected":false},"excerpt":{"rendered":"","protected":false},"author":1,"featured_media":11776,"comment_status":"open","ping_status":"open","sticky":false,"template":"","format":"standard","meta":{"footnotes":""},"categories":[38],"tags":[],"class_list":["post-11775","post","type-post","status-publish","format-standard","has-post-thumbnail","hentry","category-regional"],"jetpack_featured_media_url":"https:\/\/radiorevelacionfm.cl\/wp-content\/uploads\/2021\/12\/primera-piedra-ruta7norte-2_optimized.jpg","_links":{"self":[{"href":"https:\/\/radiorevelacionfm.cl\/index.php?rest_route=\/wp\/v2\/posts\/11775","targetHints":{"allow":["GET"]}}],"collection":[{"href":"https:\/\/radiorevelacionfm.cl\/index.php?rest_route=\/wp\/v2\/posts"}],"about":[{"href":"https:\/\/radiorevelacionfm.cl\/index.php?rest_route=\/wp\/v2\/types\/post"}],"author":[{"embeddable":true,"href":"https:\/\/radiorevelacionfm.cl\/index.php?rest_route=\/wp\/v2\/users\/1"}],"replies":[{"embeddable":true,"href":"https:\/\/radiorevelacionfm.cl\/index.php?rest_route=%2Fwp%2Fv2%2Fcomments&post=11775"}],"version-history":[{"count":2,"href":"https:\/\/radiorevelacionfm.cl\/index.php?rest_route=\/wp\/v2\/posts\/11775\/revisions"}],"predecessor-version":[{"id":11778,"href":"https:\/\/radiorevelacionfm.cl\/index.php?rest_route=\/wp\/v2\/posts\/11775\/revisions\/11778"}],"wp:featuredmedia":[{"embeddable":true,"href":"https:\/\/radiorevelacionfm.cl\/index.php?rest_route=\/wp\/v2\/media\/11776"}],"wp:attachment":[{"href":"https:\/\/radiorevelacionfm.cl\/index.php?rest_route=%2Fwp%2Fv2%2Fmedia&parent=11775"}],"wp:term":[{"taxonomy":"category","embeddable":true,"href":"https:\/\/radiorevelacionfm.cl\/index.php?rest_route=%2Fwp%2Fv2%2Fcategories&post=11775"},{"taxonomy":"post_tag","embeddable":true,"href":"https:\/\/radiorevelacionfm.cl\/index.php?rest_route=%2Fwp%2Fv2%2Ftags&post=11775"}],"curies":[{"name":"wp","href":"https:\/\/api.w.org\/{rel}","templated":true}]}}