{"id":11771,"date":"2021-12-12T19:29:06","date_gmt":"2021-12-12T22:29:06","guid":{"rendered":"https:\/\/radiorevelacionfm.cl\/?p=11771"},"modified":"2021-12-12T19:29:06","modified_gmt":"2021-12-12T22:29:06","slug":"un-total-de-24-familias-de-repollal-alto-y-bajo-recibiran-fosas-sanitarias","status":"publish","type":"post","link":"https:\/\/radiorevelacionfm.cl\/?p=11771","title":{"rendered":"Un total de 24 familias de Repollal Alto y Bajo recibir\u00e1n fosas sanitarias"},"content":{"rendered":"<div class=\"flex_column av_one_full  flex_column_div av-zero-column-padding first  avia-builder-el-0  el_before_av_one_full  avia-builder-el-first  \" style='border-radius:0px; '><div  class='avia-image-container  av-styling-    avia-builder-el-1  avia-builder-el-no-sibling  avia-align-center '  itemprop=\"image\" itemscope=\"itemscope\" itemtype=\"https:\/\/schema.org\/ImageObject\"  ><div class='avia-image-container-inner'><div class='avia-image-overlay-wrap'><img decoding=\"async\" class='wp-image-11772 avia-img-lazy-loading-not-11772 avia_image' src=\"https:\/\/radiorevelacionfm.cl\/wp-content\/uploads\/2021\/12\/2-2-2.jpg\" alt='' title='2-2-2' height=\"600\" width=\"800\"  itemprop=\"thumbnailUrl\" srcset=\"https:\/\/radiorevelacionfm.cl\/wp-content\/uploads\/2021\/12\/2-2-2.jpg 800w, https:\/\/radiorevelacionfm.cl\/wp-content\/uploads\/2021\/12\/2-2-2-300x225.jpg 300w, https:\/\/radiorevelacionfm.cl\/wp-content\/uploads\/2021\/12\/2-2-2-768x576.jpg 768w, https:\/\/radiorevelacionfm.cl\/wp-content\/uploads\/2021\/12\/2-2-2-705x529.jpg 705w, https:\/\/radiorevelacionfm.cl\/wp-content\/uploads\/2021\/12\/2-2-2-600x450.jpg 600w\" sizes=\"(max-width: 800px) 100vw, 800px\" \/><\/div><\/div><\/div><\/div><div class=\"flex_column av_one_full  flex_column_div av-zero-column-padding first  avia-builder-el-2  el_after_av_one_full  el_before_av_one_full  column-top-margin\" style='border-radius:0px; '><section class=\"av_textblock_section \"  itemscope=\"itemscope\" itemtype=\"https:\/\/schema.org\/BlogPosting\" itemprop=\"blogPost\" ><div class='avia_textblock  '   itemprop=\"text\" ><p style=\"text-align: center;\"><strong><span style=\"font-size: 18pt;\">Un total de 24 familias de Repollal Alto y Bajo recibir\u00e1n fosas sanitarias\u00a0<\/span><\/strong><\/p>\n<div id=\"gtx-trans\" style=\"position: absolute; left: -50px; top: 4.31534px;\">\n<div class=\"gtx-trans-icon\"><\/div>\n<\/div>\n<\/div><\/section><\/div><div class=\"flex_column av_one_full  flex_column_div av-zero-column-padding first  avia-builder-el-4  el_after_av_one_full  el_before_av_hr  column-top-margin\" style='border-radius:0px; '><section class=\"av_textblock_section \"  itemscope=\"itemscope\" itemtype=\"https:\/\/schema.org\/BlogPosting\" itemprop=\"blogPost\" ><div class='avia_textblock  '   itemprop=\"text\" ><p style=\"text-align: justify;\">Manuel Ortiz visit\u00f3 a cada una de las familias y les inform\u00f3 que prontamente contar\u00e1n con esta soluci\u00f3n esperada por muchos a\u00f1os.<\/p>\n<p style=\"text-align: justify;\">El Delegado Presidencial Provincial Manuel Ortiz junto a la Encargada del Departamento Social de la DPP Andrea Porti\u00f1o estuvieron varios d\u00edas visitando a cada una de las 24 familias que fueron beneficiadas y que en un par de semanas podr\u00e1n contar con las 24 fosas sanitarias que ya fueron adquiridas por la Delegaci\u00f3n Presidencial con fondos ORASMI, (Fondo de Organizaci\u00f3n Regional de Acci\u00f3n Social del Ministerio del Interior y Seguridad P\u00fablica).<\/p>\n<p style=\"text-align: justify;\">El nexo para poder seleccionar a estas 24 familias en su primera etapa la realiz\u00f3 la Presidenta de la Junta de Vecinos de Repollal Cecilia Levi\u00f1anco, qui\u00e9n se mostr\u00f3 agradecida con la gesti\u00f3n del gobierno del Presidente Sebasti\u00e1n Pi\u00f1era \u201ccontenta de que se est\u00e9 cumpliendo porque aqu\u00ed era muy necesario las fosas sanitarias para nosotros como repollalinos, ayuda econ\u00f3mica tambi\u00e9n porque igual todos no tenemos los recursos para estar comprando y ahora con lo caro que est\u00e1 todo, as\u00ed que todos felices con el apoyo que nos dio la ex gobernaci\u00f3n ahora Delegaci\u00f3n Presidencial\u201d.<\/p>\n<p style=\"text-align: justify;\">La dirigente social destac\u00f3 el trabajo que ha realizado junto a Manuel Ortiz \u201ctodo buen\u00edsimo ya que siempre \u00e9l ha estado con nosotros, feliz porque siempre ha estado preocupado por nosotros y la inquietud que tenemos siempre trata de buscarle algunas soluciones\u201d.<\/p>\n<p style=\"text-align: justify;\">Por su parte el Delegado Presidencial Manuel Ortiz luego de una semana de trabajo en Melinka se\u00f1alaba \u201cestamos terminando la visita a Melinka que tuvo como objetivo llegar con la muy buena noticia de que 24 familias van a recibir las fosas sanitarias que les permitir\u00e1n vivir en mejores condiciones, es un trabajo realizado desde la DPP Ays\u00e9n conjuntamente con ORASMI Nacional quienes nos entregaron los recursos y nos entreg\u00f3 todo lo que significa este aporte tan significativo para nuestra comunidad\u201d.<\/p>\n<\/div><\/section><\/div><div  style='height:50px' class='hr hr-invisible   avia-builder-el-6  el_after_av_one_full  el_before_av_social_share '><span class='hr-inner ' ><span class='hr-inner-style'><\/span><\/span><\/div><\/p>\n<div  class='av-social-sharing-box  avia-builder-el-7  el_after_av_hr  el_before_av_hr  '><div class='av-share-box'><h5 class='av-share-link-description av-no-toc '>Compartir esta noticia<\/h5><ul class='av-share-box-list noLightbox'><li class='av-share-link av-social-link-facebook' ><a target=\"_blank\" aria-label=\"Compartir en Facebook\" href='https:\/\/www.facebook.com\/sharer.php?u=https:\/\/radiorevelacionfm.cl\/?p=11771&#038;t=Un%20total%20de%2024%20familias%20de%20Repollal%20Alto%20y%20Bajo%20recibir%C3%A1n%20fosas%20sanitarias' aria-hidden='false' data-av_icon='\ue8f3' data-av_iconfont='entypo-fontello' title='' data-avia-related-tooltip='Compartir en Facebook' rel=\"noopener\"><span class='avia_hidden_link_text'>Compartir en Facebook<\/span><\/a><\/li><li class='av-share-link av-social-link-twitter' ><a target=\"_blank\" aria-label=\"Compartir en Twitter\" href='https:\/\/twitter.com\/share?text=Un%20total%20de%2024%20familias%20de%20Repollal%20Alto%20y%20Bajo%20recibir%C3%A1n%20fosas%20sanitarias&#038;url=https:\/\/radiorevelacionfm.cl\/?p=11771' aria-hidden='false' data-av_icon='\ue8f1' data-av_iconfont='entypo-fontello' title='' data-avia-related-tooltip='Compartir en Twitter' rel=\"noopener\"><span class='avia_hidden_link_text'>Compartir en Twitter<\/span><\/a><\/li><li class='av-share-link av-social-link-whatsapp' ><a target=\"_blank\" aria-label=\"Compartir en Whatsapp\" href='https:\/\/api.whatsapp.com\/send?text=https:\/\/radiorevelacionfm.cl\/?p=11771' aria-hidden='false' data-av_icon='\uf232' data-av_iconfont='entypo-fontello' title='' data-avia-related-tooltip='Compartir en Whatsapp' rel=\"noopener\"><span class='avia_hidden_link_text'>Compartir en Whatsapp<\/span><\/a><\/li><li class='av-share-link av-social-link-linkedin' ><a target=\"_blank\" aria-label=\"Compartir en LinkedIn\" href='https:\/\/linkedin.com\/shareArticle?mini=true&#038;title=Un%20total%20de%2024%20familias%20de%20Repollal%20Alto%20y%20Bajo%20recibir%C3%A1n%20fosas%20sanitarias&#038;url=https:\/\/radiorevelacionfm.cl\/?p=11771' aria-hidden='false' data-av_icon='\ue8fc' data-av_iconfont='entypo-fontello' title='' data-avia-related-tooltip='Compartir en LinkedIn' rel=\"noopener\"><span class='avia_hidden_link_text'>Compartir en LinkedIn<\/span><\/a><\/li><li class='av-share-link av-social-link-mail' ><a  aria-label=\"Compartir por correo\" href='mailto:?subject=Un%20total%20de%2024%20familias%20de%20Repollal%20Alto%20y%20Bajo%20recibir%C3%A1n%20fosas%20sanitarias&#038;body=https:\/\/radiorevelacionfm.cl\/?p=11771' aria-hidden='false' data-av_icon='\ue805' data-av_iconfont='entypo-fontello' title='' data-avia-related-tooltip='Compartir por correo'><span class='avia_hidden_link_text'>Compartir por correo<\/span><\/a><\/li><\/ul><\/div><\/div>\n<div  style='height:50px' class='hr hr-invisible   avia-builder-el-8  el_after_av_social_share  el_before_av_comments_list '><span class='hr-inner ' ><span class='hr-inner-style'><\/span><\/span><\/div>\n<div  class='av-buildercomment  av-blog-meta-html-info-disabled av-blog-meta-tag-disabled  '><\/div>\n","protected":false},"excerpt":{"rendered":"","protected":false},"author":1,"featured_media":11772,"comment_status":"open","ping_status":"open","sticky":false,"template":"","format":"standard","meta":{"footnotes":""},"categories":[38],"tags":[],"class_list":["post-11771","post","type-post","status-publish","format-standard","has-post-thumbnail","hentry","category-regional"],"jetpack_featured_media_url":"https:\/\/radiorevelacionfm.cl\/wp-content\/uploads\/2021\/12\/2-2-2.jpg","_links":{"self":[{"href":"https:\/\/radiorevelacionfm.cl\/index.php?rest_route=\/wp\/v2\/posts\/11771","targetHints":{"allow":["GET"]}}],"collection":[{"href":"https:\/\/radiorevelacionfm.cl\/index.php?rest_route=\/wp\/v2\/posts"}],"about":[{"href":"https:\/\/radiorevelacionfm.cl\/index.php?rest_route=\/wp\/v2\/types\/post"}],"author":[{"embeddable":true,"href":"https:\/\/radiorevelacionfm.cl\/index.php?rest_route=\/wp\/v2\/users\/1"}],"replies":[{"embeddable":true,"href":"https:\/\/radiorevelacionfm.cl\/index.php?rest_route=%2Fwp%2Fv2%2Fcomments&post=11771"}],"version-history":[{"count":2,"href":"https:\/\/radiorevelacionfm.cl\/index.php?rest_route=\/wp\/v2\/posts\/11771\/revisions"}],"predecessor-version":[{"id":11774,"href":"https:\/\/radiorevelacionfm.cl\/index.php?rest_route=\/wp\/v2\/posts\/11771\/revisions\/11774"}],"wp:featuredmedia":[{"embeddable":true,"href":"https:\/\/radiorevelacionfm.cl\/index.php?rest_route=\/wp\/v2\/media\/11772"}],"wp:attachment":[{"href":"https:\/\/radiorevelacionfm.cl\/index.php?rest_route=%2Fwp%2Fv2%2Fmedia&parent=11771"}],"wp:term":[{"taxonomy":"category","embeddable":true,"href":"https:\/\/radiorevelacionfm.cl\/index.php?rest_route=%2Fwp%2Fv2%2Fcategories&post=11771"},{"taxonomy":"post_tag","embeddable":true,"href":"https:\/\/radiorevelacionfm.cl\/index.php?rest_route=%2Fwp%2Fv2%2Ftags&post=11771"}],"curies":[{"name":"wp","href":"https:\/\/api.w.org\/{rel}","templated":true}]}}