{"id":11766,"date":"2021-12-12T18:34:29","date_gmt":"2021-12-12T21:34:29","guid":{"rendered":"https:\/\/radiorevelacionfm.cl\/?p=11766"},"modified":"2021-12-12T18:40:50","modified_gmt":"2021-12-12T21:40:50","slug":"mineduc-realiza-positivo-balance-tras-la-rendicion-de-la-prueba-de-transicion","status":"publish","type":"post","link":"https:\/\/radiorevelacionfm.cl\/?p=11766","title":{"rendered":"Mineduc realiza positivo balance tras la rendici\u00f3n de la Prueba de Transici\u00f3n"},"content":{"rendered":"<div class=\"flex_column av_one_full  flex_column_div av-zero-column-padding first  avia-builder-el-0  el_before_av_one_full  avia-builder-el-first  \" style='border-radius:0px; '><div  class='avia-image-container  av-styling-    avia-builder-el-1  avia-builder-el-no-sibling  avia-align-center '  itemprop=\"image\" itemscope=\"itemscope\" itemtype=\"https:\/\/schema.org\/ImageObject\"  ><div class='avia-image-container-inner'><div class='avia-image-overlay-wrap'><img decoding=\"async\" class='wp-image-11769 avia-img-lazy-loading-not-11769 avia_image' src=\"https:\/\/radiorevelacionfm.cl\/wp-content\/uploads\/2021\/12\/rendicion-pdt-2-2.jpg\" alt='' title='rendici\u00f3n pdt-2-2' height=\"600\" width=\"902\"  itemprop=\"thumbnailUrl\" srcset=\"https:\/\/radiorevelacionfm.cl\/wp-content\/uploads\/2021\/12\/rendicion-pdt-2-2.jpg 902w, https:\/\/radiorevelacionfm.cl\/wp-content\/uploads\/2021\/12\/rendicion-pdt-2-2-300x200.jpg 300w, https:\/\/radiorevelacionfm.cl\/wp-content\/uploads\/2021\/12\/rendicion-pdt-2-2-768x511.jpg 768w, https:\/\/radiorevelacionfm.cl\/wp-content\/uploads\/2021\/12\/rendicion-pdt-2-2-705x469.jpg 705w, https:\/\/radiorevelacionfm.cl\/wp-content\/uploads\/2021\/12\/rendicion-pdt-2-2-600x399.jpg 600w\" sizes=\"(max-width: 902px) 100vw, 902px\" \/><\/div><\/div><\/div><\/div><div class=\"flex_column av_one_full  flex_column_div av-zero-column-padding first  avia-builder-el-2  el_after_av_one_full  el_before_av_one_full  column-top-margin\" style='border-radius:0px; '><section class=\"av_textblock_section \"  itemscope=\"itemscope\" itemtype=\"https:\/\/schema.org\/BlogPosting\" itemprop=\"blogPost\" ><div class='avia_textblock  '   itemprop=\"text\" ><p style=\"text-align: center;\"><span style=\"font-size: 18pt;\"><b>Mineduc realiza positivo balance tras la rendici\u00f3n de la Prueba de Transici\u00f3n<\/b><\/span><\/p>\n<div id=\"gtx-trans\" style=\"position: absolute; left: -50px; top: 4.31534px;\">\n<div class=\"gtx-trans-icon\"><\/div>\n<\/div>\n<\/div><\/section><\/div><div class=\"flex_column av_one_full  flex_column_div av-zero-column-padding first  avia-builder-el-4  el_after_av_one_full  el_before_av_hr  column-top-margin\" style='border-radius:0px; '><section class=\"av_textblock_section \"  itemscope=\"itemscope\" itemtype=\"https:\/\/schema.org\/BlogPosting\" itemprop=\"blogPost\" ><div class='avia_textblock  '   itemprop=\"text\" ><p class=\"v1MsoNormal\" style=\"text-align: justify;\">Tras la rendici\u00f3n de la prueba de Historia y Ciencias Sociales este viernes, el Ministerio de Educaci\u00f3n y el DEMRE de la Universidad de Chile entregaron un positivo balance de la segunda versi\u00f3n de la Prueba de Transici\u00f3n, para la que se inscribieron m\u00e1s de 275 mil postulantes, los que fueron separados en dos grupos con el fin de garantizar su seguridad sanitaria.<\/p>\n<p class=\"v1MsoNormal\" style=\"text-align: justify;\">\u00abCon gran satisfacci\u00f3n podemos afirmar que este complejo proceso se llev\u00f3 a cabo en completa normalidad, durante cuatro d\u00edas, en los cerca de 700 locales de rendici\u00f3n a lo largo de todo el pa\u00eds, con una asistencia preliminar similar a la del proceso anterior\u00bb, afirm\u00f3 el subsecretario de Educaci\u00f3n Superior, Juan Eduardo Vargas, quien destac\u00f3 el comportamiento de los postulantes, \u00abpues en todo momento estuvieron preocupados de seguir al pie de la letra las recomendaciones del protocolo sanitario dispuesto para esta ocasi\u00f3n\u00bb.<\/p>\n<p class=\"v1MsoNormal\" style=\"text-align: justify;\">El desarrollo de esta prueba se realiz\u00f3 en coordinaci\u00f3n con el Ministerio de Salud, la Subsecretar\u00eda del Interior, Carabineros de Chile y el Departamento de Evaluaci\u00f3n, Medici\u00f3n y Registro Educacional (DEMRE), e incluy\u00f3 un despliegue nacional de m\u00e1s de 30 mil colaboradores. En esta oportunidad, m\u00e1s de 4 mil postulantes en situaci\u00f3n de discapacidad o con necesidades educativas especiales tuvieron la posibilidad de rendir las pruebas con ajustes y adecuaciones, as\u00ed como tambi\u00e9n, m\u00e1s de 2 mil postulantes rindieron las pruebas en el SENAME y en centros penitenciarios.<\/p>\n<p class=\"v1MsoNormal\" style=\"text-align: justify;\">\u00abCon la aplicaci\u00f3n de esta prueba, seguimos avanzando en el proceso de cambios que impulsamos para construir un sistema de acceso m\u00e1s justo y equitativo, pues esta prueba incluy\u00f3 un 50% de preguntas del nuevo tipo, con un lenguaje m\u00e1s cercano y situaciones m\u00e1s cotidianas, cuyo objetivo es medir aquellas competencias necesarias para un buen desempe\u00f1o en la educaci\u00f3n superior. Durante el \u00faltimo proceso, de hecho, la inclusi\u00f3n de estas preguntas y otros cambios realizados, aportaron a la reducci\u00f3n de las brechas entre los colegios p\u00fablicos y privados, y entre t\u00e9cnico-profesionales y cient\u00edfico-humanistas\u00bb, se\u00f1al\u00f3 el subsecretario Vargas.<\/p>\n<p class=\"v1MsoNormal\" style=\"text-align: justify;\">Leonor Varas, directora del DEMRE, resalt\u00f3 tambi\u00e9n el hecho de que este a\u00f1o se incorporaran cuatro nuevas sedes de rendici\u00f3n: Quintero (regi\u00f3n de Valpara\u00edso), Tir\u00faa (La Araucan\u00eda), Los Lagos (Los R\u00edos) y Villa O&#8217;Higgins (Ays\u00e9n). \u00abIr a Villa O&#8217;Higgins por seis postulantes inscritos es un esfuerzo log\u00edstico que vale la pena cuando hablamos de construir un sistema m\u00e1s justo, equitativo y adecuado al Chile actual. Esperamos avanzar a\u00fan m\u00e1s en ello con medidas como \u00e9sta, pero tambi\u00e9n con los cambios a las pruebas que, creemos, van en una direcci\u00f3n de claro progreso\u00bb.<\/p>\n<p class=\"v1MsoNormal\" style=\"text-align: justify;\">Cabe recordar que desde que la Subsecretar\u00eda de Educaci\u00f3n Superior se hizo cargo del proceso de admisi\u00f3n a las universidades, numerosos han sido los cambios realizados, dentro de los que destaca el reemplazo de la PSU por la Prueba de Transici\u00f3n; la disminuci\u00f3n del requisito de ponderaci\u00f3n m\u00ednima obligatoria de la prueba a un 30%; la habilitaci\u00f3n del 10% de mejor rendimiento acad\u00e9mico de su establecimiento para poder postular a las universidades, independientemente del puntaje obtenido en la prueba, y el aumento del porcentaje permitido para otras v\u00edas de admisi\u00f3n, que no exigen necesariamente la obtenci\u00f3n de determinados puntajes, entre otras medidas.<\/p>\n<p class=\"v1MsoNormal\" style=\"text-align: justify;\">A estos cambios se suma la nueva aplicaci\u00f3n de invierno que viene a bajar la presi\u00f3n sobre los egresados de cuarto medio pues, tal como indica el subsecretario, \u00absi por alg\u00fan motivo no obtienen el resultado esperado en esta Prueba de Transici\u00f3n, tendr\u00e1n la posibilidad de mejorarlos en la nueva PDT de invierno, que se rendir\u00e1 la primera semana de julio de 2022, y que les permitir\u00e1, por primera vez, la posibilidad de inscribir y rendir la o las pruebas de su inter\u00e9s\u00bb.<\/p>\n<p class=\"v1MsoNormal\" style=\"text-align: justify;\"><b>Pr\u00f3ximas fechas admisi\u00f3n universidades adscritas al Sistema de Acceso.<\/b><\/p>\n<p class=\"v1MsoNormal\" style=\"text-align: justify;\"><b>11 enero<\/b>\u00a0\u00a0\u00a0\u00a0\u00a0\u00a0\u00a0\u00a0\u00a0\u00a0\u00a0\u00a0\u00a0\u00a0\u00a0 Publicaci\u00f3n resultados Prueba de Transici\u00f3n.<\/p>\n<p class=\"v1MsoNormal\" style=\"text-align: justify;\"><b>11 al 14 enero<\/b>\u00a0\u00a0\u00a0\u00a0\u00a0\u00a0\u00a0 Proceso de postulaci\u00f3n centralizada a las universidades.<\/p>\n<p class=\"v1MsoNormal\" style=\"text-align: justify;\"><b>24 enero<\/b> \u00a0\u00a0\u00a0\u00a0\u00a0\u00a0\u00a0\u00a0\u00a0\u00a0\u00a0\u00a0\u00a0\u00a0 Publicaci\u00f3n resultados de postulaci\u00f3n centralizada a las universidades.<\/p>\n<p class=\"v1MsoNormal\" style=\"text-align: justify;\"><b>25 al 27 enero<\/b>\u00a0\u00a0\u00a0\u00a0\u00a0\u00a0\u00a0 Primer periodo de matr\u00edcula a las universidades adscritas al Sistema de Acceso.<\/p>\n<p class=\"v1MsoNormal\" style=\"text-align: justify;\"><b>28 enero al 3 febrero<\/b>\u00a0\u00a0\u00a0\u00a0\u00a0\u00a0 Segundo periodo de matr\u00edcula a las universidades adscritas al Sistema de Acceso<\/p>\n<p class=\"v1MsoNormal\" style=\"text-align: justify;\">Quienes tengan dudas, pueden encontrar m\u00e1s informaci\u00f3n en <a href=\"http:\/\/acceso.mineduc.cl\/\" target=\"_blank\" rel=\"noopener noreferrer\">acceso.mineduc.cl<\/a>. Tambi\u00e9n pueden comunicarse con Ayuda Mineduc, al 600 600 26 26 (desde celulares, al 224066600) o a la Mesa de Ayuda DEMRE, al 22 9783806.<\/p>\n<\/div><\/section><\/div><div  style='height:50px' class='hr hr-invisible   avia-builder-el-6  el_after_av_one_full  el_before_av_social_share '><span class='hr-inner ' ><span class='hr-inner-style'><\/span><\/span><\/div><\/p>\n<div  class='av-social-sharing-box  avia-builder-el-7  el_after_av_hr  el_before_av_hr  '><div class='av-share-box'><h5 class='av-share-link-description av-no-toc '>Compartir esta noticia<\/h5><ul class='av-share-box-list noLightbox'><li class='av-share-link av-social-link-facebook' ><a target=\"_blank\" aria-label=\"Compartir en Facebook\" href='https:\/\/www.facebook.com\/sharer.php?u=https:\/\/radiorevelacionfm.cl\/?p=11766&#038;t=Mineduc%20realiza%20positivo%20balance%20tras%20la%20rendici%C3%B3n%20de%20la%20Prueba%20de%20Transici%C3%B3n' aria-hidden='false' data-av_icon='\ue8f3' data-av_iconfont='entypo-fontello' title='' data-avia-related-tooltip='Compartir en Facebook' rel=\"noopener\"><span class='avia_hidden_link_text'>Compartir en Facebook<\/span><\/a><\/li><li class='av-share-link av-social-link-twitter' ><a target=\"_blank\" aria-label=\"Compartir en Twitter\" href='https:\/\/twitter.com\/share?text=Mineduc%20realiza%20positivo%20balance%20tras%20la%20rendici%C3%B3n%20de%20la%20Prueba%20de%20Transici%C3%B3n&#038;url=https:\/\/radiorevelacionfm.cl\/?p=11766' aria-hidden='false' data-av_icon='\ue8f1' data-av_iconfont='entypo-fontello' title='' data-avia-related-tooltip='Compartir en Twitter' rel=\"noopener\"><span class='avia_hidden_link_text'>Compartir en Twitter<\/span><\/a><\/li><li class='av-share-link av-social-link-whatsapp' ><a target=\"_blank\" aria-label=\"Compartir en Whatsapp\" href='https:\/\/api.whatsapp.com\/send?text=https:\/\/radiorevelacionfm.cl\/?p=11766' aria-hidden='false' data-av_icon='\uf232' data-av_iconfont='entypo-fontello' title='' data-avia-related-tooltip='Compartir en Whatsapp' rel=\"noopener\"><span class='avia_hidden_link_text'>Compartir en Whatsapp<\/span><\/a><\/li><li class='av-share-link av-social-link-linkedin' ><a target=\"_blank\" aria-label=\"Compartir en LinkedIn\" href='https:\/\/linkedin.com\/shareArticle?mini=true&#038;title=Mineduc%20realiza%20positivo%20balance%20tras%20la%20rendici%C3%B3n%20de%20la%20Prueba%20de%20Transici%C3%B3n&#038;url=https:\/\/radiorevelacionfm.cl\/?p=11766' aria-hidden='false' data-av_icon='\ue8fc' data-av_iconfont='entypo-fontello' title='' data-avia-related-tooltip='Compartir en LinkedIn' rel=\"noopener\"><span class='avia_hidden_link_text'>Compartir en LinkedIn<\/span><\/a><\/li><li class='av-share-link av-social-link-mail' ><a  aria-label=\"Compartir por correo\" href='mailto:?subject=Mineduc%20realiza%20positivo%20balance%20tras%20la%20rendici%C3%B3n%20de%20la%20Prueba%20de%20Transici%C3%B3n&#038;body=https:\/\/radiorevelacionfm.cl\/?p=11766' aria-hidden='false' data-av_icon='\ue805' data-av_iconfont='entypo-fontello' title='' data-avia-related-tooltip='Compartir por correo'><span class='avia_hidden_link_text'>Compartir por correo<\/span><\/a><\/li><\/ul><\/div><\/div>\n<div  style='height:50px' class='hr hr-invisible   avia-builder-el-8  el_after_av_social_share  el_before_av_comments_list '><span class='hr-inner ' ><span class='hr-inner-style'><\/span><\/span><\/div>\n<div  class='av-buildercomment  av-blog-meta-html-info-disabled av-blog-meta-tag-disabled  '><\/div>\n","protected":false},"excerpt":{"rendered":"","protected":false},"author":1,"featured_media":11769,"comment_status":"open","ping_status":"open","sticky":false,"template":"","format":"standard","meta":{"footnotes":""},"categories":[1],"tags":[],"class_list":["post-11766","post","type-post","status-publish","format-standard","has-post-thumbnail","hentry","category-sin-categoria"],"jetpack_featured_media_url":"https:\/\/radiorevelacionfm.cl\/wp-content\/uploads\/2021\/12\/rendicion-pdt-2-2.jpg","_links":{"self":[{"href":"https:\/\/radiorevelacionfm.cl\/index.php?rest_route=\/wp\/v2\/posts\/11766","targetHints":{"allow":["GET"]}}],"collection":[{"href":"https:\/\/radiorevelacionfm.cl\/index.php?rest_route=\/wp\/v2\/posts"}],"about":[{"href":"https:\/\/radiorevelacionfm.cl\/index.php?rest_route=\/wp\/v2\/types\/post"}],"author":[{"embeddable":true,"href":"https:\/\/radiorevelacionfm.cl\/index.php?rest_route=\/wp\/v2\/users\/1"}],"replies":[{"embeddable":true,"href":"https:\/\/radiorevelacionfm.cl\/index.php?rest_route=%2Fwp%2Fv2%2Fcomments&post=11766"}],"version-history":[{"count":3,"href":"https:\/\/radiorevelacionfm.cl\/index.php?rest_route=\/wp\/v2\/posts\/11766\/revisions"}],"predecessor-version":[{"id":11768,"href":"https:\/\/radiorevelacionfm.cl\/index.php?rest_route=\/wp\/v2\/posts\/11766\/revisions\/11768"}],"wp:featuredmedia":[{"embeddable":true,"href":"https:\/\/radiorevelacionfm.cl\/index.php?rest_route=\/wp\/v2\/media\/11769"}],"wp:attachment":[{"href":"https:\/\/radiorevelacionfm.cl\/index.php?rest_route=%2Fwp%2Fv2%2Fmedia&parent=11766"}],"wp:term":[{"taxonomy":"category","embeddable":true,"href":"https:\/\/radiorevelacionfm.cl\/index.php?rest_route=%2Fwp%2Fv2%2Fcategories&post=11766"},{"taxonomy":"post_tag","embeddable":true,"href":"https:\/\/radiorevelacionfm.cl\/index.php?rest_route=%2Fwp%2Fv2%2Ftags&post=11766"}],"curies":[{"name":"wp","href":"https:\/\/api.w.org\/{rel}","templated":true}]}}