{"id":11762,"date":"2021-12-12T16:49:22","date_gmt":"2021-12-12T19:49:22","guid":{"rendered":"https:\/\/radiorevelacionfm.cl\/?p=11762"},"modified":"2021-12-12T16:49:22","modified_gmt":"2021-12-12T19:49:22","slug":"inauguran-el-90-de-las-calles-de-puyuhuapi-que-fueron-adocretadas","status":"publish","type":"post","link":"https:\/\/radiorevelacionfm.cl\/?p=11762","title":{"rendered":"Inauguran el 90% de las calles de Puyuhuapi que fueron adocretadas"},"content":{"rendered":"<div class=\"flex_column av_one_full  flex_column_div av-zero-column-padding first  avia-builder-el-0  el_before_av_one_full  avia-builder-el-first  \" style='border-radius:0px; '><div  class='avia-image-container  av-styling-    avia-builder-el-1  avia-builder-el-no-sibling  avia-align-center '  itemprop=\"image\" itemscope=\"itemscope\" itemtype=\"https:\/\/schema.org\/ImageObject\"  ><div class='avia-image-container-inner'><div class='avia-image-overlay-wrap'><img decoding=\"async\" class='wp-image-11763 avia-img-lazy-loading-not-11763 avia_image' src=\"https:\/\/radiorevelacionfm.cl\/wp-content\/uploads\/2021\/12\/INAUGURACION-CALLES-1-2-2.jpeg\" alt='' title='INAUGURACION CALLES 1-2-2' height=\"600\" width=\"1248\"  itemprop=\"thumbnailUrl\" srcset=\"https:\/\/radiorevelacionfm.cl\/wp-content\/uploads\/2021\/12\/INAUGURACION-CALLES-1-2-2.jpeg 1248w, https:\/\/radiorevelacionfm.cl\/wp-content\/uploads\/2021\/12\/INAUGURACION-CALLES-1-2-2-300x144.jpeg 300w, https:\/\/radiorevelacionfm.cl\/wp-content\/uploads\/2021\/12\/INAUGURACION-CALLES-1-2-2-1030x495.jpeg 1030w, https:\/\/radiorevelacionfm.cl\/wp-content\/uploads\/2021\/12\/INAUGURACION-CALLES-1-2-2-768x369.jpeg 768w, https:\/\/radiorevelacionfm.cl\/wp-content\/uploads\/2021\/12\/INAUGURACION-CALLES-1-2-2-705x339.jpeg 705w, https:\/\/radiorevelacionfm.cl\/wp-content\/uploads\/2021\/12\/INAUGURACION-CALLES-1-2-2-600x288.jpeg 600w\" sizes=\"(max-width: 1248px) 100vw, 1248px\" \/><\/div><\/div><\/div><\/div><div class=\"flex_column av_one_full  flex_column_div av-zero-column-padding first  avia-builder-el-2  el_after_av_one_full  el_before_av_one_full  column-top-margin\" style='border-radius:0px; '><section class=\"av_textblock_section \"  itemscope=\"itemscope\" itemtype=\"https:\/\/schema.org\/BlogPosting\" itemprop=\"blogPost\" ><div class='avia_textblock  '   itemprop=\"text\" ><p style=\"text-align: center;\"><strong><span style=\"font-size: 18pt;\">Inauguran el 90% de las calles de Puyuhuapi que fueron adocretadas<\/span><\/strong><\/p>\n<div id=\"gtx-trans\" style=\"position: absolute; left: -50px; top: 4.31534px;\">\n<div class=\"gtx-trans-icon\"><\/div>\n<\/div>\n<\/div><\/section><\/div><div class=\"flex_column av_one_full  flex_column_div av-zero-column-padding first  avia-builder-el-4  el_after_av_one_full  el_before_av_hr  column-top-margin\" style='border-radius:0px; '><section class=\"av_textblock_section \"  itemscope=\"itemscope\" itemtype=\"https:\/\/schema.org\/BlogPosting\" itemprop=\"blogPost\" ><div class='avia_textblock  '   itemprop=\"text\" ><p style=\"text-align: justify;\">Fueron muchos a\u00f1os de ripio y barro, las mujeres \u201cmuy contentas, podemos lucir nuestros calzados con m\u00e1s taquitos, antes era casi imposible, ahora, tenemos veredas dignas\u201d, destac\u00f3 la presidenta de la junta de vecinos de Puyuhuapi, Paola Rodr\u00edguez.<\/p>\n<p style=\"text-align: justify;\">El Seremi de Vivienda y Urbanismo Diego Silva, el Alcalde de la comuna de Cisnes Francisco Roncagliolo, los Concejales Larry Letcher, Cristian Jaramilllo y Almendra Silva, la presidenta de la junta de vecinos de Puyuhuapi Paola Rodr\u00edguez, vecinos y vecinas dieron por inauguradas el 90% de las calles de esta localidad que fueron adocretadas.<\/p>\n<p style=\"text-align: justify;\">Esto se logr\u00f3 mediante un proyecto presentado por la Municipalidad al MINVU, iniciativa trabajada en conjunto y que permiti\u00f3 invertir casi 1.500 millones de pesos. Pero m\u00e1s all\u00e1 del monto, este es un cambio radical para la ciudadan\u00eda y se suma a una serie de proyectos en las distintas localidades.<\/p>\n<p style=\"text-align: justify;\">\u201cEn lo personal estoy muy contento, el otro d\u00eda estuvimos aqu\u00ed en la inauguraci\u00f3n del pavimento en la ruta 7, hoy estamos aqu\u00ed en la pavimentaci\u00f3n de Puyuhuapi. La alegr\u00eda, es porque hemos unido voluntades, hemos podido trabajar en conjunto con el Ministerio de Vivienda y Urbanismo, con los equipos t\u00e9cnicos, con todas las autoridades correspondientes y logramos pavimentar el 90% de lo que es Puyuhuapi. Esto no deja la vara bastante alta y con las ganas de seguir trabajando, tenemos ahora el desaf\u00edo de la poblaci\u00f3n Puyuhuapi Joven, que ya estamos avanzando y trabajando con el Ministerio de Vivienda y Urbanismo. Terminamos lo que es Ra\u00fal Mar\u00edn Balmaceda, ahora se est\u00e1n haciendo pavimentos en Puerto Cisnes, tenemos otros pavimentos m\u00e1s que vienen para aprobaci\u00f3n prontamente, estamos con la plaza y la costanera de Puyuhuapi, con un sin n\u00famero actividades y de proyectos que obviamente van de la mano con la necesidad de desarrollo que tiene nuestra comuna de Cisnes\u201d, manifest\u00f3 el Alcalde Francisco Roncagliolo.<\/p>\n<p style=\"text-align: justify;\">Por su parte, el Seremi de Vivienda y Urbanismo de la regi\u00f3n de Ays\u00e9n, Diego Silva, indic\u00f3 que estas obras son, sin lugar a dudas, \u201cuna gran recuperaci\u00f3n social\u201d.<\/p>\n<p style=\"text-align: justify;\">\u201cEstamos trabajando fuertemente no solo en materias de vivienda sino que tambi\u00e9n en lo que es ciudad, localidad y a eso me refiero con el gran paso que estamos dando ac\u00e1. Una deuda que estaba hace ya bastantes a\u00f1os con los vecinos, esto no viene de hoy d\u00eda, lo dec\u00eda el Alcalde, aqu\u00ed son a\u00f1os de espera, a\u00f1os donde en el verano era el polvo y en invierno el barro. As\u00ed es que, estamos muy contentos por esta gran inversi\u00f3n, son casi 1.500 millones de pesos, pero m\u00e1s all\u00e1 de la inversi\u00f3n, el plan de recuperaci\u00f3n econ\u00f3mica que estamos levantando como Gobierno, aqu\u00ed hay una fuerte recuperaci\u00f3n social, porque la inversi\u00f3n se traduce en mejor calidad de vida con estas pavimentaciones\u201d.<\/p>\n<p style=\"text-align: justify;\">La presidenta de la junta de vecinos de Puyuhuapi, Paola Rodr\u00edguez, valor\u00f3 la iniciativa generada entre la Municipalidad de Cisnes y el MINVU, que permite entre otras cosas contar con veredas dignas para la comunidad y quienes visitan esta tur\u00edstica localidad.<\/p>\n<p style=\"text-align: justify;\">\u201cTienen un plus diferente, tienen sus veredas con un tema de inclusi\u00f3n para nuestros adultos mayores, para nuestra gente que tambi\u00e9n sufre de discapacidad, lo que hace una mirada mucho m\u00e1s abierta a Puyuhuapi, al mundo, para recibir a nuestros turistas. De verdad que nos sentimos muy satisfechos, porque esto no es f\u00e1cil y hoy nos sentimos muy contentos por este gran trabajo que realizaron en conjunto nuestras autoridades. Satisfechos, contentos, agradecidos infinitamente de todo lo que se ha hecho y felicitar a las mujeres, nos sentimos contentas porque podemos lucir nuestro calzado con m\u00e1s taquito, antes era casi imposible con el tema del ripio, con las piedras, los hoyos y ahora tenemos veredas dignas, entonces, esto genera un bienestar, calidad de vida\u201d.<\/p>\n<p style=\"text-align: justify;\">El proyecto denominado \u201cpavimentaci\u00f3n calzada de adrocretos diversas calles, Puerto Puyuhuapi\u201d, consider\u00f3 una inversi\u00f3n de $1.459.152.784.<\/p>\n<\/div><\/section><\/div><div  style='height:50px' class='hr hr-invisible   avia-builder-el-6  el_after_av_one_full  el_before_av_social_share '><span class='hr-inner ' ><span class='hr-inner-style'><\/span><\/span><\/div><\/p>\n<div  class='av-social-sharing-box  avia-builder-el-7  el_after_av_hr  el_before_av_hr  '><div class='av-share-box'><h5 class='av-share-link-description av-no-toc '>Compartir esta noticia<\/h5><ul class='av-share-box-list noLightbox'><li class='av-share-link av-social-link-facebook' ><a target=\"_blank\" aria-label=\"Compartir en Facebook\" href='https:\/\/www.facebook.com\/sharer.php?u=https:\/\/radiorevelacionfm.cl\/?p=11762&#038;t=Inauguran%20el%2090%25%20de%20las%20calles%20de%20Puyuhuapi%20que%20fueron%20adocretadas' aria-hidden='false' data-av_icon='\ue8f3' data-av_iconfont='entypo-fontello' title='' data-avia-related-tooltip='Compartir en Facebook' rel=\"noopener\"><span class='avia_hidden_link_text'>Compartir en Facebook<\/span><\/a><\/li><li class='av-share-link av-social-link-twitter' ><a target=\"_blank\" aria-label=\"Compartir en Twitter\" href='https:\/\/twitter.com\/share?text=Inauguran%20el%2090%25%20de%20las%20calles%20de%20Puyuhuapi%20que%20fueron%20adocretadas&#038;url=https:\/\/radiorevelacionfm.cl\/?p=11762' aria-hidden='false' data-av_icon='\ue8f1' data-av_iconfont='entypo-fontello' title='' data-avia-related-tooltip='Compartir en Twitter' rel=\"noopener\"><span class='avia_hidden_link_text'>Compartir en Twitter<\/span><\/a><\/li><li class='av-share-link av-social-link-whatsapp' ><a target=\"_blank\" aria-label=\"Compartir en Whatsapp\" href='https:\/\/api.whatsapp.com\/send?text=https:\/\/radiorevelacionfm.cl\/?p=11762' aria-hidden='false' data-av_icon='\uf232' data-av_iconfont='entypo-fontello' title='' data-avia-related-tooltip='Compartir en Whatsapp' rel=\"noopener\"><span class='avia_hidden_link_text'>Compartir en Whatsapp<\/span><\/a><\/li><li class='av-share-link av-social-link-linkedin' ><a target=\"_blank\" aria-label=\"Compartir en LinkedIn\" href='https:\/\/linkedin.com\/shareArticle?mini=true&#038;title=Inauguran%20el%2090%25%20de%20las%20calles%20de%20Puyuhuapi%20que%20fueron%20adocretadas&#038;url=https:\/\/radiorevelacionfm.cl\/?p=11762' aria-hidden='false' data-av_icon='\ue8fc' data-av_iconfont='entypo-fontello' title='' data-avia-related-tooltip='Compartir en LinkedIn' rel=\"noopener\"><span class='avia_hidden_link_text'>Compartir en LinkedIn<\/span><\/a><\/li><li class='av-share-link av-social-link-mail' ><a  aria-label=\"Compartir por correo\" href='mailto:?subject=Inauguran%20el%2090%25%20de%20las%20calles%20de%20Puyuhuapi%20que%20fueron%20adocretadas&#038;body=https:\/\/radiorevelacionfm.cl\/?p=11762' aria-hidden='false' data-av_icon='\ue805' data-av_iconfont='entypo-fontello' title='' data-avia-related-tooltip='Compartir por correo'><span class='avia_hidden_link_text'>Compartir por correo<\/span><\/a><\/li><\/ul><\/div><\/div>\n<div  style='height:50px' class='hr hr-invisible   avia-builder-el-8  el_after_av_social_share  el_before_av_comments_list '><span class='hr-inner ' ><span class='hr-inner-style'><\/span><\/span><\/div>\n<div  class='av-buildercomment  av-blog-meta-html-info-disabled av-blog-meta-tag-disabled  '><\/div>\n","protected":false},"excerpt":{"rendered":"","protected":false},"author":1,"featured_media":11763,"comment_status":"open","ping_status":"open","sticky":false,"template":"","format":"standard","meta":{"footnotes":""},"categories":[38],"tags":[],"class_list":["post-11762","post","type-post","status-publish","format-standard","has-post-thumbnail","hentry","category-regional"],"jetpack_featured_media_url":"https:\/\/radiorevelacionfm.cl\/wp-content\/uploads\/2021\/12\/INAUGURACION-CALLES-1-2-2.jpeg","_links":{"self":[{"href":"https:\/\/radiorevelacionfm.cl\/index.php?rest_route=\/wp\/v2\/posts\/11762","targetHints":{"allow":["GET"]}}],"collection":[{"href":"https:\/\/radiorevelacionfm.cl\/index.php?rest_route=\/wp\/v2\/posts"}],"about":[{"href":"https:\/\/radiorevelacionfm.cl\/index.php?rest_route=\/wp\/v2\/types\/post"}],"author":[{"embeddable":true,"href":"https:\/\/radiorevelacionfm.cl\/index.php?rest_route=\/wp\/v2\/users\/1"}],"replies":[{"embeddable":true,"href":"https:\/\/radiorevelacionfm.cl\/index.php?rest_route=%2Fwp%2Fv2%2Fcomments&post=11762"}],"version-history":[{"count":2,"href":"https:\/\/radiorevelacionfm.cl\/index.php?rest_route=\/wp\/v2\/posts\/11762\/revisions"}],"predecessor-version":[{"id":11765,"href":"https:\/\/radiorevelacionfm.cl\/index.php?rest_route=\/wp\/v2\/posts\/11762\/revisions\/11765"}],"wp:featuredmedia":[{"embeddable":true,"href":"https:\/\/radiorevelacionfm.cl\/index.php?rest_route=\/wp\/v2\/media\/11763"}],"wp:attachment":[{"href":"https:\/\/radiorevelacionfm.cl\/index.php?rest_route=%2Fwp%2Fv2%2Fmedia&parent=11762"}],"wp:term":[{"taxonomy":"category","embeddable":true,"href":"https:\/\/radiorevelacionfm.cl\/index.php?rest_route=%2Fwp%2Fv2%2Fcategories&post=11762"},{"taxonomy":"post_tag","embeddable":true,"href":"https:\/\/radiorevelacionfm.cl\/index.php?rest_route=%2Fwp%2Fv2%2Ftags&post=11762"}],"curies":[{"name":"wp","href":"https:\/\/api.w.org\/{rel}","templated":true}]}}