{"id":11758,"date":"2021-12-12T13:52:41","date_gmt":"2021-12-12T16:52:41","guid":{"rendered":"https:\/\/radiorevelacionfm.cl\/?p=11758"},"modified":"2021-12-12T13:52:41","modified_gmt":"2021-12-12T16:52:41","slug":"subsecretaria-honorato-presenta-plan-en-familia-construyamos-mejores-comienzos-y-destaca-avances-del-nivel-en-aysen","status":"publish","type":"post","link":"https:\/\/radiorevelacionfm.cl\/?p=11758","title":{"rendered":"Subsecretaria Honorato presenta Plan en Familia Construyamos Mejores Comienzos y destaca avances del nivel en Ays\u00e9n"},"content":{"rendered":"<div class=\"flex_column av_one_full  flex_column_div av-zero-column-padding first  avia-builder-el-0  el_before_av_one_full  avia-builder-el-first  \" style='border-radius:0px; '><div  class='avia-image-container  av-styling-    avia-builder-el-1  avia-builder-el-no-sibling  avia-align-center '  itemprop=\"image\" itemscope=\"itemscope\" itemtype=\"https:\/\/schema.org\/ImageObject\"  ><div class='avia-image-container-inner'><div class='avia-image-overlay-wrap'><img decoding=\"async\" class='wp-image-11759 avia-img-lazy-loading-not-11759 avia_image' src=\"https:\/\/radiorevelacionfm.cl\/wp-content\/uploads\/2021\/12\/troperitos-2-2.jpg\" alt='' title='troperitos-2-2' height=\"600\" width=\"802\"  itemprop=\"thumbnailUrl\" srcset=\"https:\/\/radiorevelacionfm.cl\/wp-content\/uploads\/2021\/12\/troperitos-2-2.jpg 802w, https:\/\/radiorevelacionfm.cl\/wp-content\/uploads\/2021\/12\/troperitos-2-2-300x224.jpg 300w, https:\/\/radiorevelacionfm.cl\/wp-content\/uploads\/2021\/12\/troperitos-2-2-768x575.jpg 768w, https:\/\/radiorevelacionfm.cl\/wp-content\/uploads\/2021\/12\/troperitos-2-2-705x527.jpg 705w, https:\/\/radiorevelacionfm.cl\/wp-content\/uploads\/2021\/12\/troperitos-2-2-600x449.jpg 600w\" sizes=\"(max-width: 802px) 100vw, 802px\" \/><\/div><\/div><\/div><\/div><div class=\"flex_column av_one_full  flex_column_div av-zero-column-padding first  avia-builder-el-2  el_after_av_one_full  el_before_av_one_full  column-top-margin\" style='border-radius:0px; '><section class=\"av_textblock_section \"  itemscope=\"itemscope\" itemtype=\"https:\/\/schema.org\/BlogPosting\" itemprop=\"blogPost\" ><div class='avia_textblock  '   itemprop=\"text\" ><p style=\"text-align: center;\"><strong><span style=\"font-size: 18pt;\">Subsecretaria Honorato presenta Plan en Familia Construyamos Mejores Comienzos y destaca avances del nivel en Ays\u00e9n<\/span><\/strong><\/p>\n<div id=\"gtx-trans\" style=\"position: absolute; left: -50px; top: 4.31534px;\">\n<div class=\"gtx-trans-icon\"><\/div>\n<\/div>\n<\/div><\/section><\/div><div class=\"flex_column av_one_full  flex_column_div av-zero-column-padding first  avia-builder-el-4  el_after_av_one_full  el_before_av_hr  column-top-margin\" style='border-radius:0px; '><section class=\"av_textblock_section \"  itemscope=\"itemscope\" itemtype=\"https:\/\/schema.org\/BlogPosting\" itemprop=\"blogPost\" ><div class='avia_textblock  '   itemprop=\"text\" ><p class=\"v1MsoNormal\" style=\"text-align: justify;\">Diversas actividades desarroll\u00f3 durante sus dos d\u00edas de visita a la regi\u00f3n de Ays\u00e9n, la subsecretaria de Educaci\u00f3n Parvularia, Mar\u00eda Jes\u00fas Honorato, destacando su encuentro con la comunidad educativa del Liceo Eusebio Ibar Schepeler, ubicado en La Junta, localidad de la comuna de Cisnes, donde present\u00f3 el Plan de apoyo a la parentalidad: <b>En familia construyamos mejores comienzos<\/b>. Asimismo, en La Junta, visit\u00f3 el CESFAM para conocer los avances y el proceso de vacunaci\u00f3n a ni\u00f1as y ni\u00f1os del sector.<\/p>\n<p class=\"v1MsoNormal\" style=\"text-align: justify;\">Como parte de su recorrido por distintas localidades de la regi\u00f3n, en la misma comuna, pero en la localidad de Puerto Puyuhuapi, la autoridad Mineduc visit\u00f3 la Escuela Hamburgo para conversar con la comunidad y el equipo educativo de los niveles transici\u00f3n.<\/p>\n<p class=\"v1MsoNormal\" style=\"text-align: justify;\">\u00abEstamos convencidos de que la Educaci\u00f3n Parvularia es un nivel fundamental para el desarrollo de las ni\u00f1as y ni\u00f1os y que es fundamental asistir a las salas cuna, jardines infantiles y escuelas, y hacerlo de manera sistem\u00e1tica, como parte de un proceso que solo trae bienestar, aprendizajes y experiencias \u00fanicas para nuestra primera infancia. Estamos muy orgullosos de ver el trabajo comprometido que los equipos de educaci\u00f3n parvularia hacen en los distintos rincones de nuestro pa\u00eds, y especialmente en esta bella regi\u00f3n de Ays\u00e9n\u00bb, indic\u00f3 la subsecretaria Honorato.<\/p>\n<p class=\"v1MsoNormal\" style=\"text-align: justify;\">Durante su visita regional, en Coyhaique, la autoridad Mineduc visit\u00f3 el jard\u00edn infantil JUNJI \u00abTroperitos del Valle\u00bb, ocasi\u00f3n donde lider\u00f3 el descubrimiento de la Placa de Reconocimiento Oficial del establecimiento y destac\u00f3 el compromiso de la comunidad con este importante logro.<\/p>\n<p class=\"v1MsoNormal\" style=\"text-align: justify;\">Respecto a la certificaci\u00f3n de salas cuna y jardines infantiles, de un total de 59 establecimientos que debe acceder a ella en Ays\u00e9n, 32 ya se encuentran con su Reconocimiento Oficial o Autorizaci\u00f3n de Funcionamiento, lo que representa un 54,2% de avance en el proceso. En el caso de los establecimientos que reciben recursos del Estado, de un total de 45, 26 cuentan con su RO, lo que representa un 57,7% de avance.<\/p>\n<p class=\"v1MsoNormal\" style=\"text-align: justify;\">Adem\u00e1s, en la regi\u00f3n de Ays\u00e9n se encuentran 5 proyectos del Subt\u00edtulo 33 en ejecuci\u00f3n, con una inversi\u00f3n total de $1.367.349.502, en las comunas de: Coyhaique, Ib\u00e1\u00f1ez, Ays\u00e9n, Lago Verde y Tortel. Tres de estos proyectos ya se encuentran con 100% de ejecuci\u00f3n de obras.<\/p>\n<p class=\"v1MsoNormal\" style=\"text-align: justify;\"><span lang=\"ES\">Por su parte, el Seremi de Educaci\u00f3n de Ays\u00e9n Sergio Becerra Mera destac\u00f3 las actividades desarrolladas por la Subsecretaria.<\/span><\/p>\n<p class=\"v1MsoNormal\" style=\"text-align: justify;\"><span lang=\"ES\">\u00abEstimamos como muy positiva la segunda visita a la regi\u00f3n de la Subsecretaria Mar\u00eda Jes\u00fas Honorato, quien en esta oportunidad visit\u00f3 las localidades de la Junta y Puyuhuapi en la comuna de Cisnes, donde sostuvo encuentro con familias y apoderados de ni\u00f1os de prekinder y k\u00ednder, educadoras y tambi\u00e9n fue testigo del proceso de vacunaci\u00f3n de ni\u00f1os entre 3 y 5 a\u00f1os.\u00bb<\/span><\/p>\n<p class=\"v1MsoNormal\" style=\"text-align: justify;\"><span lang=\"ES\">En el Liceo Eusebio Ibar Schepeler, de La Junta, La subsecretaria Honorato present\u00f3 el Plan \u00abEn familia construyamos mejores comienzos\u00bb. que entrega herramientas concretas a los padres para que apoyen el desarrollo de sus hijos m\u00e1s all\u00e1 del contexto de pandemia.<\/span><\/p>\n<p class=\"v1MsoNormal\" style=\"text-align: justify;\"><span lang=\"ES\">La\u00a0 Iniciativa busca apoyar la trayectoria de vida de ni\u00f1os y ni\u00f1as desde el nacimiento hasta los tres a\u00f1os, promoviendo una serie de consejos, acciones y juegos que pueden realizar madres, padres, cuidadores y adultos responsables.<\/span><\/p>\n<p class=\"v1MsoNormal\" style=\"text-align: justify;\">Adem\u00e1s la Subsecretar\u00eda de Educaci\u00f3n Parvularia est\u00e1 impulsando el Reconocimiento Oficial, certificaci\u00f3n que deben alcanzar todas las salas cuna y jardines infantiles que reciben recursos del Estado, obligatoriamente a diciembre de 2022<\/p>\n<p class=\"v1MsoNormal\" style=\"text-align: justify;\">Por ello, junto a la comunidad del Jard\u00edn Infantil JUNJI Troperitos del valle de Valle Simpson particip\u00f3 con mucha alegr\u00eda del descubrimiento de la placa del Sello de Reconocimiento Oficial del establecimiento.<\/p>\n<p class=\"v1MsoNormal\" style=\"text-align: justify;\">En resumen, fue una visita muy importante y muy valorada por las comunidades educativas de la zona norte de Ays\u00e9n.<\/p>\n<\/div><\/section><\/div><div  style='height:50px' class='hr hr-invisible   avia-builder-el-6  el_after_av_one_full  el_before_av_social_share '><span class='hr-inner ' ><span class='hr-inner-style'><\/span><\/span><\/div><\/p>\n<div  class='av-social-sharing-box  avia-builder-el-7  el_after_av_hr  el_before_av_hr  '><div class='av-share-box'><h5 class='av-share-link-description av-no-toc '>Compartir esta noticia<\/h5><ul class='av-share-box-list noLightbox'><li class='av-share-link av-social-link-facebook' ><a target=\"_blank\" aria-label=\"Compartir en Facebook\" href='https:\/\/www.facebook.com\/sharer.php?u=https:\/\/radiorevelacionfm.cl\/?p=11758&#038;t=Subsecretaria%20Honorato%20presenta%20Plan%20en%20Familia%20Construyamos%20Mejores%20Comienzos%20y%20destaca%20avances%20del%20nivel%20en%20Ays%C3%A9n' aria-hidden='false' data-av_icon='\ue8f3' data-av_iconfont='entypo-fontello' title='' data-avia-related-tooltip='Compartir en Facebook' rel=\"noopener\"><span class='avia_hidden_link_text'>Compartir en Facebook<\/span><\/a><\/li><li class='av-share-link av-social-link-twitter' ><a target=\"_blank\" aria-label=\"Compartir en Twitter\" href='https:\/\/twitter.com\/share?text=Subsecretaria%20Honorato%20presenta%20Plan%20en%20Familia%20Construyamos%20Mejores%20Comienzos%20y%20destaca%20avances%20del%20nivel%20en%20Ays%C3%A9n&#038;url=https:\/\/radiorevelacionfm.cl\/?p=11758' aria-hidden='false' data-av_icon='\ue8f1' data-av_iconfont='entypo-fontello' title='' data-avia-related-tooltip='Compartir en Twitter' rel=\"noopener\"><span class='avia_hidden_link_text'>Compartir en Twitter<\/span><\/a><\/li><li class='av-share-link av-social-link-whatsapp' ><a target=\"_blank\" aria-label=\"Compartir en Whatsapp\" href='https:\/\/api.whatsapp.com\/send?text=https:\/\/radiorevelacionfm.cl\/?p=11758' aria-hidden='false' data-av_icon='\uf232' data-av_iconfont='entypo-fontello' title='' data-avia-related-tooltip='Compartir en Whatsapp' rel=\"noopener\"><span class='avia_hidden_link_text'>Compartir en Whatsapp<\/span><\/a><\/li><li class='av-share-link av-social-link-linkedin' ><a target=\"_blank\" aria-label=\"Compartir en LinkedIn\" href='https:\/\/linkedin.com\/shareArticle?mini=true&#038;title=Subsecretaria%20Honorato%20presenta%20Plan%20en%20Familia%20Construyamos%20Mejores%20Comienzos%20y%20destaca%20avances%20del%20nivel%20en%20Ays%C3%A9n&#038;url=https:\/\/radiorevelacionfm.cl\/?p=11758' aria-hidden='false' data-av_icon='\ue8fc' data-av_iconfont='entypo-fontello' title='' data-avia-related-tooltip='Compartir en LinkedIn' rel=\"noopener\"><span class='avia_hidden_link_text'>Compartir en LinkedIn<\/span><\/a><\/li><li class='av-share-link av-social-link-mail' ><a  aria-label=\"Compartir por correo\" href='mailto:?subject=Subsecretaria%20Honorato%20presenta%20Plan%20en%20Familia%20Construyamos%20Mejores%20Comienzos%20y%20destaca%20avances%20del%20nivel%20en%20Ays%C3%A9n&#038;body=https:\/\/radiorevelacionfm.cl\/?p=11758' aria-hidden='false' data-av_icon='\ue805' data-av_iconfont='entypo-fontello' title='' data-avia-related-tooltip='Compartir por correo'><span class='avia_hidden_link_text'>Compartir por correo<\/span><\/a><\/li><\/ul><\/div><\/div>\n<div  style='height:50px' class='hr hr-invisible   avia-builder-el-8  el_after_av_social_share  el_before_av_comments_list '><span class='hr-inner ' ><span class='hr-inner-style'><\/span><\/span><\/div>\n<div  class='av-buildercomment  av-blog-meta-html-info-disabled av-blog-meta-tag-disabled  '><\/div>\n","protected":false},"excerpt":{"rendered":"","protected":false},"author":1,"featured_media":11759,"comment_status":"open","ping_status":"open","sticky":false,"template":"","format":"standard","meta":{"footnotes":""},"categories":[49],"tags":[],"class_list":["post-11758","post","type-post","status-publish","format-standard","has-post-thumbnail","hentry","category-educacion"],"jetpack_featured_media_url":"https:\/\/radiorevelacionfm.cl\/wp-content\/uploads\/2021\/12\/troperitos-2-2.jpg","_links":{"self":[{"href":"https:\/\/radiorevelacionfm.cl\/index.php?rest_route=\/wp\/v2\/posts\/11758","targetHints":{"allow":["GET"]}}],"collection":[{"href":"https:\/\/radiorevelacionfm.cl\/index.php?rest_route=\/wp\/v2\/posts"}],"about":[{"href":"https:\/\/radiorevelacionfm.cl\/index.php?rest_route=\/wp\/v2\/types\/post"}],"author":[{"embeddable":true,"href":"https:\/\/radiorevelacionfm.cl\/index.php?rest_route=\/wp\/v2\/users\/1"}],"replies":[{"embeddable":true,"href":"https:\/\/radiorevelacionfm.cl\/index.php?rest_route=%2Fwp%2Fv2%2Fcomments&post=11758"}],"version-history":[{"count":2,"href":"https:\/\/radiorevelacionfm.cl\/index.php?rest_route=\/wp\/v2\/posts\/11758\/revisions"}],"predecessor-version":[{"id":11761,"href":"https:\/\/radiorevelacionfm.cl\/index.php?rest_route=\/wp\/v2\/posts\/11758\/revisions\/11761"}],"wp:featuredmedia":[{"embeddable":true,"href":"https:\/\/radiorevelacionfm.cl\/index.php?rest_route=\/wp\/v2\/media\/11759"}],"wp:attachment":[{"href":"https:\/\/radiorevelacionfm.cl\/index.php?rest_route=%2Fwp%2Fv2%2Fmedia&parent=11758"}],"wp:term":[{"taxonomy":"category","embeddable":true,"href":"https:\/\/radiorevelacionfm.cl\/index.php?rest_route=%2Fwp%2Fv2%2Fcategories&post=11758"},{"taxonomy":"post_tag","embeddable":true,"href":"https:\/\/radiorevelacionfm.cl\/index.php?rest_route=%2Fwp%2Fv2%2Ftags&post=11758"}],"curies":[{"name":"wp","href":"https:\/\/api.w.org\/{rel}","templated":true}]}}