{"id":11746,"date":"2021-12-11T11:13:56","date_gmt":"2021-12-11T14:13:56","guid":{"rendered":"https:\/\/radiorevelacionfm.cl\/?p=11746"},"modified":"2021-12-11T11:13:56","modified_gmt":"2021-12-11T14:13:56","slug":"delegacion-de-la-escuela-gabriela-mistral-representara-a-puerto-aysen-en-copa-milo-2021","status":"publish","type":"post","link":"https:\/\/radiorevelacionfm.cl\/?p=11746","title":{"rendered":"Delegaci\u00f3n de la escuela Gabriela Mistral representar\u00e1 a Puerto Ays\u00e9n en Copa Milo 2021"},"content":{"rendered":"<div class=\"flex_column av_one_full  flex_column_div av-zero-column-padding first  avia-builder-el-0  el_before_av_one_full  avia-builder-el-first  \" style='border-radius:0px; '><div  class='avia-image-container  av-styling-    avia-builder-el-1  avia-builder-el-no-sibling  avia-align-center '  itemprop=\"image\" itemscope=\"itemscope\" itemtype=\"https:\/\/schema.org\/ImageObject\"  ><div class='avia-image-container-inner'><div class='avia-image-overlay-wrap'><img decoding=\"async\" class='wp-image-11747 avia-img-lazy-loading-not-11747 avia_image' src=\"https:\/\/radiorevelacionfm.cl\/wp-content\/uploads\/2021\/12\/265546536_4541994422594183_5240867973427934232_n-2_optimized.jpg\" alt='' title='265546536_4541994422594183_5240867973427934232_n-2_optimized' height=\"600\" width=\"800\"  itemprop=\"thumbnailUrl\" srcset=\"https:\/\/radiorevelacionfm.cl\/wp-content\/uploads\/2021\/12\/265546536_4541994422594183_5240867973427934232_n-2_optimized.jpg 800w, https:\/\/radiorevelacionfm.cl\/wp-content\/uploads\/2021\/12\/265546536_4541994422594183_5240867973427934232_n-2_optimized-300x225.jpg 300w, https:\/\/radiorevelacionfm.cl\/wp-content\/uploads\/2021\/12\/265546536_4541994422594183_5240867973427934232_n-2_optimized-768x576.jpg 768w, https:\/\/radiorevelacionfm.cl\/wp-content\/uploads\/2021\/12\/265546536_4541994422594183_5240867973427934232_n-2_optimized-705x529.jpg 705w, https:\/\/radiorevelacionfm.cl\/wp-content\/uploads\/2021\/12\/265546536_4541994422594183_5240867973427934232_n-2_optimized-600x450.jpg 600w\" sizes=\"(max-width: 800px) 100vw, 800px\" \/><\/div><\/div><\/div><\/div><div class=\"flex_column av_one_full  flex_column_div av-zero-column-padding first  avia-builder-el-2  el_after_av_one_full  el_before_av_one_full  column-top-margin\" style='border-radius:0px; '><section class=\"av_textblock_section \"  itemscope=\"itemscope\" itemtype=\"https:\/\/schema.org\/BlogPosting\" itemprop=\"blogPost\" ><div class='avia_textblock  '   itemprop=\"text\" ><p style=\"text-align: center;\"><span style=\"font-size: 18pt;\"><strong>Delegaci\u00f3n de la escuela Gabriela Mistral representar\u00e1 a Puerto Ays\u00e9n en Copa Milo 2021<\/strong><\/span><\/p>\n<div id=\"gtx-trans\" style=\"position: absolute; left: -50px; top: 4.31534px;\">\n<div class=\"gtx-trans-icon\"><\/div>\n<\/div>\n<\/div><\/section><\/div><div class=\"flex_column av_one_full  flex_column_div av-zero-column-padding first  avia-builder-el-4  el_after_av_one_full  el_before_av_hr  column-top-margin\" style='border-radius:0px; '><section class=\"av_textblock_section \"  itemscope=\"itemscope\" itemtype=\"https:\/\/schema.org\/BlogPosting\" itemprop=\"blogPost\" ><div class='avia_textblock  '   itemprop=\"text\" ><p style=\"text-align: justify;\">Hasta Puerto Montt arribar\u00e1 una delegaci\u00f3n -compuesta por tres alumnas, cuatro alumnos y dos funcionarios-, de la escuela Poetisa Gabriela Mistral de Puerto Ays\u00e9n, quienes formar\u00e1n parte de la Copa Milo, en su \u00faltima fecha previo a la gran final en enero de 2022.<\/p>\n<p style=\"text-align: justify;\">Desde el 11 al 13 de diciembre los estudiantes del recinto educativo dar\u00e1n cuenta de sus dotes deportivos en la disciplina baby futbol mixto, donde se medir\u00e1n con representantes de otros establecimientos educacionales del pa\u00eds, en este evento deportivo de car\u00e1cter nacional, donde por vez primera una escuela municipalizada de la regi\u00f3n podr\u00e1 participar.<\/p>\n<p style=\"text-align: justify;\">Para relevar dicho hito, este jueves \u00faltimo la delegaci\u00f3n deportiva fue visitada por el alcalde de la comuna, Julio Uribe y la directora DEM, Tamara Villegas, quienes fueron recibidos por el director de la escuela, Marcelo Marchant junto a seis de los siete ni\u00f1os y sus apoderados. Fue all\u00ed que se convers\u00f3 tendidamente sobre las ansias y expectativas de los estudiantes respecto a este campeonato, as\u00ed como el viaje propiamente tal, y el trabajo previo que ha significado poder ser parte de esta tradicional competici\u00f3n -para ni\u00f1os y ni\u00f1as entre 9 y 12 a\u00f1os-, donde quienes resulten vencedores podr\u00e1n, adem\u00e1s, participar del \u201cMilo Soccer Camp 2022\u201d.<\/p>\n<p style=\"text-align: justify;\">\u201cEsperamos tener un buen resultado dentro del campeonato. Poder estar dentro de los primeros tres lugares ya que quienes queden en estos puestos viajan a Santiago con todos los gastos pagados a disputar all\u00ed la copa Milo. Tenemos tres o cuatro alumnos que nunca han viajado, as\u00ed que para ellos va a ser una experiencia inolvidable, donde van a poder conocer Puerto Montt, compartir con otros ni\u00f1os de su edad, incluso, muchos por primera vez van a subir a un avi\u00f3n. Est\u00e1n muy nerviosos algunos, pero con todas las ansias y ganar de llegar all\u00e1\u201d, manifest\u00f3 la funcionaria de la escuela Rosa Ruiz, quien acompa\u00f1ar\u00e1 a los ni\u00f1os junto a su colega, Gabriela Oyarz\u00fan.<\/p>\n<p style=\"text-align: justify;\">\u201cEstamos muy contentos por esta iniciativa que fue promovida por los funcionarios del establecimiento para llevar a los ni\u00f1os a jugar a otras ciudades. Una copa bien importante a nivel nacional, es la \u00faltima fecha que determina los ganadores para el gran campeonato de enero, as\u00ed que confiamos en que a nuestros ni\u00f1os y ni\u00f1as les va a ir excelente\u201d, se\u00f1al\u00f3 el director de Gabriela Mistral, Marcelo Marchant, quien relev\u00f3 adem\u00e1s que el certamen sea de car\u00e1cter mixto, \u201cporque en esta escuela siempre hemos promovido la igualdad de g\u00e9nero e intentamos que todo sea lo m\u00e1s equiparado posible. Confiamos en que les ir\u00e1 espectacular, porque adem\u00e1s siempre hemos trabajado las altas expectativas con nuestros estudiantes. Uno de nuestros sellos como comunidad educativa es el deporte. Por eso nos llena de orgullo porque poco a poco vamos viendo los efectos de trabajar tan intensamente en nuestros sellos y que s\u00ed tienen resultados\u201d.<\/p>\n<p style=\"text-align: justify;\">Por su parte, el edil comunal, Julio Uribe destac\u00f3 el trabajo de toda la comandad educativa en pos de los alumnos y alumnas del establecimiento. \u201cQu\u00e9 satisfacci\u00f3n m\u00e1s grande cuando se les da la posibilidad a nuestros ni\u00f1os, a nuestros hijos de poder participar de estos eventos. Ellos van a representar a nuestra escuela Gabriela Mistral, a nuestra ciudad, a nuestra comuna, a nuestra regi\u00f3n. Por lo tanto, van a entregar todo para que esto puedan salir de la mejor forma. As\u00ed que esperar que vengan con un buen resultado, y sino tambi\u00e9n ellos ya son ganadores al participar de esta instancia\u201d.<\/p>\n<p style=\"text-align: justify;\">\u201cComo DEM, no podemos m\u00e1s que felicitar a todos quienes hicieron esto posible. La perseverancia de los profesores, asistentes de la educaci\u00f3n; el talento y compromiso de los ni\u00f1os; la confianza en sus alumnos por parte del director. Es un esfuerzo totalmente mancomunado\u201d, indic\u00f3 la directora de la Educaci\u00f3n Municipal en Ays\u00e9n, Tamara Villegas.<\/p>\n<p style=\"text-align: justify;\">Reacciones<\/p>\n<p style=\"text-align: justify;\">Felices se mostraron los alumnos y alumnas junto a sus padres y apoderados respecto a esta oportunidad que les permitir\u00e1 vivir nuevas experiencias, compartir con sus pares y, por supuesto, ser parte de este reconocido campeonato, con la posibilidad cierta de obtener grandes resultados.<\/p>\n<p style=\"text-align: justify;\">As\u00ed lo dio a conocer Iv\u00e1n Padilla, padre de estudiante de 5to A del mismo nombre. \u201cContento por mi hijo. Tienen que disfrutar la instancia y ojal\u00e1 sean los campeones. Pero lo m\u00e1s importante, lo que uno m\u00e1s quiere es que atesoren esta experiencia\u201d.<\/p>\n<p style=\"text-align: justify;\">Karina Nitor, mam\u00e1 de Francisca Miranda, en tanto, dio cuenta del orgullo que hoy la embarga, \u201cespecialmente porque hoy sabemos que todas las ni\u00f1as tienen la oportunidad hoy de ser jugadoras y salir de la regi\u00f3n. Para que las ni\u00f1as que vean jugar a mi hija tengan la experiencia de saber que ellas igual van a poder, todas podemos\u201d, dijo.<\/p>\n<p style=\"text-align: justify;\">\u201cEstoy emocionado y nervioso al mismo tiempo. Es segunda vez que represento a la escuela. La primera vez fue hace un a\u00f1o y la emoci\u00f3n me gana. Les dir\u00eda a mis compa\u00f1eros que nunca pierdan la esperanza que haciendo lo que les gusta podr\u00e1n salir a otras cuidades u otros pa\u00edses, porque eso yo pensaba y lo logr\u00e9\u201d, explic\u00f3 muy determinado Ian Ainol, de quinto A, frente a este viaje y su participaci\u00f3n.<\/p>\n<p style=\"text-align: justify;\">Quien tambi\u00e9n tuvo palabras fue Jonathan Andrade, de s\u00e9ptimo A. \u201cFeliz de viajar a Puerto Montt a jugar por algo importante. Y que hartas personas nos vean jugando con mis compa\u00f1eros. Gracias al colegio estamos teniendo oportunidades que no muchos hab\u00edan tenido, as\u00ed que estoy muy agradecido\u201d. A lo que Iv\u00e1n Padilla, de quinto a\u00f1o A a\u00f1adi\u00f3 que \u201cva a ser bonito porque es la primera vea que viajo, as\u00ed que estoy seguro que ser\u00e1 una linda experiencia para m\u00ed\u201d.<\/p>\n<p style=\"text-align: justify;\">Completan la delegaci\u00f3n los estudiantes Mart\u00edn Aguilar, Annia Smoje y Emileth \u00c1lvarez. Todos ellos ser\u00e1n claves en esta iniciativa, que pretende fomentar en ni\u00f1os los valores que se aprenden a trav\u00e9s del deporte y que, tras iniciar durante los \u00faltimos d\u00edas de septiembre de 2021 y recorrer distintos puntos del pa\u00eds como sede, se extender\u00e1 hasta 16 de enero de 2022 con una \u00faltima fecha en Puerto Montt. Escenario en que los estudiantes de la escuela Gabriela Mistral pretenden ser los vencedores, retornando a su escuela con la anhelada Copa Milo.<\/p>\n<\/div><\/section><\/div><div  style='height:50px' class='hr hr-invisible   avia-builder-el-6  el_after_av_one_full  el_before_av_social_share '><span class='hr-inner ' ><span class='hr-inner-style'><\/span><\/span><\/div><\/p>\n<div  class='av-social-sharing-box  avia-builder-el-7  el_after_av_hr  el_before_av_hr  '><div class='av-share-box'><h5 class='av-share-link-description av-no-toc '>Compartir esta noticia<\/h5><ul class='av-share-box-list noLightbox'><li class='av-share-link av-social-link-facebook' ><a target=\"_blank\" aria-label=\"Compartir en Facebook\" href='https:\/\/www.facebook.com\/sharer.php?u=https:\/\/radiorevelacionfm.cl\/?p=11746&#038;t=Delegaci%C3%B3n%20de%20la%20escuela%20Gabriela%20Mistral%20representar%C3%A1%20a%20Puerto%20Ays%C3%A9n%20en%20Copa%20Milo%202021' aria-hidden='false' data-av_icon='\ue8f3' data-av_iconfont='entypo-fontello' title='' data-avia-related-tooltip='Compartir en Facebook' rel=\"noopener\"><span class='avia_hidden_link_text'>Compartir en Facebook<\/span><\/a><\/li><li class='av-share-link av-social-link-twitter' ><a target=\"_blank\" aria-label=\"Compartir en Twitter\" href='https:\/\/twitter.com\/share?text=Delegaci%C3%B3n%20de%20la%20escuela%20Gabriela%20Mistral%20representar%C3%A1%20a%20Puerto%20Ays%C3%A9n%20en%20Copa%20Milo%202021&#038;url=https:\/\/radiorevelacionfm.cl\/?p=11746' aria-hidden='false' data-av_icon='\ue8f1' data-av_iconfont='entypo-fontello' title='' data-avia-related-tooltip='Compartir en Twitter' rel=\"noopener\"><span class='avia_hidden_link_text'>Compartir en Twitter<\/span><\/a><\/li><li class='av-share-link av-social-link-whatsapp' ><a target=\"_blank\" aria-label=\"Compartir en Whatsapp\" href='https:\/\/api.whatsapp.com\/send?text=https:\/\/radiorevelacionfm.cl\/?p=11746' aria-hidden='false' data-av_icon='\uf232' data-av_iconfont='entypo-fontello' title='' data-avia-related-tooltip='Compartir en Whatsapp' rel=\"noopener\"><span class='avia_hidden_link_text'>Compartir en Whatsapp<\/span><\/a><\/li><li class='av-share-link av-social-link-linkedin' ><a target=\"_blank\" aria-label=\"Compartir en LinkedIn\" href='https:\/\/linkedin.com\/shareArticle?mini=true&#038;title=Delegaci%C3%B3n%20de%20la%20escuela%20Gabriela%20Mistral%20representar%C3%A1%20a%20Puerto%20Ays%C3%A9n%20en%20Copa%20Milo%202021&#038;url=https:\/\/radiorevelacionfm.cl\/?p=11746' aria-hidden='false' data-av_icon='\ue8fc' data-av_iconfont='entypo-fontello' title='' data-avia-related-tooltip='Compartir en LinkedIn' rel=\"noopener\"><span class='avia_hidden_link_text'>Compartir en LinkedIn<\/span><\/a><\/li><li class='av-share-link av-social-link-mail' ><a  aria-label=\"Compartir por correo\" href='mailto:?subject=Delegaci%C3%B3n%20de%20la%20escuela%20Gabriela%20Mistral%20representar%C3%A1%20a%20Puerto%20Ays%C3%A9n%20en%20Copa%20Milo%202021&#038;body=https:\/\/radiorevelacionfm.cl\/?p=11746' aria-hidden='false' data-av_icon='\ue805' data-av_iconfont='entypo-fontello' title='' data-avia-related-tooltip='Compartir por correo'><span class='avia_hidden_link_text'>Compartir por correo<\/span><\/a><\/li><\/ul><\/div><\/div>\n<div  style='height:50px' class='hr hr-invisible   avia-builder-el-8  el_after_av_social_share  el_before_av_comments_list '><span class='hr-inner ' ><span class='hr-inner-style'><\/span><\/span><\/div>\n<div  class='av-buildercomment  av-blog-meta-html-info-disabled av-blog-meta-tag-disabled  '><\/div>\n","protected":false},"excerpt":{"rendered":"","protected":false},"author":1,"featured_media":11747,"comment_status":"open","ping_status":"open","sticky":false,"template":"","format":"standard","meta":{"footnotes":""},"categories":[38],"tags":[],"class_list":["post-11746","post","type-post","status-publish","format-standard","has-post-thumbnail","hentry","category-regional"],"jetpack_featured_media_url":"https:\/\/radiorevelacionfm.cl\/wp-content\/uploads\/2021\/12\/265546536_4541994422594183_5240867973427934232_n-2_optimized.jpg","_links":{"self":[{"href":"https:\/\/radiorevelacionfm.cl\/index.php?rest_route=\/wp\/v2\/posts\/11746","targetHints":{"allow":["GET"]}}],"collection":[{"href":"https:\/\/radiorevelacionfm.cl\/index.php?rest_route=\/wp\/v2\/posts"}],"about":[{"href":"https:\/\/radiorevelacionfm.cl\/index.php?rest_route=\/wp\/v2\/types\/post"}],"author":[{"embeddable":true,"href":"https:\/\/radiorevelacionfm.cl\/index.php?rest_route=\/wp\/v2\/users\/1"}],"replies":[{"embeddable":true,"href":"https:\/\/radiorevelacionfm.cl\/index.php?rest_route=%2Fwp%2Fv2%2Fcomments&post=11746"}],"version-history":[{"count":2,"href":"https:\/\/radiorevelacionfm.cl\/index.php?rest_route=\/wp\/v2\/posts\/11746\/revisions"}],"predecessor-version":[{"id":11779,"href":"https:\/\/radiorevelacionfm.cl\/index.php?rest_route=\/wp\/v2\/posts\/11746\/revisions\/11779"}],"wp:featuredmedia":[{"embeddable":true,"href":"https:\/\/radiorevelacionfm.cl\/index.php?rest_route=\/wp\/v2\/media\/11747"}],"wp:attachment":[{"href":"https:\/\/radiorevelacionfm.cl\/index.php?rest_route=%2Fwp%2Fv2%2Fmedia&parent=11746"}],"wp:term":[{"taxonomy":"category","embeddable":true,"href":"https:\/\/radiorevelacionfm.cl\/index.php?rest_route=%2Fwp%2Fv2%2Fcategories&post=11746"},{"taxonomy":"post_tag","embeddable":true,"href":"https:\/\/radiorevelacionfm.cl\/index.php?rest_route=%2Fwp%2Fv2%2Ftags&post=11746"}],"curies":[{"name":"wp","href":"https:\/\/api.w.org\/{rel}","templated":true}]}}