{"id":11742,"date":"2021-12-10T21:09:41","date_gmt":"2021-12-11T00:09:41","guid":{"rendered":"https:\/\/radiorevelacionfm.cl\/?p=11742"},"modified":"2021-12-10T21:09:41","modified_gmt":"2021-12-11T00:09:41","slug":"mujeres-rurales-de-la-region-de-aysen-se-reunen-en-rio-ibanez","status":"publish","type":"post","link":"https:\/\/radiorevelacionfm.cl\/?p=11742","title":{"rendered":"Mujeres rurales de la regi\u00f3n de Ays\u00e9n se re\u00fanen en R\u00edo Iba\u00f1ez"},"content":{"rendered":"<div class=\"flex_column av_one_full  flex_column_div av-zero-column-padding first  avia-builder-el-0  el_before_av_one_full  avia-builder-el-first  \" style='border-radius:0px; '><div  class='avia-image-container  av-styling-    avia-builder-el-1  avia-builder-el-no-sibling  avia-align-center '  itemprop=\"image\" itemscope=\"itemscope\" itemtype=\"https:\/\/schema.org\/ImageObject\"  ><div class='avia-image-container-inner'><div class='avia-image-overlay-wrap'><img decoding=\"async\" class='wp-image-11743 avia-img-lazy-loading-not-11743 avia_image' src=\"https:\/\/radiorevelacionfm.cl\/wp-content\/uploads\/2021\/12\/img_6994-2_optimized.jpg\" alt='' title='img_6994-2_optimized' height=\"600\" width=\"800\"  itemprop=\"thumbnailUrl\" srcset=\"https:\/\/radiorevelacionfm.cl\/wp-content\/uploads\/2021\/12\/img_6994-2_optimized.jpg 800w, https:\/\/radiorevelacionfm.cl\/wp-content\/uploads\/2021\/12\/img_6994-2_optimized-300x225.jpg 300w, https:\/\/radiorevelacionfm.cl\/wp-content\/uploads\/2021\/12\/img_6994-2_optimized-768x576.jpg 768w, https:\/\/radiorevelacionfm.cl\/wp-content\/uploads\/2021\/12\/img_6994-2_optimized-705x529.jpg 705w, https:\/\/radiorevelacionfm.cl\/wp-content\/uploads\/2021\/12\/img_6994-2_optimized-600x450.jpg 600w\" sizes=\"(max-width: 800px) 100vw, 800px\" \/><\/div><\/div><\/div><\/div><div class=\"flex_column av_one_full  flex_column_div av-zero-column-padding first  avia-builder-el-2  el_after_av_one_full  el_before_av_one_full  column-top-margin\" style='border-radius:0px; '><section class=\"av_textblock_section \"  itemscope=\"itemscope\" itemtype=\"https:\/\/schema.org\/BlogPosting\" itemprop=\"blogPost\" ><div class='avia_textblock  '   itemprop=\"text\" ><p style=\"text-align: center;\"><span style=\"font-size: 18pt;\"><strong>Mujeres rurales de la regi\u00f3n de Ays\u00e9n se re\u00fanen en R\u00edo Iba\u00f1ez<\/strong><\/span><\/p>\n<div id=\"gtx-trans\" style=\"position: absolute; left: -50px; top: 4.31534px;\">\n<div class=\"gtx-trans-icon\"><\/div>\n<\/div>\n<\/div><\/section><\/div><div class=\"flex_column av_one_full  flex_column_div av-zero-column-padding first  avia-builder-el-4  el_after_av_one_full  el_before_av_hr  column-top-margin\" style='border-radius:0px; '><section class=\"av_textblock_section \"  itemscope=\"itemscope\" itemtype=\"https:\/\/schema.org\/BlogPosting\" itemprop=\"blogPost\" ><div class='avia_textblock  '   itemprop=\"text\" ><p style=\"text-align: justify;\">En el sector \u201cbajada Ib\u00e1\u00f1ez\u201d se congregaron las directivas de las organizaciones del Comit\u00e9 Ejecutivo de la Mesa de la Mujer Rural, junto a parte de los Directivos que integran esta Mesa y mujeres representantes de la comuna. Con el objetivo de revisar las acciones desarrolladas durante el a\u00f1o 2021 y definir la ruta de trabajo 2022, la \u201cMesa Ampliada\u201d sesion\u00f3 estableciendo sus l\u00edneas de acci\u00f3n estrat\u00e9gicas, acciones que ya ven\u00edan forj\u00e1ndose desde la Mesa Territorial realizada el mes de Septiembre en Puerto R\u00edo Tranquilo, donde junto a mujeres de la zona, se visualizaron elementos que en esta sesi\u00f3n quedaron plasmadas como parte constitutiva del Plan de Trabajo del pr\u00f3ximo a\u00f1o.<\/p>\n<p style=\"text-align: justify;\">Congregar a la mayor diversidad de mujeres rurales y favorecer su participaci\u00f3n en esta Mesa es parte del trabajo que impulsa INDAP y el Ministerio de la Mujer y la Equidad de G\u00e9nero a lo largo del pa\u00eds y con gran \u00e9xito en la regi\u00f3n de Ays\u00e9n.\u00a0 En particular \u201cla Seremi de la mujer de la regi\u00f3n de Ays\u00e9n, act\u00faa como Secretaria Ejecutiva de la Mesa de Mujeres Rurales, es por esto que junto al Seremi de Agricultura nos trasladamos hasta la comuna de R\u00edo Ib\u00e1\u00f1ez, espec\u00edficamente al sector bajada Ib\u00e1\u00f1ez, para conocer de modo directo las inquietudes de las mujeres rurales, fortaleciendo as\u00ed el compromiso establecido en la Agenda Mujer con el objeto de fomentar la autonom\u00eda econ\u00f3mica y por sobre todo prevenir la violencia contra la mujer en todo \u00e1mbito\u201d se\u00f1al\u00f3 Ana Mar\u00eda Mora Seremi (s) de la Mujer y la Equidad de G\u00e9nero, quien adem\u00e1s reforz\u00f3 durante esta Mesa la actual campa\u00f1a que este Ministerio despliega a nivel nacional \u201cLa violencia de G\u00e9nero primero te saca de tu vida y luego te la quita\u201d lema que busca involucrar a toda la comunidad en la prevenci\u00f3n, la detecci\u00f3n oportuna y eliminaci\u00f3n de \u00a0la violencia contra la mujer.<\/p>\n<p style=\"text-align: justify;\">Para la ocasi\u00f3n, las directivas de las 5 organizaciones que constituyen el comit\u00e9 ejecutivo de esta Mesa Regional establecieron un di\u00e1logo efectivo y vinculante respecto presupuestos y l\u00edneas de acci\u00f3n que la Mesa desarrollar\u00e1 a partir de enero del pr\u00f3ximo a\u00f1o.<\/p>\n<p style=\"text-align: justify;\">En esta jornada de la Mesa de la Mujer Rural a trav\u00e9s de su Comit\u00e9 Ejecutivo que congrega mujeres organizadas de toda la regi\u00f3n de Ays\u00e9n se logr\u00f3 definir varias l\u00edneas de acci\u00f3n que son claves para abordar durante la temporada 2022, que tienen que ver con capacitaci\u00f3n, gesti\u00f3n de informaci\u00f3n, difusi\u00f3n, comercializaci\u00f3n y fomento de las instancias de coordinaci\u00f3n, \u00e1mbitos que son propios de la acci\u00f3n de nuestro Ministerio a trav\u00e9s de INDAP y tambi\u00e9n son abordados a trav\u00e9s de la articulaci\u00f3n entre Ministerios para poder brindar un mejor servicio a las mujeres y de esta manera poder fomentar m\u00e1s oportunidades para que se desarrollen y ayuden a desarrollar sus comunidades en el \u00e1mbito rural, apostando y avanzando al desarrollo rural integral que es uno de los ejes estrat\u00e9gicos de nuestro Ministerio y de la administraci\u00f3n del Presidente Sebastian Pi\u00f1era\u201d inform\u00f3 al Seremi de Agricultura Felipe Henriquez quien particip\u00f3 activamente de la jornada desarrollada en Cerro Castillo.<\/p>\n<p style=\"text-align: justify;\">Ana Villagran Dirigenta y socia del Comit\u00e9 Caprino de Rio Ib\u00e1\u00f1ez, indic\u00f3 que asistir a esta actividad fue muy importante puesto que \u201cpude ver como se organiza la mesa de la mujer rural, pudimos opinar de cu\u00e1les son las cosas importantes que se pueden incluir el pr\u00f3ximo a\u00f1o y es muy bueno que se puedan dar estas instancias para participar y que no se realicen las actividades en Coyhaique\u201d Adem\u00e1s inst\u00f3 a las mujeres a participar de las organizaciones \u201cLes hago una invitaci\u00f3n a todas las mujeres a que participen en las organizaciones, para que puedan obtener m\u00e1s apoyo y lograr mejores cosas\u201d. Uno de los compromisos que se estableci\u00f3 en la jornada fue incentivar, y con eso aumentar la participaci\u00f3n de mujeres en organizaciones sociales, productivas y culturales.<\/p>\n<p style=\"text-align: justify;\">La Mesa de la Mujer Rural, creada el a\u00f1o 2000 en la regi\u00f3n se ha transformado en una instancia de di\u00e1logo, participaci\u00f3n y coordinaci\u00f3n entre el Estado y las organizaciones de representaci\u00f3n campesina, y mujeres en general, de los sectores rurales, transform\u00e1ndose esta en un mecanismo para avanzar en la igualdad de derechos y oportunidades para las mujeres rurales. Igualmente para la Sra. Carmen Fierro, participante de este encuentro y presidenta de la agrupaci\u00f3n cultural y artesanal \u201cManos Amigas\u201d de la localidad \u201cEl Blanco\u201d comuna de Coyhaique esta es una instancia altamente valorada y recomendable para muchas otras organizaciones de mujeres \u201cHemos participado en la Mesa Ampliada regional en villa cerro castillo, junto a la Seremi de la Mujer e Indap, lugar donde pudimos reunirnos diferentes organizaciones para elaborar nuestro plan de trabajo para el pr\u00f3ximo a\u00f1o, dentro de las inquietudes esta poder hacer que ingresen m\u00e1s agrupaciones a nuestra Mesa Rural dado que es una muy buena instancia para desarrollarse, tanto en el \u00e1mbito del empoderamiento como en la valorizaci\u00f3n de la mujer campesina\u201d se\u00f1al\u00f3.<\/p>\n<p style=\"text-align: justify;\">Finalmente, el representante del director regional de INDAP y Jefe de \u00c1rea de la Agencia de INDAP de R\u00edo Ib\u00e1\u00f1ez, Yordy Cea Espa\u00f1a, indic\u00f3:\u00a0\u00abHa sido un gran encuentro con las mujeres y las autoridades de gobierno. Nos inspira ver c\u00f3mo las productoras no solamente han doblado sus fuerzas para sostener sus rubros\u00a0en Pandemia, sino adem\u00e1s hemos podido ver el coraje con el cual se han adaptado este \u00faltimo tiempo. As\u00ed tambi\u00e9n, el c\u00f3mo ellas se han tomado los espacios de participaci\u00f3n ciudadana, liderando las organizaciones sociales y buscando alternativas que mejoren no solamente el desarrollo productivo, sino la calidad de vida de las mujeres campesinas. Las felicitamos y esperamos que el pr\u00f3ximo a\u00f1o sea tanto mejor para ellas y sus familias\u00bb.<\/p>\n<\/div><\/section><\/div><div  style='height:50px' class='hr hr-invisible   avia-builder-el-6  el_after_av_one_full  el_before_av_social_share '><span class='hr-inner ' ><span class='hr-inner-style'><\/span><\/span><\/div><\/p>\n<div  class='av-social-sharing-box  avia-builder-el-7  el_after_av_hr  el_before_av_hr  '><div class='av-share-box'><h5 class='av-share-link-description av-no-toc '>Compartir esta noticia<\/h5><ul class='av-share-box-list noLightbox'><li class='av-share-link av-social-link-facebook' ><a target=\"_blank\" aria-label=\"Compartir en Facebook\" href='https:\/\/www.facebook.com\/sharer.php?u=https:\/\/radiorevelacionfm.cl\/?p=11742&#038;t=Mujeres%20rurales%20de%20la%20regi%C3%B3n%20de%20Ays%C3%A9n%20se%20re%C3%BAnen%20en%20R%C3%ADo%20Iba%C3%B1ez' aria-hidden='false' data-av_icon='\ue8f3' data-av_iconfont='entypo-fontello' title='' data-avia-related-tooltip='Compartir en Facebook' rel=\"noopener\"><span class='avia_hidden_link_text'>Compartir en Facebook<\/span><\/a><\/li><li class='av-share-link av-social-link-twitter' ><a target=\"_blank\" aria-label=\"Compartir en Twitter\" href='https:\/\/twitter.com\/share?text=Mujeres%20rurales%20de%20la%20regi%C3%B3n%20de%20Ays%C3%A9n%20se%20re%C3%BAnen%20en%20R%C3%ADo%20Iba%C3%B1ez&#038;url=https:\/\/radiorevelacionfm.cl\/?p=11742' aria-hidden='false' data-av_icon='\ue8f1' data-av_iconfont='entypo-fontello' title='' data-avia-related-tooltip='Compartir en Twitter' rel=\"noopener\"><span class='avia_hidden_link_text'>Compartir en Twitter<\/span><\/a><\/li><li class='av-share-link av-social-link-whatsapp' ><a target=\"_blank\" aria-label=\"Compartir en Whatsapp\" href='https:\/\/api.whatsapp.com\/send?text=https:\/\/radiorevelacionfm.cl\/?p=11742' aria-hidden='false' data-av_icon='\uf232' data-av_iconfont='entypo-fontello' title='' data-avia-related-tooltip='Compartir en Whatsapp' rel=\"noopener\"><span class='avia_hidden_link_text'>Compartir en Whatsapp<\/span><\/a><\/li><li class='av-share-link av-social-link-linkedin' ><a target=\"_blank\" aria-label=\"Compartir en LinkedIn\" href='https:\/\/linkedin.com\/shareArticle?mini=true&#038;title=Mujeres%20rurales%20de%20la%20regi%C3%B3n%20de%20Ays%C3%A9n%20se%20re%C3%BAnen%20en%20R%C3%ADo%20Iba%C3%B1ez&#038;url=https:\/\/radiorevelacionfm.cl\/?p=11742' aria-hidden='false' data-av_icon='\ue8fc' data-av_iconfont='entypo-fontello' title='' data-avia-related-tooltip='Compartir en LinkedIn' rel=\"noopener\"><span class='avia_hidden_link_text'>Compartir en LinkedIn<\/span><\/a><\/li><li class='av-share-link av-social-link-mail' ><a  aria-label=\"Compartir por correo\" href='mailto:?subject=Mujeres%20rurales%20de%20la%20regi%C3%B3n%20de%20Ays%C3%A9n%20se%20re%C3%BAnen%20en%20R%C3%ADo%20Iba%C3%B1ez&#038;body=https:\/\/radiorevelacionfm.cl\/?p=11742' aria-hidden='false' data-av_icon='\ue805' data-av_iconfont='entypo-fontello' title='' data-avia-related-tooltip='Compartir por correo'><span class='avia_hidden_link_text'>Compartir por correo<\/span><\/a><\/li><\/ul><\/div><\/div>\n<div  style='height:50px' class='hr hr-invisible   avia-builder-el-8  el_after_av_social_share  el_before_av_comments_list '><span class='hr-inner ' ><span class='hr-inner-style'><\/span><\/span><\/div>\n<div  class='av-buildercomment  av-blog-meta-html-info-disabled av-blog-meta-tag-disabled  '><\/div>\n","protected":false},"excerpt":{"rendered":"","protected":false},"author":1,"featured_media":11743,"comment_status":"open","ping_status":"open","sticky":false,"template":"","format":"standard","meta":{"footnotes":""},"categories":[38],"tags":[],"class_list":["post-11742","post","type-post","status-publish","format-standard","has-post-thumbnail","hentry","category-regional"],"jetpack_featured_media_url":"https:\/\/radiorevelacionfm.cl\/wp-content\/uploads\/2021\/12\/img_6994-2_optimized.jpg","_links":{"self":[{"href":"https:\/\/radiorevelacionfm.cl\/index.php?rest_route=\/wp\/v2\/posts\/11742","targetHints":{"allow":["GET"]}}],"collection":[{"href":"https:\/\/radiorevelacionfm.cl\/index.php?rest_route=\/wp\/v2\/posts"}],"about":[{"href":"https:\/\/radiorevelacionfm.cl\/index.php?rest_route=\/wp\/v2\/types\/post"}],"author":[{"embeddable":true,"href":"https:\/\/radiorevelacionfm.cl\/index.php?rest_route=\/wp\/v2\/users\/1"}],"replies":[{"embeddable":true,"href":"https:\/\/radiorevelacionfm.cl\/index.php?rest_route=%2Fwp%2Fv2%2Fcomments&post=11742"}],"version-history":[{"count":2,"href":"https:\/\/radiorevelacionfm.cl\/index.php?rest_route=\/wp\/v2\/posts\/11742\/revisions"}],"predecessor-version":[{"id":11745,"href":"https:\/\/radiorevelacionfm.cl\/index.php?rest_route=\/wp\/v2\/posts\/11742\/revisions\/11745"}],"wp:featuredmedia":[{"embeddable":true,"href":"https:\/\/radiorevelacionfm.cl\/index.php?rest_route=\/wp\/v2\/media\/11743"}],"wp:attachment":[{"href":"https:\/\/radiorevelacionfm.cl\/index.php?rest_route=%2Fwp%2Fv2%2Fmedia&parent=11742"}],"wp:term":[{"taxonomy":"category","embeddable":true,"href":"https:\/\/radiorevelacionfm.cl\/index.php?rest_route=%2Fwp%2Fv2%2Fcategories&post=11742"},{"taxonomy":"post_tag","embeddable":true,"href":"https:\/\/radiorevelacionfm.cl\/index.php?rest_route=%2Fwp%2Fv2%2Ftags&post=11742"}],"curies":[{"name":"wp","href":"https:\/\/api.w.org\/{rel}","templated":true}]}}