{"id":11730,"date":"2021-12-11T11:17:31","date_gmt":"2021-12-11T14:17:31","guid":{"rendered":"https:\/\/radiorevelacionfm.cl\/?p=11730"},"modified":"2021-12-11T11:17:31","modified_gmt":"2021-12-11T14:17:31","slug":"estudiantes-de-pedagogia-en-educacion-basica-se-capacitan-en-estrategias-innovadoras-para-la-ensenanza","status":"publish","type":"post","link":"https:\/\/radiorevelacionfm.cl\/?p=11730","title":{"rendered":"Estudiantes de Pedagog\u00eda en Educaci\u00f3n B\u00e1sica se capacitan en estrategias innovadoras para la ense\u00f1anza"},"content":{"rendered":"<div class=\"flex_column av_one_full  flex_column_div av-zero-column-padding first  avia-builder-el-0  el_before_av_one_full  avia-builder-el-first  \" style='border-radius:0px; '><div  class='avia-image-container  av-styling-    avia-builder-el-1  avia-builder-el-no-sibling  avia-align-center '  itemprop=\"image\" itemscope=\"itemscope\" itemtype=\"https:\/\/schema.org\/ImageObject\"  ><div class='avia-image-container-inner'><div class='avia-image-overlay-wrap'><img decoding=\"async\" class='wp-image-11731 avia-img-lazy-loading-not-11731 avia_image' src=\"https:\/\/radiorevelacionfm.cl\/wp-content\/uploads\/2021\/12\/Taller-PIDU-2-2.jpg\" alt='' title='Taller PIDU-2-2' height=\"600\" width=\"960\"  itemprop=\"thumbnailUrl\" srcset=\"https:\/\/radiorevelacionfm.cl\/wp-content\/uploads\/2021\/12\/Taller-PIDU-2-2.jpg 960w, https:\/\/radiorevelacionfm.cl\/wp-content\/uploads\/2021\/12\/Taller-PIDU-2-2-300x188.jpg 300w, https:\/\/radiorevelacionfm.cl\/wp-content\/uploads\/2021\/12\/Taller-PIDU-2-2-768x480.jpg 768w, https:\/\/radiorevelacionfm.cl\/wp-content\/uploads\/2021\/12\/Taller-PIDU-2-2-705x441.jpg 705w, https:\/\/radiorevelacionfm.cl\/wp-content\/uploads\/2021\/12\/Taller-PIDU-2-2-600x375.jpg 600w\" sizes=\"(max-width: 960px) 100vw, 960px\" \/><\/div><\/div><\/div><\/div><div class=\"flex_column av_one_full  flex_column_div av-zero-column-padding first  avia-builder-el-2  el_after_av_one_full  el_before_av_one_full  column-top-margin\" style='border-radius:0px; '><section class=\"av_textblock_section \"  itemscope=\"itemscope\" itemtype=\"https:\/\/schema.org\/BlogPosting\" itemprop=\"blogPost\" ><div class='avia_textblock  '   itemprop=\"text\" ><p style=\"text-align: center;\"><span style=\"font-size: 18pt;\"><strong>Estudiantes de Pedagog\u00eda en Educaci\u00f3n B\u00e1sica se capacitan en estrategias innovadoras para la ense\u00f1anza<\/strong><\/span><\/p>\n<div id=\"gtx-trans\" style=\"position: absolute; left: -50px; top: 4.31534px;\">\n<div class=\"gtx-trans-icon\"><\/div>\n<\/div>\n<\/div><\/section><\/div><div class=\"flex_column av_one_full  flex_column_div av-zero-column-padding first  avia-builder-el-4  el_after_av_one_full  el_before_av_hr  column-top-margin\" style='border-radius:0px; '><section class=\"av_textblock_section \"  itemscope=\"itemscope\" itemtype=\"https:\/\/schema.org\/BlogPosting\" itemprop=\"blogPost\" ><div class='avia_textblock  '   itemprop=\"text\" ><p style=\"text-align: justify;\">En el marco de los \u201cProyectos de Innovaci\u00f3n en Docencia Universitaria\u201d dependiente de la Direcci\u00f3n de Estudios de Pregrado de la Universidad Austral de Chile, el Campus Patagonia desarroll\u00f3 una iniciativa con el objetivo de optimizar los procesos de ense\u00f1anza \u2013 aprendizaje de los docentes centrados en las y los estudiantes.<\/p>\n<p style=\"text-align: justify;\">\u201cNuevos lenguajes para un aula diversa: Aportes del radioteatro como estrategia did\u00e1ctica desde la formaci\u00f3n inicial docente\u201d, es el nombre del proyecto que lleva adelante el profesor Jos\u00e9 Peiret para estudiantes del VII semestre de la carrera de Pedagog\u00eda en Educaci\u00f3n B\u00e1sica con menciones, que pretende promover habilidades asociadas a la did\u00e1ctica del lenguaje desde el teatro.<\/p>\n<p style=\"text-align: justify;\">Adem\u00e1s, esta iniciativa busca diagnosticar saberes en torno a los procesos creativos y las vinculaciones art\u00edsticas en los estudiantes, capacitando y vivenciando la creaci\u00f3n de radioteatros para utilizarlos como estrategias did\u00e1cticas en el aula escolar, desarroll\u00e1ndose como profesores y profesoras.<\/p>\n<p style=\"text-align: justify;\">El proyecto pretende entregar nuevas herramientas a los futuros profesores para que lo apliquen en sus respectivas aulas de clases, as\u00ed lo destac\u00f3 el docente UACh, Jos\u00e9 Peiret: \u201cEst\u00e1 enfocada a entregar herramientas a los futuros docentes en la construcci\u00f3n de universos sonoros, ya sean audiolibros, cuenta cuentos, radio teatro. Esto es con noci\u00f3n desde la dram\u00e1tica, la construcci\u00f3n de voces, la construcci\u00f3n de un guion a ra\u00edz de un cuento, pero tambi\u00e9n una pos producci\u00f3n, elementos b\u00e1sicos en la elecci\u00f3n de m\u00fasica, en la elecci\u00f3n de efectos sonoros y construir un relato.\u201d<\/p>\n<p style=\"text-align: justify;\">La actriz Florencia Fuentes fue la encargada de realizar estos talleres te\u00f3rico \u2013 pr\u00e1cticos, donde se lograron levantar ficciones a trav\u00e9s de la imagen sonora, activar el sentido de la escucha y estimular la imaginaci\u00f3n para la creaci\u00f3n de otros mundos, y con esto facilitar procesos pedag\u00f3gicos desde distintas disciplinas y canales de comunicaci\u00f3n; es por eso que las nuevas formas de comunicaci\u00f3n y ense\u00f1anza son de vital importancia en estos tiempos, donde los docentes han tenido que reinventarse creando nuevas estrategias de ense\u00f1anza a trav\u00e9s de una pantalla.<\/p>\n<p style=\"text-align: justify;\">\u201cHoy en d\u00eda a ra\u00edz de la pandemia, la utilizaci\u00f3n de podcast, radioteatro, cuenta cuentos, ha crecido bastante por las plataformas, entonces hemos identificado que esto es un herramienta que pueda potenciar al profesor como una estrategia did\u00e1ctica de ense\u00f1anza\u201d, puntualiz\u00f3 el docente UACh Jos\u00e9 Peiret.<\/p>\n<\/div><\/section><\/div><div  style='height:50px' class='hr hr-invisible   avia-builder-el-6  el_after_av_one_full  el_before_av_social_share '><span class='hr-inner ' ><span class='hr-inner-style'><\/span><\/span><\/div><\/p>\n<div  class='av-social-sharing-box  avia-builder-el-7  el_after_av_hr  el_before_av_hr  '><div class='av-share-box'><h5 class='av-share-link-description av-no-toc '>Compartir esta noticia<\/h5><ul class='av-share-box-list noLightbox'><li class='av-share-link av-social-link-facebook' ><a target=\"_blank\" aria-label=\"Compartir en Facebook\" href='https:\/\/www.facebook.com\/sharer.php?u=https:\/\/radiorevelacionfm.cl\/?p=11730&#038;t=Estudiantes%20de%20Pedagog%C3%ADa%20en%20Educaci%C3%B3n%20B%C3%A1sica%20se%20capacitan%20en%20estrategias%20innovadoras%20para%20la%20ense%C3%B1anza' aria-hidden='false' data-av_icon='\ue8f3' data-av_iconfont='entypo-fontello' title='' data-avia-related-tooltip='Compartir en Facebook' rel=\"noopener\"><span class='avia_hidden_link_text'>Compartir en Facebook<\/span><\/a><\/li><li class='av-share-link av-social-link-twitter' ><a target=\"_blank\" aria-label=\"Compartir en Twitter\" href='https:\/\/twitter.com\/share?text=Estudiantes%20de%20Pedagog%C3%ADa%20en%20Educaci%C3%B3n%20B%C3%A1sica%20se%20capacitan%20en%20estrategias%20innovadoras%20para%20la%20ense%C3%B1anza&#038;url=https:\/\/radiorevelacionfm.cl\/?p=11730' aria-hidden='false' data-av_icon='\ue8f1' data-av_iconfont='entypo-fontello' title='' data-avia-related-tooltip='Compartir en Twitter' rel=\"noopener\"><span class='avia_hidden_link_text'>Compartir en Twitter<\/span><\/a><\/li><li class='av-share-link av-social-link-whatsapp' ><a target=\"_blank\" aria-label=\"Compartir en Whatsapp\" href='https:\/\/api.whatsapp.com\/send?text=https:\/\/radiorevelacionfm.cl\/?p=11730' aria-hidden='false' data-av_icon='\uf232' data-av_iconfont='entypo-fontello' title='' data-avia-related-tooltip='Compartir en Whatsapp' rel=\"noopener\"><span class='avia_hidden_link_text'>Compartir en Whatsapp<\/span><\/a><\/li><li class='av-share-link av-social-link-linkedin' ><a target=\"_blank\" aria-label=\"Compartir en LinkedIn\" href='https:\/\/linkedin.com\/shareArticle?mini=true&#038;title=Estudiantes%20de%20Pedagog%C3%ADa%20en%20Educaci%C3%B3n%20B%C3%A1sica%20se%20capacitan%20en%20estrategias%20innovadoras%20para%20la%20ense%C3%B1anza&#038;url=https:\/\/radiorevelacionfm.cl\/?p=11730' aria-hidden='false' data-av_icon='\ue8fc' data-av_iconfont='entypo-fontello' title='' data-avia-related-tooltip='Compartir en LinkedIn' rel=\"noopener\"><span class='avia_hidden_link_text'>Compartir en LinkedIn<\/span><\/a><\/li><li class='av-share-link av-social-link-mail' ><a  aria-label=\"Compartir por correo\" href='mailto:?subject=Estudiantes%20de%20Pedagog%C3%ADa%20en%20Educaci%C3%B3n%20B%C3%A1sica%20se%20capacitan%20en%20estrategias%20innovadoras%20para%20la%20ense%C3%B1anza&#038;body=https:\/\/radiorevelacionfm.cl\/?p=11730' aria-hidden='false' data-av_icon='\ue805' data-av_iconfont='entypo-fontello' title='' data-avia-related-tooltip='Compartir por correo'><span class='avia_hidden_link_text'>Compartir por correo<\/span><\/a><\/li><\/ul><\/div><\/div>\n<div  style='height:50px' class='hr hr-invisible   avia-builder-el-8  el_after_av_social_share  el_before_av_comments_list '><span class='hr-inner ' ><span class='hr-inner-style'><\/span><\/span><\/div>\n<div  class='av-buildercomment  av-blog-meta-html-info-disabled av-blog-meta-tag-disabled  '><\/div>\n","protected":false},"excerpt":{"rendered":"","protected":false},"author":1,"featured_media":11731,"comment_status":"open","ping_status":"open","sticky":false,"template":"","format":"standard","meta":{"footnotes":""},"categories":[49],"tags":[],"class_list":["post-11730","post","type-post","status-publish","format-standard","has-post-thumbnail","hentry","category-educacion"],"jetpack_featured_media_url":"https:\/\/radiorevelacionfm.cl\/wp-content\/uploads\/2021\/12\/Taller-PIDU-2-2.jpg","_links":{"self":[{"href":"https:\/\/radiorevelacionfm.cl\/index.php?rest_route=\/wp\/v2\/posts\/11730","targetHints":{"allow":["GET"]}}],"collection":[{"href":"https:\/\/radiorevelacionfm.cl\/index.php?rest_route=\/wp\/v2\/posts"}],"about":[{"href":"https:\/\/radiorevelacionfm.cl\/index.php?rest_route=\/wp\/v2\/types\/post"}],"author":[{"embeddable":true,"href":"https:\/\/radiorevelacionfm.cl\/index.php?rest_route=\/wp\/v2\/users\/1"}],"replies":[{"embeddable":true,"href":"https:\/\/radiorevelacionfm.cl\/index.php?rest_route=%2Fwp%2Fv2%2Fcomments&post=11730"}],"version-history":[{"count":2,"href":"https:\/\/radiorevelacionfm.cl\/index.php?rest_route=\/wp\/v2\/posts\/11730\/revisions"}],"predecessor-version":[{"id":11755,"href":"https:\/\/radiorevelacionfm.cl\/index.php?rest_route=\/wp\/v2\/posts\/11730\/revisions\/11755"}],"wp:featuredmedia":[{"embeddable":true,"href":"https:\/\/radiorevelacionfm.cl\/index.php?rest_route=\/wp\/v2\/media\/11731"}],"wp:attachment":[{"href":"https:\/\/radiorevelacionfm.cl\/index.php?rest_route=%2Fwp%2Fv2%2Fmedia&parent=11730"}],"wp:term":[{"taxonomy":"category","embeddable":true,"href":"https:\/\/radiorevelacionfm.cl\/index.php?rest_route=%2Fwp%2Fv2%2Fcategories&post=11730"},{"taxonomy":"post_tag","embeddable":true,"href":"https:\/\/radiorevelacionfm.cl\/index.php?rest_route=%2Fwp%2Fv2%2Ftags&post=11730"}],"curies":[{"name":"wp","href":"https:\/\/api.w.org\/{rel}","templated":true}]}}