{"id":11722,"date":"2021-12-10T13:22:34","date_gmt":"2021-12-10T16:22:34","guid":{"rendered":"https:\/\/radiorevelacionfm.cl\/?p=11722"},"modified":"2021-12-10T13:22:34","modified_gmt":"2021-12-10T16:22:34","slug":"hacen-llamado-a-mas-de-1-000-familias-para-cobrar-ampliacion-y-reasignacion-del-subsidio-de-calefaccion-2021","status":"publish","type":"post","link":"https:\/\/radiorevelacionfm.cl\/?p=11722","title":{"rendered":"Hacen llamado a m\u00e1s de 1.000 familias para cobrar ampliaci\u00f3n y reasignaci\u00f3n del Subsidio de Calefacci\u00f3n 2021"},"content":{"rendered":"<div class=\"flex_column av_one_full  flex_column_div av-zero-column-padding first  avia-builder-el-0  el_before_av_one_full  avia-builder-el-first  \" style='border-radius:0px; '><div  class='avia-image-container  av-styling-    avia-builder-el-1  avia-builder-el-no-sibling  avia-align-center '  itemprop=\"image\" itemscope=\"itemscope\" itemtype=\"https:\/\/schema.org\/ImageObject\"  ><div class='avia-image-container-inner'><div class='avia-image-overlay-wrap'><img decoding=\"async\" class='wp-image-11723 avia-img-lazy-loading-not-11723 avia_image' src=\"https:\/\/radiorevelacionfm.cl\/wp-content\/uploads\/2021\/12\/sca1-2_optimized.jpg\" alt='' title='sca1-2_optimized' height=\"600\" width=\"1258\"  itemprop=\"thumbnailUrl\" srcset=\"https:\/\/radiorevelacionfm.cl\/wp-content\/uploads\/2021\/12\/sca1-2_optimized.jpg 1258w, https:\/\/radiorevelacionfm.cl\/wp-content\/uploads\/2021\/12\/sca1-2_optimized-300x143.jpg 300w, https:\/\/radiorevelacionfm.cl\/wp-content\/uploads\/2021\/12\/sca1-2_optimized-1030x491.jpg 1030w, https:\/\/radiorevelacionfm.cl\/wp-content\/uploads\/2021\/12\/sca1-2_optimized-768x366.jpg 768w, https:\/\/radiorevelacionfm.cl\/wp-content\/uploads\/2021\/12\/sca1-2_optimized-705x336.jpg 705w, https:\/\/radiorevelacionfm.cl\/wp-content\/uploads\/2021\/12\/sca1-2_optimized-600x286.jpg 600w\" sizes=\"(max-width: 1258px) 100vw, 1258px\" \/><\/div><\/div><\/div><\/div><div class=\"flex_column av_one_full  flex_column_div av-zero-column-padding first  avia-builder-el-2  el_after_av_one_full  el_before_av_one_full  column-top-margin\" style='border-radius:0px; '><section class=\"av_textblock_section \"  itemscope=\"itemscope\" itemtype=\"https:\/\/schema.org\/BlogPosting\" itemprop=\"blogPost\" ><div class='avia_textblock  '   itemprop=\"text\" ><p style=\"text-align: center;\"><span style=\"font-size: 18pt;\"><strong>Hacen llamado a m\u00e1s de 1.000 familias para cobrar ampliaci\u00f3n y reasignaci\u00f3n del Subsidio de Calefacci\u00f3n 2021<\/strong><\/span><\/p>\n<div id=\"gtx-trans\" style=\"position: absolute; left: -50px; top: 4.31534px;\">\n<div class=\"gtx-trans-icon\"><\/div>\n<\/div>\n<\/div><\/section><\/div><div class=\"flex_column av_one_full  flex_column_div av-zero-column-padding first  avia-builder-el-4  el_after_av_one_full  el_before_av_hr  column-top-margin\" style='border-radius:0px; '><section class=\"av_textblock_section \"  itemscope=\"itemscope\" itemtype=\"https:\/\/schema.org\/BlogPosting\" itemprop=\"blogPost\" ><div class='avia_textblock  '   itemprop=\"text\" ><p style=\"text-align: justify;\">Son 1.080 las familias que a\u00fan no han cobrado este aporte de 100 mil pesos que entrega el Fondo de Solidaridad e Inversi\u00f3n Social, FOSIS, con recursos del Ministerio de Desarrollo Social y Familia del Gobierno de Chile. Este a\u00f1o el beneficio consider\u00f3 a m\u00e1s de 28.500 familias de la regi\u00f3n de Ays\u00e9n, que se encuentran en los tramos de mayor vulnerabilidad seg\u00fan su Registro Social de Hogares.<\/p>\n<p style=\"text-align: justify;\">El proceso de ampliaci\u00f3n del bono, iniciado en julio, permiti\u00f3 sumar a m\u00e1s de 2.270 familias que no recibieron el aporte en la primera instancia de pago, que se llev\u00f3 a cabo en marzo del presente a\u00f1o. La reasignaci\u00f3n del beneficio, realizada en octubre, consisti\u00f3 en que m\u00e1s de 960 bonos no cobrados en el primer proceso, pudieron ser transferidos a familias que cumpl\u00edan con los requisitos y hab\u00edan quedado en lista de espera.<\/p>\n<p style=\"text-align: justify;\">Las familias beneficiarias de la ampliaci\u00f3n y reasignaci\u00f3n, que ten\u00edan habilitada su Cuenta Rut, sin Pago Autom\u00e1tico de Cuentas (PAC) asociado, ya recibieron este bono orientado a apoyar los gastos de calefacci\u00f3n y s\u00f3lo quedan pendientes pagos presenciales que se podr\u00e1n cobrar en sucursales de BancoEstado o BancoEstado Express presentes en Coyhaique, Puerto Ays\u00e9n, Cochrane, Chile Chico y Puerto Cisnes.<\/p>\n<p style=\"text-align: justify;\">La Directora Regional del FOSIS Ays\u00e9n, Dominique Br\u00e4utigam, invit\u00f3 a quienes a\u00fan no han cobrado el beneficio a hacerlo antes de perder los recursos. \u201cEs importante que las familias que tienen pendiente el cobro de la ampliaci\u00f3n del Subsidio de Calefacci\u00f3n 2021 se puedan acercar a las sucursales de Banco Estado a la brevedad para retirar el bono con su c\u00e9dula de identidad vigente, ya que existe plazo hasta el 23 de diciembre y posterior a esta fecha perder\u00e1n ese dinero. Respecto del proceso de reasignaci\u00f3n del beneficio, a\u00fan existe plazo hasta el mes de marzo para cobrarlo. Recalcar que la n\u00f3mina de familias seleccionadas, en todos los procesos de entrega de este beneficio, es de acuerdo al Registro Social de Hogares con fecha 1 de marzo del 2021\u201d.<\/p>\n<p style=\"text-align: justify;\">Marcelo J\u00e9lvez, Seremi de Desarrollo Social y Familia, destac\u00f3 que \u201cdesde nuestro Ministerio a\u00f1o a a\u00f1o hacemos todos los esfuerzos posibles por llegar con este importante aporte a las familias de la regi\u00f3n de Ays\u00e9n que m\u00e1s lo necesitan. Sabemos que estos recursos nos permiten ayudar a m\u00e1s de 28.500 familias de la regi\u00f3n y apoyar sus gastos para calefaccionarse durante el invierno y los meses m\u00e1s fr\u00edos del a\u00f1o. En esta oportunidad, queremos recordarles que estamos a semanas del cierre del proceso de ampliaci\u00f3n y a pocos meses de que concluya tambi\u00e9n la etapa del pago de la reasignaci\u00f3n del Subsidio de Calefacci\u00f3n 2021. Ambas instancias nos han permitido atender a familias que no fueron consideradas en el primer proceso del mes de marzo y a reasignar bonos no cobrados para personas que esperamos los puedan aprovechar y cobrar de manera oportuna\u201d.<\/p>\n<p style=\"text-align: justify;\">Para verificar si corresponde el cobro, tanto de la ampliaci\u00f3n como de la reasignaci\u00f3n del Subsidio de Calefacci\u00f3n 2021, se debe consultar con el RUT del representante familiar en el sitio web del FOSIS (<a href=\"http:\/\/www.fosis.gob.cl\/\">www.fosis.gob.cl<\/a>). Para mayor informaci\u00f3n est\u00e1n disponibles los n\u00fameros +56934301233 y +56934301234, o escribir al correo <a href=\"mailto:ofpartesaysen@fosis.gob.cl\">ofpartesaysen@fosis.gob.cl<\/a>. El horario de atenci\u00f3n es de lunes a jueves de 8:30 a 13:00 horas y de 15:00 a 16:30 horas y los viernes de 8:30 a 13:00 horas.<\/p>\n<\/div><\/section><\/div><div  style='height:50px' class='hr hr-invisible   avia-builder-el-6  el_after_av_one_full  el_before_av_social_share '><span class='hr-inner ' ><span class='hr-inner-style'><\/span><\/span><\/div><\/p>\n<div  class='av-social-sharing-box  avia-builder-el-7  el_after_av_hr  el_before_av_hr  '><div class='av-share-box'><h5 class='av-share-link-description av-no-toc '>Compartir esta noticia<\/h5><ul class='av-share-box-list noLightbox'><li class='av-share-link av-social-link-facebook' ><a target=\"_blank\" aria-label=\"Compartir en Facebook\" href='https:\/\/www.facebook.com\/sharer.php?u=https:\/\/radiorevelacionfm.cl\/?p=11722&#038;t=Hacen%20llamado%20a%20m%C3%A1s%20de%201.000%20familias%20para%20cobrar%20ampliaci%C3%B3n%20y%20reasignaci%C3%B3n%20del%20Subsidio%20de%20Calefacci%C3%B3n%202021' aria-hidden='false' data-av_icon='\ue8f3' data-av_iconfont='entypo-fontello' title='' data-avia-related-tooltip='Compartir en Facebook' rel=\"noopener\"><span class='avia_hidden_link_text'>Compartir en Facebook<\/span><\/a><\/li><li class='av-share-link av-social-link-twitter' ><a target=\"_blank\" aria-label=\"Compartir en Twitter\" href='https:\/\/twitter.com\/share?text=Hacen%20llamado%20a%20m%C3%A1s%20de%201.000%20familias%20para%20cobrar%20ampliaci%C3%B3n%20y%20reasignaci%C3%B3n%20del%20Subsidio%20de%20Calefacci%C3%B3n%202021&#038;url=https:\/\/radiorevelacionfm.cl\/?p=11722' aria-hidden='false' data-av_icon='\ue8f1' data-av_iconfont='entypo-fontello' title='' data-avia-related-tooltip='Compartir en Twitter' rel=\"noopener\"><span class='avia_hidden_link_text'>Compartir en Twitter<\/span><\/a><\/li><li class='av-share-link av-social-link-whatsapp' ><a target=\"_blank\" aria-label=\"Compartir en Whatsapp\" href='https:\/\/api.whatsapp.com\/send?text=https:\/\/radiorevelacionfm.cl\/?p=11722' aria-hidden='false' data-av_icon='\uf232' data-av_iconfont='entypo-fontello' title='' data-avia-related-tooltip='Compartir en Whatsapp' rel=\"noopener\"><span class='avia_hidden_link_text'>Compartir en Whatsapp<\/span><\/a><\/li><li class='av-share-link av-social-link-linkedin' ><a target=\"_blank\" aria-label=\"Compartir en LinkedIn\" href='https:\/\/linkedin.com\/shareArticle?mini=true&#038;title=Hacen%20llamado%20a%20m%C3%A1s%20de%201.000%20familias%20para%20cobrar%20ampliaci%C3%B3n%20y%20reasignaci%C3%B3n%20del%20Subsidio%20de%20Calefacci%C3%B3n%202021&#038;url=https:\/\/radiorevelacionfm.cl\/?p=11722' aria-hidden='false' data-av_icon='\ue8fc' data-av_iconfont='entypo-fontello' title='' data-avia-related-tooltip='Compartir en LinkedIn' rel=\"noopener\"><span class='avia_hidden_link_text'>Compartir en LinkedIn<\/span><\/a><\/li><li class='av-share-link av-social-link-mail' ><a  aria-label=\"Compartir por correo\" href='mailto:?subject=Hacen%20llamado%20a%20m%C3%A1s%20de%201.000%20familias%20para%20cobrar%20ampliaci%C3%B3n%20y%20reasignaci%C3%B3n%20del%20Subsidio%20de%20Calefacci%C3%B3n%202021&#038;body=https:\/\/radiorevelacionfm.cl\/?p=11722' aria-hidden='false' data-av_icon='\ue805' data-av_iconfont='entypo-fontello' title='' data-avia-related-tooltip='Compartir por correo'><span class='avia_hidden_link_text'>Compartir por correo<\/span><\/a><\/li><\/ul><\/div><\/div>\n<div  style='height:50px' class='hr hr-invisible   avia-builder-el-8  el_after_av_social_share  el_before_av_comments_list '><span class='hr-inner ' ><span class='hr-inner-style'><\/span><\/span><\/div>\n<div  class='av-buildercomment  av-blog-meta-html-info-disabled av-blog-meta-tag-disabled  '><\/div>\n","protected":false},"excerpt":{"rendered":"","protected":false},"author":1,"featured_media":11723,"comment_status":"open","ping_status":"open","sticky":false,"template":"","format":"standard","meta":{"footnotes":""},"categories":[38],"tags":[],"class_list":["post-11722","post","type-post","status-publish","format-standard","has-post-thumbnail","hentry","category-regional"],"jetpack_featured_media_url":"https:\/\/radiorevelacionfm.cl\/wp-content\/uploads\/2021\/12\/sca1-2_optimized.jpg","_links":{"self":[{"href":"https:\/\/radiorevelacionfm.cl\/index.php?rest_route=\/wp\/v2\/posts\/11722","targetHints":{"allow":["GET"]}}],"collection":[{"href":"https:\/\/radiorevelacionfm.cl\/index.php?rest_route=\/wp\/v2\/posts"}],"about":[{"href":"https:\/\/radiorevelacionfm.cl\/index.php?rest_route=\/wp\/v2\/types\/post"}],"author":[{"embeddable":true,"href":"https:\/\/radiorevelacionfm.cl\/index.php?rest_route=\/wp\/v2\/users\/1"}],"replies":[{"embeddable":true,"href":"https:\/\/radiorevelacionfm.cl\/index.php?rest_route=%2Fwp%2Fv2%2Fcomments&post=11722"}],"version-history":[{"count":2,"href":"https:\/\/radiorevelacionfm.cl\/index.php?rest_route=\/wp\/v2\/posts\/11722\/revisions"}],"predecessor-version":[{"id":11725,"href":"https:\/\/radiorevelacionfm.cl\/index.php?rest_route=\/wp\/v2\/posts\/11722\/revisions\/11725"}],"wp:featuredmedia":[{"embeddable":true,"href":"https:\/\/radiorevelacionfm.cl\/index.php?rest_route=\/wp\/v2\/media\/11723"}],"wp:attachment":[{"href":"https:\/\/radiorevelacionfm.cl\/index.php?rest_route=%2Fwp%2Fv2%2Fmedia&parent=11722"}],"wp:term":[{"taxonomy":"category","embeddable":true,"href":"https:\/\/radiorevelacionfm.cl\/index.php?rest_route=%2Fwp%2Fv2%2Fcategories&post=11722"},{"taxonomy":"post_tag","embeddable":true,"href":"https:\/\/radiorevelacionfm.cl\/index.php?rest_route=%2Fwp%2Fv2%2Ftags&post=11722"}],"curies":[{"name":"wp","href":"https:\/\/api.w.org\/{rel}","templated":true}]}}