{"id":11718,"date":"2021-12-10T13:08:15","date_gmt":"2021-12-10T16:08:15","guid":{"rendered":"https:\/\/radiorevelacionfm.cl\/?p=11718"},"modified":"2021-12-10T13:08:15","modified_gmt":"2021-12-10T16:08:15","slug":"realizaran-operativo-de-mamografias-y-ecografias-mamarias-para-disminuir-listas-de-espera-en-chile-chico","status":"publish","type":"post","link":"https:\/\/radiorevelacionfm.cl\/?p=11718","title":{"rendered":"Realizar\u00e1n operativo de mamograf\u00edas y ecograf\u00edas mamarias para disminuir listas de espera en Chile Chico"},"content":{"rendered":"<div class=\"flex_column av_one_full  flex_column_div av-zero-column-padding first  avia-builder-el-0  el_before_av_one_full  avia-builder-el-first  \" style='border-radius:0px; '><div  class='avia-image-container  av-styling-    avia-builder-el-1  avia-builder-el-no-sibling  avia-align-center '  itemprop=\"image\" itemscope=\"itemscope\" itemtype=\"https:\/\/schema.org\/ImageObject\"  ><div class='avia-image-container-inner'><div class='avia-image-overlay-wrap'><img decoding=\"async\" class='wp-image-11719 avia-img-lazy-loading-not-11719 avia_image' src=\"https:\/\/radiorevelacionfm.cl\/wp-content\/uploads\/2021\/12\/mamografia.r_d.1575-1050-2.jpg\" alt='' title='mamografia.r_d.1575-1050-2' height=\"600\" width=\"801\"  itemprop=\"thumbnailUrl\" srcset=\"https:\/\/radiorevelacionfm.cl\/wp-content\/uploads\/2021\/12\/mamografia.r_d.1575-1050-2.jpg 801w, https:\/\/radiorevelacionfm.cl\/wp-content\/uploads\/2021\/12\/mamografia.r_d.1575-1050-2-300x225.jpg 300w, https:\/\/radiorevelacionfm.cl\/wp-content\/uploads\/2021\/12\/mamografia.r_d.1575-1050-2-768x575.jpg 768w, https:\/\/radiorevelacionfm.cl\/wp-content\/uploads\/2021\/12\/mamografia.r_d.1575-1050-2-705x528.jpg 705w, https:\/\/radiorevelacionfm.cl\/wp-content\/uploads\/2021\/12\/mamografia.r_d.1575-1050-2-600x449.jpg 600w\" sizes=\"(max-width: 801px) 100vw, 801px\" \/><\/div><\/div><\/div><\/div><div class=\"flex_column av_one_full  flex_column_div av-zero-column-padding first  avia-builder-el-2  el_after_av_one_full  el_before_av_one_full  column-top-margin\" style='border-radius:0px; '><section class=\"av_textblock_section \"  itemscope=\"itemscope\" itemtype=\"https:\/\/schema.org\/BlogPosting\" itemprop=\"blogPost\" ><div class='avia_textblock  '   itemprop=\"text\" ><p style=\"text-align: center;\"><strong><span style=\"font-size: 18pt;\">Realizar\u00e1n operativo de mamograf\u00edas y ecograf\u00edas mamarias para disminuir listas de espera en Chile Chico<\/span><\/strong><\/p>\n<div id=\"gtx-trans\" style=\"position: absolute; left: -50px; top: 4.31534px;\">\n<div class=\"gtx-trans-icon\"><\/div>\n<\/div>\n<\/div><\/section><\/div><div class=\"flex_column av_one_full  flex_column_div av-zero-column-padding first  avia-builder-el-4  el_after_av_one_full  el_before_av_hr  column-top-margin\" style='border-radius:0px; '><section class=\"av_textblock_section \"  itemscope=\"itemscope\" itemtype=\"https:\/\/schema.org\/BlogPosting\" itemprop=\"blogPost\" ><div class='avia_textblock  '   itemprop=\"text\" ><p style=\"text-align: justify;\">A trav\u00e9s del convenio establecido con el servicio de Salud Ays\u00e9n y el Hospital Leopoldo Ortega, habitantes de las comunas de Chile Chico, Cochrane, Tortel, Villa O\u2019Higgins e Ib\u00e1\u00f1ez podr\u00e1n acceder al operativo de mamograf\u00edas, entre el 14 al 17 de diciembre, con el objetivo de disminuir las listas de espera y realizar una detecci\u00f3n precoz del c\u00e1ncer de mama.<\/p>\n<p style=\"text-align: justify;\">De acuerdo a lo detallado por el alcalde Luperciano Mu\u00f1oz \u201ca trav\u00e9s de nuestra cl\u00ednica de salud municipal hemos logrado reducir significativamente las listas de espera en esta \u00e1rea. En esta oportunidad vamos a colaborar con la toma de 60 mamograf\u00edas y su respectivo informe, sin embargo, estos operativos los continuaremos realizando en enero y meses posteriores hasta reducir en su totalidad las alt\u00edsimas listas de espera de las comunas de Cochrane, Villa O\u2019Higgins, Tortel e Ib\u00e1\u00f1ez\u201d.<\/p>\n<p style=\"text-align: justify;\">Del mismo modo, el 13 y 14 de diciembre, se efectuar\u00e1 el operativo de ecograf\u00edas mamarias, destinado a todas mujeres de la comuna de Chile Chico y localidades aleda\u00f1as para lo cual el municipio contrat\u00f3 a una profesional de la salud, especialista en radiolog\u00eda e im\u00e1genes diagn\u00f3sticas. Este trabajo colaborativo implica que el hospital de Chile Chico aportar\u00e1 con las listas de espera, que no superan las 300 personas, y los traslados de la log\u00edstica desde Balmaceda a Ib\u00e1\u00f1ez.<\/p>\n<p style=\"text-align: justify;\">\u201cNuestro convenio est\u00e1 comenzando a tener efectos pr\u00e1cticos, nosotros como municipalidad vamos a realizar una inversi\u00f3n importante para colaborar con la salud p\u00fablica y ayudar a los habitantes de Chile Chico y otras cuatro comunas que pr\u00e1cticamente no tienen la posibilidad de reducir las listas de espera\u201d, explic\u00f3 Luperciano Mu\u00f1oz.<\/p>\n<\/div><\/section><\/div><div  style='height:50px' class='hr hr-invisible   avia-builder-el-6  el_after_av_one_full  el_before_av_social_share '><span class='hr-inner ' ><span class='hr-inner-style'><\/span><\/span><\/div><\/p>\n<div  class='av-social-sharing-box  avia-builder-el-7  el_after_av_hr  el_before_av_hr  '><div class='av-share-box'><h5 class='av-share-link-description av-no-toc '>Compartir esta noticia<\/h5><ul class='av-share-box-list noLightbox'><li class='av-share-link av-social-link-facebook' ><a target=\"_blank\" aria-label=\"Compartir en Facebook\" href='https:\/\/www.facebook.com\/sharer.php?u=https:\/\/radiorevelacionfm.cl\/?p=11718&#038;t=Realizar%C3%A1n%20operativo%20de%20mamograf%C3%ADas%20y%20ecograf%C3%ADas%20mamarias%20para%20disminuir%20listas%20de%20espera%20en%20Chile%20Chico' aria-hidden='false' data-av_icon='\ue8f3' data-av_iconfont='entypo-fontello' title='' data-avia-related-tooltip='Compartir en Facebook' rel=\"noopener\"><span class='avia_hidden_link_text'>Compartir en Facebook<\/span><\/a><\/li><li class='av-share-link av-social-link-twitter' ><a target=\"_blank\" aria-label=\"Compartir en Twitter\" href='https:\/\/twitter.com\/share?text=Realizar%C3%A1n%20operativo%20de%20mamograf%C3%ADas%20y%20ecograf%C3%ADas%20mamarias%20para%20disminuir%20listas%20de%20espera%20en%20Chile%20Chico&#038;url=https:\/\/radiorevelacionfm.cl\/?p=11718' aria-hidden='false' data-av_icon='\ue8f1' data-av_iconfont='entypo-fontello' title='' data-avia-related-tooltip='Compartir en Twitter' rel=\"noopener\"><span class='avia_hidden_link_text'>Compartir en Twitter<\/span><\/a><\/li><li class='av-share-link av-social-link-whatsapp' ><a target=\"_blank\" aria-label=\"Compartir en Whatsapp\" href='https:\/\/api.whatsapp.com\/send?text=https:\/\/radiorevelacionfm.cl\/?p=11718' aria-hidden='false' data-av_icon='\uf232' data-av_iconfont='entypo-fontello' title='' data-avia-related-tooltip='Compartir en Whatsapp' rel=\"noopener\"><span class='avia_hidden_link_text'>Compartir en Whatsapp<\/span><\/a><\/li><li class='av-share-link av-social-link-linkedin' ><a target=\"_blank\" aria-label=\"Compartir en LinkedIn\" href='https:\/\/linkedin.com\/shareArticle?mini=true&#038;title=Realizar%C3%A1n%20operativo%20de%20mamograf%C3%ADas%20y%20ecograf%C3%ADas%20mamarias%20para%20disminuir%20listas%20de%20espera%20en%20Chile%20Chico&#038;url=https:\/\/radiorevelacionfm.cl\/?p=11718' aria-hidden='false' data-av_icon='\ue8fc' data-av_iconfont='entypo-fontello' title='' data-avia-related-tooltip='Compartir en LinkedIn' rel=\"noopener\"><span class='avia_hidden_link_text'>Compartir en LinkedIn<\/span><\/a><\/li><li class='av-share-link av-social-link-mail' ><a  aria-label=\"Compartir por correo\" href='mailto:?subject=Realizar%C3%A1n%20operativo%20de%20mamograf%C3%ADas%20y%20ecograf%C3%ADas%20mamarias%20para%20disminuir%20listas%20de%20espera%20en%20Chile%20Chico&#038;body=https:\/\/radiorevelacionfm.cl\/?p=11718' aria-hidden='false' data-av_icon='\ue805' data-av_iconfont='entypo-fontello' title='' data-avia-related-tooltip='Compartir por correo'><span class='avia_hidden_link_text'>Compartir por correo<\/span><\/a><\/li><\/ul><\/div><\/div>\n<div  style='height:50px' class='hr hr-invisible   avia-builder-el-8  el_after_av_social_share  el_before_av_comments_list '><span class='hr-inner ' ><span class='hr-inner-style'><\/span><\/span><\/div>\n<div  class='av-buildercomment  av-blog-meta-html-info-disabled av-blog-meta-tag-disabled  '><\/div>\n","protected":false},"excerpt":{"rendered":"","protected":false},"author":1,"featured_media":11719,"comment_status":"open","ping_status":"open","sticky":false,"template":"","format":"standard","meta":{"footnotes":""},"categories":[38],"tags":[],"class_list":["post-11718","post","type-post","status-publish","format-standard","has-post-thumbnail","hentry","category-regional"],"jetpack_featured_media_url":"https:\/\/radiorevelacionfm.cl\/wp-content\/uploads\/2021\/12\/mamografia.r_d.1575-1050-2.jpg","_links":{"self":[{"href":"https:\/\/radiorevelacionfm.cl\/index.php?rest_route=\/wp\/v2\/posts\/11718","targetHints":{"allow":["GET"]}}],"collection":[{"href":"https:\/\/radiorevelacionfm.cl\/index.php?rest_route=\/wp\/v2\/posts"}],"about":[{"href":"https:\/\/radiorevelacionfm.cl\/index.php?rest_route=\/wp\/v2\/types\/post"}],"author":[{"embeddable":true,"href":"https:\/\/radiorevelacionfm.cl\/index.php?rest_route=\/wp\/v2\/users\/1"}],"replies":[{"embeddable":true,"href":"https:\/\/radiorevelacionfm.cl\/index.php?rest_route=%2Fwp%2Fv2%2Fcomments&post=11718"}],"version-history":[{"count":2,"href":"https:\/\/radiorevelacionfm.cl\/index.php?rest_route=\/wp\/v2\/posts\/11718\/revisions"}],"predecessor-version":[{"id":11721,"href":"https:\/\/radiorevelacionfm.cl\/index.php?rest_route=\/wp\/v2\/posts\/11718\/revisions\/11721"}],"wp:featuredmedia":[{"embeddable":true,"href":"https:\/\/radiorevelacionfm.cl\/index.php?rest_route=\/wp\/v2\/media\/11719"}],"wp:attachment":[{"href":"https:\/\/radiorevelacionfm.cl\/index.php?rest_route=%2Fwp%2Fv2%2Fmedia&parent=11718"}],"wp:term":[{"taxonomy":"category","embeddable":true,"href":"https:\/\/radiorevelacionfm.cl\/index.php?rest_route=%2Fwp%2Fv2%2Fcategories&post=11718"},{"taxonomy":"post_tag","embeddable":true,"href":"https:\/\/radiorevelacionfm.cl\/index.php?rest_route=%2Fwp%2Fv2%2Ftags&post=11718"}],"curies":[{"name":"wp","href":"https:\/\/api.w.org\/{rel}","templated":true}]}}