{"id":11710,"date":"2021-12-10T10:59:30","date_gmt":"2021-12-10T13:59:30","guid":{"rendered":"https:\/\/radiorevelacionfm.cl\/?p=11710"},"modified":"2021-12-10T10:59:30","modified_gmt":"2021-12-10T13:59:30","slug":"mujeres-de-aysen-participan-de-encuentro-comunal-de-jefas-de-hogar","status":"publish","type":"post","link":"https:\/\/radiorevelacionfm.cl\/?p=11710","title":{"rendered":"Mujeres de Ays\u00e9n participan de Encuentro Comunal de Jefas de Hogar"},"content":{"rendered":"<div class=\"flex_column av_one_full  flex_column_div av-zero-column-padding first  avia-builder-el-0  el_before_av_one_full  avia-builder-el-first  \" style='border-radius:0px; '><div  class='avia-image-container  av-styling-    avia-builder-el-1  avia-builder-el-no-sibling  avia-align-center '  itemprop=\"image\" itemscope=\"itemscope\" itemtype=\"https:\/\/schema.org\/ImageObject\"  ><div class='avia-image-container-inner'><div class='avia-image-overlay-wrap'><img decoding=\"async\" class='wp-image-11711 avia-img-lazy-loading-not-11711 avia_image' src=\"https:\/\/radiorevelacionfm.cl\/wp-content\/uploads\/2021\/12\/encuentro-comunal-mjh-2-2_optimized.jpg\" alt='' title='encuentro-comunal-mjh-2-2_optimized' height=\"600\" width=\"1395\"  itemprop=\"thumbnailUrl\" srcset=\"https:\/\/radiorevelacionfm.cl\/wp-content\/uploads\/2021\/12\/encuentro-comunal-mjh-2-2_optimized.jpg 1395w, https:\/\/radiorevelacionfm.cl\/wp-content\/uploads\/2021\/12\/encuentro-comunal-mjh-2-2_optimized-300x129.jpg 300w, https:\/\/radiorevelacionfm.cl\/wp-content\/uploads\/2021\/12\/encuentro-comunal-mjh-2-2_optimized-1030x443.jpg 1030w, https:\/\/radiorevelacionfm.cl\/wp-content\/uploads\/2021\/12\/encuentro-comunal-mjh-2-2_optimized-768x330.jpg 768w, https:\/\/radiorevelacionfm.cl\/wp-content\/uploads\/2021\/12\/encuentro-comunal-mjh-2-2_optimized-705x303.jpg 705w, https:\/\/radiorevelacionfm.cl\/wp-content\/uploads\/2021\/12\/encuentro-comunal-mjh-2-2_optimized-600x258.jpg 600w\" sizes=\"(max-width: 1395px) 100vw, 1395px\" \/><\/div><\/div><\/div><\/div><div class=\"flex_column av_one_full  flex_column_div av-zero-column-padding first  avia-builder-el-2  el_after_av_one_full  el_before_av_one_full  column-top-margin\" style='border-radius:0px; '><section class=\"av_textblock_section \"  itemscope=\"itemscope\" itemtype=\"https:\/\/schema.org\/BlogPosting\" itemprop=\"blogPost\" ><div class='avia_textblock  '   itemprop=\"text\" ><p style=\"text-align: center;\"><strong><span style=\"font-size: 18pt;\">Mujeres de Ays\u00e9n participan de Encuentro Comunal de Jefas de Hogar<\/span><\/strong><\/p>\n<div id=\"gtx-trans\" style=\"position: absolute; left: -50px; top: 4.31534px;\">\n<div class=\"gtx-trans-icon\"><\/div>\n<\/div>\n<\/div><\/section><\/div><div class=\"flex_column av_one_full  flex_column_div av-zero-column-padding first  avia-builder-el-4  el_after_av_one_full  el_before_av_hr  column-top-margin\" style='border-radius:0px; '><section class=\"av_textblock_section \"  itemscope=\"itemscope\" itemtype=\"https:\/\/schema.org\/BlogPosting\" itemprop=\"blogPost\" ><div class='avia_textblock  '   itemprop=\"text\" ><p style=\"text-align: justify;\">Fortalecer v\u00ednculos en una instancia colectiva, que se ejecut\u00f3 en modo telem\u00e1tico dado el actual escenario de crisis sanitaria por el Covid-19, fue el objetivo del Encuentro Comunal del Programa Mujeres Jefas de Hogar que reuni\u00f3 a sus participantes y la red de apoyo en el nivel local. Este modelo program\u00e1tico, que tiene como objetivo principal promover la autonom\u00eda econ\u00f3mica de las mujeres, se ejecuta en el territorio gracias a convenios que a\u00f1o a a\u00f1o suscriben el Servicio Nacional de la Mujer y la Equidad de G\u00e9nero, SernamEG, y la Municipalidad de Ays\u00e9n.<\/p>\n<p style=\"text-align: justify;\">En la ceremonia de apertura estuvieron presentes autoridades regionales, provinciales y locales; como tambi\u00e9n equipos de trabajo involucrados en su implementaci\u00f3n. La trayectoria de m\u00e1s de dos d\u00e9cadas que tiene el Programa Mujeres Jefas de Hogar fue relevado por la Directora Regional de SernamEG, Elizabeth Guti\u00e9rrez Eggers. \u201cHan cumplido su trayectoria m\u00e1s de dos mil mujeres que se han preparado para enfrentar un mundo laboral en el que tenemos que saldar muchas brechas; en este sentido, actualmente enfrentamos una situaci\u00f3n compleja por el COVID- 19 y como siempre las mujeres cargamos doblemente los esfuerzos para salir adelante con nuestras familias. El 27% de la econom\u00eda de nuestro pa\u00eds y casi el 30% de la econom\u00eda a nivel mundial se moviliza por el trabajo dom\u00e9stico que nos sobrecarga con 3 a 4 horas al d\u00eda m\u00e1s que a los hombres. Tambi\u00e9n es importante destacar que el 47% de las mujeres en la Regi\u00f3n se declaran jefas de hogar. Han sido dos a\u00f1os especialmente complejos; pese a esto, hemos podido contar con el Programa en el territorio gracias al apoyo de la Municipalidad de Ays\u00e9n\u201d.<\/p>\n<p style=\"text-align: justify;\">Por su parte, el Alcalde de Ays\u00e9n, Julio Uribe Alvarado, dijo: \u201crespecto al convenio que tenemos con SernamEG, nosotros estamos muy contentos del Programa Mujer Jefas de Hogar, ya que este programa ha permitido mejorar la empleabilidad de las mujeres participantes mediante la capacitaci\u00f3n en distintas labores en las cuales han podido encontrar trabajo, crear sus propios emprendimientos o reforzar lo que llevan en la actualidad. Por lo tanto, queremos seguir trabajando en esta misma l\u00ednea, ojal\u00e1 involucrar a m\u00e1s mujeres y agrandar estas iniciativas para abarcar a m\u00e1s vecinas\u201d.<\/p>\n<p style=\"text-align: justify;\">Durante la ceremonia de apertura de la actividad, se realiz\u00f3 la Certificaci\u00f3n Talleres de Formaci\u00f3n para el Trabajo a\u00f1o 2021, instancia de capacitaci\u00f3n y apoyo inicial, por el que pasan todas las participantes del PMJH. En la ocasi\u00f3n, Dayana Garc\u00eda Mart\u00ednez, entreg\u00f3 su testimonio en representaci\u00f3n de las 90 mujeres que los cursan este a\u00f1o 2021. \u201cEntr\u00e9 al Programa para cumplir mi sue\u00f1o de ser emprendedora y durante el a\u00f1o 2021 particip\u00e9 junto a otras 89 mujeres en un ciclo de talleres virtuales y entend\u00ed la importancia del empoderamiento femenino. Puedo decir con mucho orgullo que termin\u00e9 una capacitaci\u00f3n virtual del programa DreamBuilder, programa de capacitaci\u00f3n para emprendedoras; lo que me pone muy contenta ya que con peque\u00f1os pasos estoy avanzado hacia mi objetivo que es entregar un mejor porvenir a mis hijos. Invito a todas las participantes del Programa a luchar por sus sue\u00f1os y plantearse desaf\u00edos, a no darse por vencidas pese a todos los obst\u00e1culos que se presenten en el camino\u201d.<\/p>\n<p style=\"text-align: justify;\">Posteriormente, el Encuentro Comunal contempl\u00f3 una actividad de formaci\u00f3n y di\u00e1logo a trav\u00e9s de un Taller de Derecho de Familia a cargo del Abogado Jefe Corporaci\u00f3n de Asistencia Judicial de Puerto Ays\u00e9n, que finaliz\u00f3 con una ronda de reflexiones y consultas.<\/p>\n<p style=\"text-align: justify;\">Las mujeres sufren discriminaciones en el mercado laboral: alta brecha salarial, segmentaci\u00f3n ocupacional, mayores niveles de desocupaci\u00f3n y menores posibilidades de capacitaci\u00f3n laboral. Seg\u00fan datos del censo 2017 la Jefatura de Hogar femenina es de un 42% a nivel nacional. En los a\u00f1os 2002 y 1992, exist\u00eda 31, 5% y 25,3% respectivamente; lo que da cuenta de un aumento sostenido y progresivo de la jefatura de hogar ejercida por mujeres. En tanto, en la comuna de Ays\u00e9n al a\u00f1o 2017, exist\u00edan 3.338 mujeres cumpliendo el rol de sostenedora familiar, lo que equivale a un 44% del total de hogares, cifra que supera la media nacional y las otras nueve comunas de la regi\u00f3n. Por otra parte, conforme a los reportes del Registro Social de Hogares comunal, se estima que a febrero del a\u00f1o 2021 un total de 5.610 mujeres, lideran sus familias.<\/p>\n<p style=\"text-align: justify;\">En sinton\u00eda con esta realidad, el programa Mujeres Jefas de Hogar a nivel nacional est\u00e1 presente en 250 comunas y participan alrededor de 30 mil mujeres. En el caso de la comuna de Ays\u00e9n son 180 las mujeres que participan cada a\u00f1o a nivel local, de ellas 90 vienen con su trayectoria del a\u00f1o anterior y las terminan este a\u00f1o, a las que se suman 90 nuevas participantes cohorte 2021 que culminar\u00e1n su Proyecto Laboral a mediados del 2022. Las mujeres que ingresan en el a\u00f1o inician su participaci\u00f3n con los \u201cTalleres de Formaci\u00f3n para el Trabajo\u201d; ejecutados por el equipo comunal del programa, con asesor\u00eda t\u00e9cnica del SernamEG Regional. Luego se elaboran los proyectos laborales individuales, de las l\u00edneas de trabajo dependiente o independiente seg\u00fan sea la definici\u00f3n de cada persona; los que pueden incluir intermediaci\u00f3n y colocaci\u00f3n laboral, capacitaci\u00f3n en oficios, apoyo al emprendimiento; adem\u00e1s de componentes transversales para mejorar sus condiciones de empleabilidad, tales como: educaci\u00f3n parvularia para ni\u00f1as y ni\u00f1os a cargo de las usuarias, nivelaci\u00f3n de estudios, alfabetizaci\u00f3n digital y prestaciones de salud.<\/p>\n<p style=\"text-align: justify;\">A mediados del mes de enero del a\u00f1o 2022, se abrir\u00e1n las postulaciones del programa a nivel local, y las mujeres interesadas deber\u00edan informarse en la Oficina del Programa Mujeres Jefas de Hogar, que funciona en la DIDECO de la Municipalidad de Ays\u00e9n, ubicada en calle Teniente Merino N\u00b0630 Puerto Ays\u00e9n.<\/p>\n<\/div><\/section><\/div><div  style='height:50px' class='hr hr-invisible   avia-builder-el-6  el_after_av_one_full  el_before_av_social_share '><span class='hr-inner ' ><span class='hr-inner-style'><\/span><\/span><\/div><\/p>\n<div  class='av-social-sharing-box  avia-builder-el-7  el_after_av_hr  el_before_av_hr  '><div class='av-share-box'><h5 class='av-share-link-description av-no-toc '>Compartir esta noticia<\/h5><ul class='av-share-box-list noLightbox'><li class='av-share-link av-social-link-facebook' ><a target=\"_blank\" aria-label=\"Compartir en Facebook\" href='https:\/\/www.facebook.com\/sharer.php?u=https:\/\/radiorevelacionfm.cl\/?p=11710&#038;t=Mujeres%20de%20Ays%C3%A9n%20participan%20de%20Encuentro%20Comunal%20de%20Jefas%20de%20Hogar' aria-hidden='false' data-av_icon='\ue8f3' data-av_iconfont='entypo-fontello' title='' data-avia-related-tooltip='Compartir en Facebook' rel=\"noopener\"><span class='avia_hidden_link_text'>Compartir en Facebook<\/span><\/a><\/li><li class='av-share-link av-social-link-twitter' ><a target=\"_blank\" aria-label=\"Compartir en Twitter\" href='https:\/\/twitter.com\/share?text=Mujeres%20de%20Ays%C3%A9n%20participan%20de%20Encuentro%20Comunal%20de%20Jefas%20de%20Hogar&#038;url=https:\/\/radiorevelacionfm.cl\/?p=11710' aria-hidden='false' data-av_icon='\ue8f1' data-av_iconfont='entypo-fontello' title='' data-avia-related-tooltip='Compartir en Twitter' rel=\"noopener\"><span class='avia_hidden_link_text'>Compartir en Twitter<\/span><\/a><\/li><li class='av-share-link av-social-link-whatsapp' ><a target=\"_blank\" aria-label=\"Compartir en Whatsapp\" href='https:\/\/api.whatsapp.com\/send?text=https:\/\/radiorevelacionfm.cl\/?p=11710' aria-hidden='false' data-av_icon='\uf232' data-av_iconfont='entypo-fontello' title='' data-avia-related-tooltip='Compartir en Whatsapp' rel=\"noopener\"><span class='avia_hidden_link_text'>Compartir en Whatsapp<\/span><\/a><\/li><li class='av-share-link av-social-link-linkedin' ><a target=\"_blank\" aria-label=\"Compartir en LinkedIn\" href='https:\/\/linkedin.com\/shareArticle?mini=true&#038;title=Mujeres%20de%20Ays%C3%A9n%20participan%20de%20Encuentro%20Comunal%20de%20Jefas%20de%20Hogar&#038;url=https:\/\/radiorevelacionfm.cl\/?p=11710' aria-hidden='false' data-av_icon='\ue8fc' data-av_iconfont='entypo-fontello' title='' data-avia-related-tooltip='Compartir en LinkedIn' rel=\"noopener\"><span class='avia_hidden_link_text'>Compartir en LinkedIn<\/span><\/a><\/li><li class='av-share-link av-social-link-mail' ><a  aria-label=\"Compartir por correo\" href='mailto:?subject=Mujeres%20de%20Ays%C3%A9n%20participan%20de%20Encuentro%20Comunal%20de%20Jefas%20de%20Hogar&#038;body=https:\/\/radiorevelacionfm.cl\/?p=11710' aria-hidden='false' data-av_icon='\ue805' data-av_iconfont='entypo-fontello' title='' data-avia-related-tooltip='Compartir por correo'><span class='avia_hidden_link_text'>Compartir por correo<\/span><\/a><\/li><\/ul><\/div><\/div>\n<div  style='height:50px' class='hr hr-invisible   avia-builder-el-8  el_after_av_social_share  el_before_av_comments_list '><span class='hr-inner ' ><span class='hr-inner-style'><\/span><\/span><\/div>\n<div  class='av-buildercomment  av-blog-meta-html-info-disabled av-blog-meta-tag-disabled  '><\/div>\n","protected":false},"excerpt":{"rendered":"","protected":false},"author":1,"featured_media":11711,"comment_status":"open","ping_status":"open","sticky":false,"template":"","format":"standard","meta":{"footnotes":""},"categories":[38],"tags":[],"class_list":["post-11710","post","type-post","status-publish","format-standard","has-post-thumbnail","hentry","category-regional"],"jetpack_featured_media_url":"https:\/\/radiorevelacionfm.cl\/wp-content\/uploads\/2021\/12\/encuentro-comunal-mjh-2-2_optimized.jpg","_links":{"self":[{"href":"https:\/\/radiorevelacionfm.cl\/index.php?rest_route=\/wp\/v2\/posts\/11710","targetHints":{"allow":["GET"]}}],"collection":[{"href":"https:\/\/radiorevelacionfm.cl\/index.php?rest_route=\/wp\/v2\/posts"}],"about":[{"href":"https:\/\/radiorevelacionfm.cl\/index.php?rest_route=\/wp\/v2\/types\/post"}],"author":[{"embeddable":true,"href":"https:\/\/radiorevelacionfm.cl\/index.php?rest_route=\/wp\/v2\/users\/1"}],"replies":[{"embeddable":true,"href":"https:\/\/radiorevelacionfm.cl\/index.php?rest_route=%2Fwp%2Fv2%2Fcomments&post=11710"}],"version-history":[{"count":2,"href":"https:\/\/radiorevelacionfm.cl\/index.php?rest_route=\/wp\/v2\/posts\/11710\/revisions"}],"predecessor-version":[{"id":11713,"href":"https:\/\/radiorevelacionfm.cl\/index.php?rest_route=\/wp\/v2\/posts\/11710\/revisions\/11713"}],"wp:featuredmedia":[{"embeddable":true,"href":"https:\/\/radiorevelacionfm.cl\/index.php?rest_route=\/wp\/v2\/media\/11711"}],"wp:attachment":[{"href":"https:\/\/radiorevelacionfm.cl\/index.php?rest_route=%2Fwp%2Fv2%2Fmedia&parent=11710"}],"wp:term":[{"taxonomy":"category","embeddable":true,"href":"https:\/\/radiorevelacionfm.cl\/index.php?rest_route=%2Fwp%2Fv2%2Fcategories&post=11710"},{"taxonomy":"post_tag","embeddable":true,"href":"https:\/\/radiorevelacionfm.cl\/index.php?rest_route=%2Fwp%2Fv2%2Ftags&post=11710"}],"curies":[{"name":"wp","href":"https:\/\/api.w.org\/{rel}","templated":true}]}}