{"id":11706,"date":"2021-12-10T10:26:16","date_gmt":"2021-12-10T13:26:16","guid":{"rendered":"https:\/\/radiorevelacionfm.cl\/?p=11706"},"modified":"2021-12-10T11:15:10","modified_gmt":"2021-12-10T14:15:10","slug":"agrupacion-de-derechos-humanos-en-la-ruta-de-la-memoria","status":"publish","type":"post","link":"https:\/\/radiorevelacionfm.cl\/?p=11706","title":{"rendered":"Agrupaci\u00f3n de Derechos Humanos, en la Ruta de la MEMORIA"},"content":{"rendered":"<div class=\"flex_column av_one_full  flex_column_div av-zero-column-padding first  avia-builder-el-0  el_before_av_one_full  avia-builder-el-first  \" style='border-radius:0px; '><div  class='avia-image-container  av-styling-    avia-builder-el-1  avia-builder-el-no-sibling  avia-align-center '  itemprop=\"image\" itemscope=\"itemscope\" itemtype=\"https:\/\/schema.org\/ImageObject\"  ><div class='avia-image-container-inner'><div class='avia-image-overlay-wrap'><img decoding=\"async\" class='wp-image-11715 avia-img-lazy-loading-not-11715 avia_image' src=\"https:\/\/radiorevelacionfm.cl\/wp-content\/uploads\/2021\/12\/241037387_4295407640494675_3104224579984911522_n-2-2.jpg\" alt='' title='241037387_4295407640494675_3104224579984911522_n-2-2' height=\"600\" width=\"900\"  itemprop=\"thumbnailUrl\" srcset=\"https:\/\/radiorevelacionfm.cl\/wp-content\/uploads\/2021\/12\/241037387_4295407640494675_3104224579984911522_n-2-2.jpg 900w, https:\/\/radiorevelacionfm.cl\/wp-content\/uploads\/2021\/12\/241037387_4295407640494675_3104224579984911522_n-2-2-300x200.jpg 300w, https:\/\/radiorevelacionfm.cl\/wp-content\/uploads\/2021\/12\/241037387_4295407640494675_3104224579984911522_n-2-2-768x512.jpg 768w, https:\/\/radiorevelacionfm.cl\/wp-content\/uploads\/2021\/12\/241037387_4295407640494675_3104224579984911522_n-2-2-705x470.jpg 705w, https:\/\/radiorevelacionfm.cl\/wp-content\/uploads\/2021\/12\/241037387_4295407640494675_3104224579984911522_n-2-2-600x400.jpg 600w\" sizes=\"(max-width: 900px) 100vw, 900px\" \/><\/div><\/div><\/div><\/div><div class=\"flex_column av_one_full  flex_column_div av-zero-column-padding first  avia-builder-el-2  el_after_av_one_full  el_before_av_one_full  column-top-margin\" style='border-radius:0px; '><section class=\"av_textblock_section \"  itemscope=\"itemscope\" itemtype=\"https:\/\/schema.org\/BlogPosting\" itemprop=\"blogPost\" ><div class='avia_textblock  '   itemprop=\"text\" ><p style=\"text-align: center;\"><span style=\"font-size: 18pt;\"><b>Agrupaci\u00f3n de Derechos Humanos, en la Ruta de la MEMORIA<\/b><\/span><\/p>\n<div id=\"gtx-trans\" style=\"position: absolute; left: -50px; top: 4.31534px;\">\n<div class=\"gtx-trans-icon\"><\/div>\n<\/div>\n<\/div><\/section><\/div><\/p>\n<div class=\"flex_column av_one_full  flex_column_div av-zero-column-padding first  avia-builder-el-4  el_after_av_one_full  el_before_av_hr  column-top-margin\" style='border-radius:0px; '><section class=\"av_textblock_section \"  itemscope=\"itemscope\" itemtype=\"https:\/\/schema.org\/BlogPosting\" itemprop=\"blogPost\" ><div class='avia_textblock  '   itemprop=\"text\" ><p class=\"v1MsoNormal\" style=\"text-align: justify;\"><span lang=\"ES\"><span style=\"font-family: trebuchet ms, sans-serif;\">En el marco del D\u00eda de los Derechos Humanos la Agrupaci\u00f3n de Derechos Humanos de Coyhaique invita a la comunidad a salir a las calles y reflexionar sobre la historia reciente de nuestra regi\u00f3n. <\/span><\/span><\/p>\n<p class=\"v1MsoNormal\" style=\"text-align: justify;\"><span lang=\"ES\"><span style=\"font-family: trebuchet ms, sans-serif;\">Ser\u00e1 la cuarta versi\u00f3n de la Ruta de la Memoria en Coyhaique, donde se har\u00e1 una caminata por la ciudad, recorriendo los principales lugares donde hubo violaciones a los derechos humanos en la \u00e9poca de la dictadura. <\/span><\/span><\/p>\n<p class=\"v1MsoNormal\" style=\"text-align: justify;\"><span style=\"font-family: trebuchet ms, sans-serif;\">\u00abNuestro desaf\u00edo hoy en d\u00eda es <span lang=\"ES\">construir la memoria desde la defensa de los derechos humanos, <\/span>porque permitir el olvido es dar espacio para que surja la impunidad, el negacionismo de hechos que fueron tan dolorosos para la sociedad a nivel nacional y tambi\u00e9n para las personas de la regi\u00f3n\u00bb, comenta Mar\u00eda Vera, presidenta de la Agrupaci\u00f3n de Derechos Humanos de Coyhaique.<\/span><\/p>\n<p class=\"v1MsoNormal\" style=\"text-align: justify;\"><span style=\"font-family: trebuchet ms, sans-serif;\"><span lang=\"ES\">Por eso con esta actividad, se busca seguir construyendo la memoria colectiva sobre nuestra historia, <\/span>pensando tambi\u00e9n en las nuevas generaciones. En la Ruta de la Memoria, <span lang=\"ES\">integrantes de la Agrupaci\u00f3n como familiares de las v\u00edctimas de Ays\u00e9n, comparten sus <\/span>testimonios e informaci\u00f3n documentada, en estos sitios:<\/span><\/p>\n<p class=\"v1MsoNormal\" style=\"text-align: justify;\"><span style=\"font-family: trebuchet ms, sans-serif;\">1. Regimiento n\u00famero 14 de Ays\u00e9n.<\/span><\/p>\n<p class=\"v1MsoNormal\" style=\"text-align: justify;\"><span style=\"font-family: trebuchet ms, sans-serif;\">2. Cuartel de investigaciones y comisar\u00eda de Coyhaique.<\/span><\/p>\n<p class=\"v1MsoNormal\" style=\"text-align: justify;\"><span style=\"font-family: trebuchet ms, sans-serif;\">3. Casa de Juan Vera Oyarz\u00fan, <span lang=\"ES\">campesino asesinado en Valle Simpson, Coyhaique. <\/span><\/span><\/p>\n<p class=\"v1MsoNormal\" style=\"text-align: justify;\"><span style=\"font-family: trebuchet ms, sans-serif;\">4. Memorial en Homenaje de los Detenidos Desaparecidos y Ejecutados Pol\u00edticos Regi\u00f3n de Ays\u00e9n, en Av. Baquedano de Coyhaique.<\/span><\/p>\n<p class=\"v1MsoNormal\" style=\"text-align: justify;\"><b><span lang=\"ES\"><span style=\"font-family: trebuchet ms, sans-serif;\">Ruta de la Memoria 2021 \u00b7 s\u00e1bado 11 de diciembre \u00b7 11 de la ma\u00f1ana. <\/span><\/span><\/b><\/p>\n<p class=\"v1MsoNormal\" style=\"text-align: justify;\"><span lang=\"ES\"><span style=\"font-family: trebuchet ms, sans-serif;\">El recorrido partir\u00e1 desde el Regimiento n\u00famero 14 de Ays\u00e9n, en Coyhaique.\u00a0 <\/span><\/span><\/p>\n<p class=\"v1MsoNormal\" style=\"text-align: justify;\"><b><span lang=\"ES\"><span style=\"font-family: trebuchet ms, sans-serif;\">Conversatorio: Derechos humanos y memoria\u00bb \u00b7 viernes 10 de diciembre \u00b7 19.30 horas por Facebook @DD.HHCoyhaique<\/span><\/span><\/b><\/p>\n<p class=\"v1MsoNormal\" style=\"text-align: justify;\"><span style=\"font-family: trebuchet ms, sans-serif;\"><b><span lang=\"ES\">Invitada especial Nancy Guzm\u00e1n J.<\/span><\/b> Destacada<b> <\/b>periodista, escritora e investigadora sobre derechos humanos. Algunas de sus \u00faltimas publicaciones son: <b>\u00abLa venda sexy\u00bb<\/b>, <b>\u00abEl saqueo al mar\u00bb<\/b>, <b>\u00abIngrid Olderock: la mujer de los perros\u00bb<\/b>, <b>\u00abEl Fanta: historia de una traici\u00f3n\u00bb<\/b>, <b>\u00abRomo: el pasado en presente\u00bb<\/b>, entre otros.<\/span><\/p>\n<\/div><\/section><\/div>\n<div  style='height:50px' class='hr hr-invisible   avia-builder-el-6  el_after_av_one_full  el_before_av_social_share '><span class='hr-inner ' ><span class='hr-inner-style'><\/span><\/span><\/div>\n<div  class='av-social-sharing-box  avia-builder-el-7  el_after_av_hr  el_before_av_hr  '><div class='av-share-box'><h5 class='av-share-link-description av-no-toc '>Compartir esta noticia<\/h5><ul class='av-share-box-list noLightbox'><li class='av-share-link av-social-link-facebook' ><a target=\"_blank\" aria-label=\"Compartir en Facebook\" href='https:\/\/www.facebook.com\/sharer.php?u=https:\/\/radiorevelacionfm.cl\/?p=11706&#038;t=Agrupaci%C3%B3n%20de%20Derechos%20Humanos%2C%20en%20la%20Ruta%20de%20la%20MEMORIA' aria-hidden='false' data-av_icon='\ue8f3' data-av_iconfont='entypo-fontello' title='' data-avia-related-tooltip='Compartir en Facebook' rel=\"noopener\"><span class='avia_hidden_link_text'>Compartir en Facebook<\/span><\/a><\/li><li class='av-share-link av-social-link-twitter' ><a target=\"_blank\" aria-label=\"Compartir en Twitter\" href='https:\/\/twitter.com\/share?text=Agrupaci%C3%B3n%20de%20Derechos%20Humanos%2C%20en%20la%20Ruta%20de%20la%20MEMORIA&#038;url=https:\/\/radiorevelacionfm.cl\/?p=11706' aria-hidden='false' data-av_icon='\ue8f1' data-av_iconfont='entypo-fontello' title='' data-avia-related-tooltip='Compartir en Twitter' rel=\"noopener\"><span class='avia_hidden_link_text'>Compartir en Twitter<\/span><\/a><\/li><li class='av-share-link av-social-link-whatsapp' ><a target=\"_blank\" aria-label=\"Compartir en Whatsapp\" href='https:\/\/api.whatsapp.com\/send?text=https:\/\/radiorevelacionfm.cl\/?p=11706' aria-hidden='false' data-av_icon='\uf232' data-av_iconfont='entypo-fontello' title='' data-avia-related-tooltip='Compartir en Whatsapp' rel=\"noopener\"><span class='avia_hidden_link_text'>Compartir en Whatsapp<\/span><\/a><\/li><li class='av-share-link av-social-link-linkedin' ><a target=\"_blank\" aria-label=\"Compartir en LinkedIn\" href='https:\/\/linkedin.com\/shareArticle?mini=true&#038;title=Agrupaci%C3%B3n%20de%20Derechos%20Humanos%2C%20en%20la%20Ruta%20de%20la%20MEMORIA&#038;url=https:\/\/radiorevelacionfm.cl\/?p=11706' aria-hidden='false' data-av_icon='\ue8fc' data-av_iconfont='entypo-fontello' title='' data-avia-related-tooltip='Compartir en LinkedIn' rel=\"noopener\"><span class='avia_hidden_link_text'>Compartir en LinkedIn<\/span><\/a><\/li><li class='av-share-link av-social-link-mail' ><a  aria-label=\"Compartir por correo\" href='mailto:?subject=Agrupaci%C3%B3n%20de%20Derechos%20Humanos%2C%20en%20la%20Ruta%20de%20la%20MEMORIA&#038;body=https:\/\/radiorevelacionfm.cl\/?p=11706' aria-hidden='false' data-av_icon='\ue805' data-av_iconfont='entypo-fontello' title='' data-avia-related-tooltip='Compartir por correo'><span class='avia_hidden_link_text'>Compartir por correo<\/span><\/a><\/li><\/ul><\/div><\/div>\n<div  style='height:50px' class='hr hr-invisible   avia-builder-el-8  el_after_av_social_share  el_before_av_comments_list '><span class='hr-inner ' ><span class='hr-inner-style'><\/span><\/span><\/div>\n<div  class='av-buildercomment  av-blog-meta-html-info-disabled av-blog-meta-tag-disabled  '><\/div>\n","protected":false},"excerpt":{"rendered":"","protected":false},"author":1,"featured_media":11715,"comment_status":"open","ping_status":"open","sticky":false,"template":"","format":"standard","meta":{"footnotes":""},"categories":[38],"tags":[],"class_list":["post-11706","post","type-post","status-publish","format-standard","has-post-thumbnail","hentry","category-regional"],"jetpack_featured_media_url":"https:\/\/radiorevelacionfm.cl\/wp-content\/uploads\/2021\/12\/241037387_4295407640494675_3104224579984911522_n-2-2.jpg","_links":{"self":[{"href":"https:\/\/radiorevelacionfm.cl\/index.php?rest_route=\/wp\/v2\/posts\/11706","targetHints":{"allow":["GET"]}}],"collection":[{"href":"https:\/\/radiorevelacionfm.cl\/index.php?rest_route=\/wp\/v2\/posts"}],"about":[{"href":"https:\/\/radiorevelacionfm.cl\/index.php?rest_route=\/wp\/v2\/types\/post"}],"author":[{"embeddable":true,"href":"https:\/\/radiorevelacionfm.cl\/index.php?rest_route=\/wp\/v2\/users\/1"}],"replies":[{"embeddable":true,"href":"https:\/\/radiorevelacionfm.cl\/index.php?rest_route=%2Fwp%2Fv2%2Fcomments&post=11706"}],"version-history":[{"count":3,"href":"https:\/\/radiorevelacionfm.cl\/index.php?rest_route=\/wp\/v2\/posts\/11706\/revisions"}],"predecessor-version":[{"id":11714,"href":"https:\/\/radiorevelacionfm.cl\/index.php?rest_route=\/wp\/v2\/posts\/11706\/revisions\/11714"}],"wp:featuredmedia":[{"embeddable":true,"href":"https:\/\/radiorevelacionfm.cl\/index.php?rest_route=\/wp\/v2\/media\/11715"}],"wp:attachment":[{"href":"https:\/\/radiorevelacionfm.cl\/index.php?rest_route=%2Fwp%2Fv2%2Fmedia&parent=11706"}],"wp:term":[{"taxonomy":"category","embeddable":true,"href":"https:\/\/radiorevelacionfm.cl\/index.php?rest_route=%2Fwp%2Fv2%2Fcategories&post=11706"},{"taxonomy":"post_tag","embeddable":true,"href":"https:\/\/radiorevelacionfm.cl\/index.php?rest_route=%2Fwp%2Fv2%2Ftags&post=11706"}],"curies":[{"name":"wp","href":"https:\/\/api.w.org\/{rel}","templated":true}]}}