{"id":11699,"date":"2021-12-10T09:14:48","date_gmt":"2021-12-10T12:14:48","guid":{"rendered":"https:\/\/radiorevelacionfm.cl\/?p=11699"},"modified":"2021-12-10T09:14:48","modified_gmt":"2021-12-10T12:14:48","slug":"sandoval-sobre-pension-garantizada-universal-pgu-es-un-tremendo-anuncio-y-una-gran-noticia-para-los-pensionados-y-jubilados-de-nuestro-pais","status":"publish","type":"post","link":"https:\/\/radiorevelacionfm.cl\/?p=11699","title":{"rendered":"Sandoval sobre Pensi\u00f3n Garantizada Universal (PGU): \u201cEs un tremendo anuncio y una gran noticia para los pensionados y jubilados de nuestro pa\u00eds\u201d"},"content":{"rendered":"<div class=\"flex_column av_one_full  flex_column_div av-zero-column-padding first  avia-builder-el-0  el_before_av_one_full  avia-builder-el-first  \" style='border-radius:0px; '><div  class='avia-image-container  av-styling-    avia-builder-el-1  avia-builder-el-no-sibling  avia-align-center '  itemprop=\"image\" itemscope=\"itemscope\" itemtype=\"https:\/\/schema.org\/ImageObject\"  ><div class='avia-image-container-inner'><div class='avia-image-overlay-wrap'><img decoding=\"async\" class='wp-image-8342 avia-img-lazy-loading-not-8342 avia_image' src=\"https:\/\/radiorevelacionfm.cl\/wp-content\/uploads\/2021\/09\/SENADOR-SANDOVAL-3-1.jpg\" alt='' title='SENADOR SANDOVAL (3) 1' height=\"600\" width=\"889\"  itemprop=\"thumbnailUrl\" srcset=\"https:\/\/radiorevelacionfm.cl\/wp-content\/uploads\/2021\/09\/SENADOR-SANDOVAL-3-1.jpg 889w, https:\/\/radiorevelacionfm.cl\/wp-content\/uploads\/2021\/09\/SENADOR-SANDOVAL-3-1-300x202.jpg 300w, https:\/\/radiorevelacionfm.cl\/wp-content\/uploads\/2021\/09\/SENADOR-SANDOVAL-3-1-768x518.jpg 768w, https:\/\/radiorevelacionfm.cl\/wp-content\/uploads\/2021\/09\/SENADOR-SANDOVAL-3-1-705x476.jpg 705w, https:\/\/radiorevelacionfm.cl\/wp-content\/uploads\/2021\/09\/SENADOR-SANDOVAL-3-1-600x405.jpg 600w\" sizes=\"(max-width: 889px) 100vw, 889px\" \/><\/div><\/div><\/div><\/div><div class=\"flex_column av_one_full  flex_column_div av-zero-column-padding first  avia-builder-el-2  el_after_av_one_full  el_before_av_one_full  column-top-margin\" style='border-radius:0px; '><section class=\"av_textblock_section \"  itemscope=\"itemscope\" itemtype=\"https:\/\/schema.org\/BlogPosting\" itemprop=\"blogPost\" ><div class='avia_textblock  '   itemprop=\"text\" ><p style=\"text-align: center;\"><span style=\"font-size: 18pt;\"><strong>Sandoval sobre Pensi\u00f3n Garantizada Universal (PGU):\u00a0<\/strong><strong>\u201cEs un tremendo anuncio y una gran noticia para los pensionados y jubilados de nuestro pa\u00eds\u201d<\/strong><\/span><\/p>\n<div id=\"gtx-trans\" style=\"position: absolute; left: -50px; top: 4.31534px;\">\n<div class=\"gtx-trans-icon\"><\/div>\n<\/div>\n<\/div><\/section><\/div><div class=\"flex_column av_one_full  flex_column_div av-zero-column-padding first  avia-builder-el-4  el_after_av_one_full  el_before_av_hr  column-top-margin\" style='border-radius:0px; '><section class=\"av_textblock_section \"  itemscope=\"itemscope\" itemtype=\"https:\/\/schema.org\/BlogPosting\" itemprop=\"blogPost\" ><div class='avia_textblock  '   itemprop=\"text\" ><p style=\"text-align: justify;\">El Parlamentario destac\u00f3 la medida y espera que el Congreso se ponga \u201ca tono\u201d y tramite r\u00e1pidamente la iniciativa<\/p>\n<p style=\"text-align: justify;\">\u201cEl anuncio del presidente de la Rep\u00fablica es un tremendo anuncio y una gran noticia para los pensionados y jubilados de nuestro pa\u00eds\u201d. Con estas palabras, el senador David Sandoval, destac\u00f3 la importancia de la iniciativa del Gobierno que busca implementar una Pensi\u00f3n Garantizada Universal (PGU).<\/p>\n<p style=\"text-align: justify;\">Esta pensi\u00f3n consiste en un beneficio, con cargo al Fisco, para todos los adultos mayores de 65 a\u00f1os que pertenezcan al 90% de menores ingresos de la poblaci\u00f3n. As\u00ed se otorgar\u00e1n $185 mil mensuales como un aporte directo para quienes est\u00e9n dentro del 80% m\u00e1s vulnerable.<\/p>\n<p style=\"text-align: justify;\">En tanto, para quienes se encuentren entre el 81% y el 90% de vulnerabilidad, el monto ir\u00e1 disminuyendo progresivamente a medida que el beneficiario se acerca al 90%, excluyendo solamente al 10% de mayores ingresos. \u201cTodos sabemos que las pensiones han sido una de las grandes demandas y que nunca \u00e9stas son suficientes para satisfacer una vida digna cuando uno est\u00e1 en una condici\u00f3n de retiro\u201d, se\u00f1al\u00f3 Sandoval.<\/p>\n<p style=\"text-align: justify;\">En ese sentido, el parlamentario indic\u00f3 que \u201ctodos los candidatos a la presidencia acogieron esta idea del Gobierno\u201d, si bien lament\u00f3 no haber avanzado en la gran reforma que plante\u00f3 el Ejecutivo. \u201cPero esta es una gran oportunidad para ponernos de acuerdo, tramitar r\u00e1pidamente este beneficio, porque es una soluci\u00f3n realmente concreta, r\u00e1pida y directa\u201d, subray\u00f3.<\/p>\n<p style=\"text-align: justify;\">Por lo mismo, el legislador espera que \u201cel Congreso se ponga a tono, a objeto que en el menor lapso de tiempo posible, esta idea se transforme en ley\u201d y as\u00ed puedan los pensionados y jubilados recibir r\u00e1pidamente este beneficio.<\/p>\n<p style=\"text-align: justify;\">Cabe se\u00f1alar que con esta iniciativa se aumentar\u00e1 la actual cobertura en cerca de 500 mil personas, llegando a las 2.3 millones de adultos mayores.<\/p>\n<\/div><\/section><\/div><div  style='height:50px' class='hr hr-invisible   avia-builder-el-6  el_after_av_one_full  el_before_av_social_share '><span class='hr-inner ' ><span class='hr-inner-style'><\/span><\/span><\/div><\/p>\n<div  class='av-social-sharing-box  avia-builder-el-7  el_after_av_hr  el_before_av_hr  '><div class='av-share-box'><h5 class='av-share-link-description av-no-toc '>Compartir esta noticia<\/h5><ul class='av-share-box-list noLightbox'><li class='av-share-link av-social-link-facebook' ><a target=\"_blank\" aria-label=\"Compartir en Facebook\" href='https:\/\/www.facebook.com\/sharer.php?u=https:\/\/radiorevelacionfm.cl\/?p=11699&#038;t=Sandoval%20sobre%20Pensi%C3%B3n%20Garantizada%20Universal%20%28PGU%29%3A%20%E2%80%9CEs%20un%20tremendo%20anuncio%20y%20una%20gran%20noticia%20para%20los%20pensionados%20y%20jubilados%20de%20nuestro%20pa%C3%ADs%E2%80%9D' aria-hidden='false' data-av_icon='\ue8f3' data-av_iconfont='entypo-fontello' title='' data-avia-related-tooltip='Compartir en Facebook' rel=\"noopener\"><span class='avia_hidden_link_text'>Compartir en Facebook<\/span><\/a><\/li><li class='av-share-link av-social-link-twitter' ><a target=\"_blank\" aria-label=\"Compartir en Twitter\" href='https:\/\/twitter.com\/share?text=Sandoval%20sobre%20Pensi%C3%B3n%20Garantizada%20Universal%20%28PGU%29%3A%20%E2%80%9CEs%20un%20tremendo%20anuncio%20y%20una%20gran%20noticia%20para%20los%20pensionados%20y%20jubilados%20de%20nuestro%20pa%C3%ADs%E2%80%9D&#038;url=https:\/\/radiorevelacionfm.cl\/?p=11699' aria-hidden='false' data-av_icon='\ue8f1' data-av_iconfont='entypo-fontello' title='' data-avia-related-tooltip='Compartir en Twitter' rel=\"noopener\"><span class='avia_hidden_link_text'>Compartir en Twitter<\/span><\/a><\/li><li class='av-share-link av-social-link-whatsapp' ><a target=\"_blank\" aria-label=\"Compartir en Whatsapp\" href='https:\/\/api.whatsapp.com\/send?text=https:\/\/radiorevelacionfm.cl\/?p=11699' aria-hidden='false' data-av_icon='\uf232' data-av_iconfont='entypo-fontello' title='' data-avia-related-tooltip='Compartir en Whatsapp' rel=\"noopener\"><span class='avia_hidden_link_text'>Compartir en Whatsapp<\/span><\/a><\/li><li class='av-share-link av-social-link-linkedin' ><a target=\"_blank\" aria-label=\"Compartir en LinkedIn\" href='https:\/\/linkedin.com\/shareArticle?mini=true&#038;title=Sandoval%20sobre%20Pensi%C3%B3n%20Garantizada%20Universal%20%28PGU%29%3A%20%E2%80%9CEs%20un%20tremendo%20anuncio%20y%20una%20gran%20noticia%20para%20los%20pensionados%20y%20jubilados%20de%20nuestro%20pa%C3%ADs%E2%80%9D&#038;url=https:\/\/radiorevelacionfm.cl\/?p=11699' aria-hidden='false' data-av_icon='\ue8fc' data-av_iconfont='entypo-fontello' title='' data-avia-related-tooltip='Compartir en LinkedIn' rel=\"noopener\"><span class='avia_hidden_link_text'>Compartir en LinkedIn<\/span><\/a><\/li><li class='av-share-link av-social-link-mail' ><a  aria-label=\"Compartir por correo\" href='mailto:?subject=Sandoval%20sobre%20Pensi%C3%B3n%20Garantizada%20Universal%20%28PGU%29%3A%20%E2%80%9CEs%20un%20tremendo%20anuncio%20y%20una%20gran%20noticia%20para%20los%20pensionados%20y%20jubilados%20de%20nuestro%20pa%C3%ADs%E2%80%9D&#038;body=https:\/\/radiorevelacionfm.cl\/?p=11699' aria-hidden='false' data-av_icon='\ue805' data-av_iconfont='entypo-fontello' title='' data-avia-related-tooltip='Compartir por correo'><span class='avia_hidden_link_text'>Compartir por correo<\/span><\/a><\/li><\/ul><\/div><\/div>\n<div  style='height:50px' class='hr hr-invisible   avia-builder-el-8  el_after_av_social_share  el_before_av_comments_list '><span class='hr-inner ' ><span class='hr-inner-style'><\/span><\/span><\/div>\n<div  class='av-buildercomment  av-blog-meta-html-info-disabled av-blog-meta-tag-disabled  '><\/div>\n","protected":false},"excerpt":{"rendered":"","protected":false},"author":1,"featured_media":8342,"comment_status":"open","ping_status":"open","sticky":false,"template":"","format":"standard","meta":{"footnotes":""},"categories":[35],"tags":[],"class_list":["post-11699","post","type-post","status-publish","format-standard","has-post-thumbnail","hentry","category-politica"],"jetpack_featured_media_url":"https:\/\/radiorevelacionfm.cl\/wp-content\/uploads\/2021\/09\/SENADOR-SANDOVAL-3-1.jpg","_links":{"self":[{"href":"https:\/\/radiorevelacionfm.cl\/index.php?rest_route=\/wp\/v2\/posts\/11699","targetHints":{"allow":["GET"]}}],"collection":[{"href":"https:\/\/radiorevelacionfm.cl\/index.php?rest_route=\/wp\/v2\/posts"}],"about":[{"href":"https:\/\/radiorevelacionfm.cl\/index.php?rest_route=\/wp\/v2\/types\/post"}],"author":[{"embeddable":true,"href":"https:\/\/radiorevelacionfm.cl\/index.php?rest_route=\/wp\/v2\/users\/1"}],"replies":[{"embeddable":true,"href":"https:\/\/radiorevelacionfm.cl\/index.php?rest_route=%2Fwp%2Fv2%2Fcomments&post=11699"}],"version-history":[{"count":2,"href":"https:\/\/radiorevelacionfm.cl\/index.php?rest_route=\/wp\/v2\/posts\/11699\/revisions"}],"predecessor-version":[{"id":11705,"href":"https:\/\/radiorevelacionfm.cl\/index.php?rest_route=\/wp\/v2\/posts\/11699\/revisions\/11705"}],"wp:featuredmedia":[{"embeddable":true,"href":"https:\/\/radiorevelacionfm.cl\/index.php?rest_route=\/wp\/v2\/media\/8342"}],"wp:attachment":[{"href":"https:\/\/radiorevelacionfm.cl\/index.php?rest_route=%2Fwp%2Fv2%2Fmedia&parent=11699"}],"wp:term":[{"taxonomy":"category","embeddable":true,"href":"https:\/\/radiorevelacionfm.cl\/index.php?rest_route=%2Fwp%2Fv2%2Fcategories&post=11699"},{"taxonomy":"post_tag","embeddable":true,"href":"https:\/\/radiorevelacionfm.cl\/index.php?rest_route=%2Fwp%2Fv2%2Ftags&post=11699"}],"curies":[{"name":"wp","href":"https:\/\/api.w.org\/{rel}","templated":true}]}}