{"id":11696,"date":"2021-12-10T10:04:30","date_gmt":"2021-12-10T13:04:30","guid":{"rendered":"https:\/\/radiorevelacionfm.cl\/?p=11696"},"modified":"2021-12-10T10:04:30","modified_gmt":"2021-12-10T13:04:30","slug":"cascada-de-la-virgen-2021-el-hace-maravillas-en-nosotros","status":"publish","type":"post","link":"https:\/\/radiorevelacionfm.cl\/?p=11696","title":{"rendered":"Cascada de la Virgen 2021: \u201c\u00c9l hace maravillas en nosotros\u201d"},"content":{"rendered":"<div class=\"flex_column av_one_full  flex_column_div av-zero-column-padding first  avia-builder-el-0  el_before_av_one_full  avia-builder-el-first  \" style='border-radius:0px; '><div  class='avia-image-container  av-styling-    avia-builder-el-1  avia-builder-el-no-sibling  avia-align-center '  itemprop=\"image\" itemscope=\"itemscope\" itemtype=\"https:\/\/schema.org\/ImageObject\"  ><div class='avia-image-container-inner'><div class='avia-image-overlay-wrap'><img decoding=\"async\" class='wp-image-11697 avia-img-lazy-loading-not-11697 avia_image' src=\"https:\/\/radiorevelacionfm.cl\/wp-content\/uploads\/2021\/12\/16-2_optimized.jpg\" alt='' title='16-2_optimized' height=\"600\" width=\"800\"  itemprop=\"thumbnailUrl\" srcset=\"https:\/\/radiorevelacionfm.cl\/wp-content\/uploads\/2021\/12\/16-2_optimized.jpg 800w, https:\/\/radiorevelacionfm.cl\/wp-content\/uploads\/2021\/12\/16-2_optimized-300x225.jpg 300w, https:\/\/radiorevelacionfm.cl\/wp-content\/uploads\/2021\/12\/16-2_optimized-768x576.jpg 768w, https:\/\/radiorevelacionfm.cl\/wp-content\/uploads\/2021\/12\/16-2_optimized-705x529.jpg 705w, https:\/\/radiorevelacionfm.cl\/wp-content\/uploads\/2021\/12\/16-2_optimized-600x450.jpg 600w\" sizes=\"(max-width: 800px) 100vw, 800px\" \/><\/div><\/div><\/div><\/div><div class=\"flex_column av_one_full  flex_column_div av-zero-column-padding first  avia-builder-el-2  el_after_av_one_full  el_before_av_one_full  column-top-margin\" style='border-radius:0px; '><section class=\"av_textblock_section \"  itemscope=\"itemscope\" itemtype=\"https:\/\/schema.org\/BlogPosting\" itemprop=\"blogPost\" ><div class='avia_textblock  '   itemprop=\"text\" ><p style=\"text-align: center;\"><span style=\"font-size: 18pt;\"><b><span lang=\"ES\">Cascada de la Virgen 2021: \u201c\u00c9l hace maravillas en nosotros\u201d<\/span><\/b><\/span><\/p>\n<div id=\"gtx-trans\" style=\"position: absolute; left: -50px; top: 4.31534px;\">\n<div class=\"gtx-trans-icon\"><\/div>\n<\/div>\n<\/div><\/section><\/div><div class=\"flex_column av_one_full  flex_column_div av-zero-column-padding first  avia-builder-el-4  el_after_av_one_full  el_before_av_hr  column-top-margin\" style='border-radius:0px; '><section class=\"av_textblock_section \"  itemscope=\"itemscope\" itemtype=\"https:\/\/schema.org\/BlogPosting\" itemprop=\"blogPost\" ><div class='avia_textblock  '   itemprop=\"text\" ><p style=\"text-align: justify;\">Tras un a\u00f1o de suspensi\u00f3n este 8 de diciembre de 2021 la Iglesia de Ays\u00e9n celebr\u00f3 con una eucarist\u00eda \u2014sin llamado a peregrinar por motivos sanitarios\u2014\u00a0 su fiesta patronal de la Inmaculada Concepci\u00f3n en el santuario natural de la \u201cCascada de la Virgen\u201d junto a su pastor el padre obispo Luis Infanti, quien recientemente cumpli\u00f3 22 a\u00f1os de servicio episcopal.<\/p>\n<p style=\"text-align: justify;\">La \u201cCascada de la Virgen\u201d, ubicada en el km 32 de la ruta CH-240, con un marco natural impresionante, exuberante y sobrecogedor; junto al canto y la oraci\u00f3n fue nuevamente escenario de la \u201cCena del Se\u00f1or\u201d en que este a\u00f1o especialmente se pidi\u00f3 perd\u00f3n, se or\u00f3 por Chile y se asumi\u00f3 un compromiso de participaci\u00f3n y servicio de las comunidades en medio de los clamores que el pueblo ha hecho sentir con fuerza estos \u00faltimos d\u00edas, en el contexto de las pr\u00f3ximas elecciones presidenciales y el proceso constitucional en curso.<\/p>\n<p style=\"text-align: justify;\">Daniel Loaiza, de Coyhaique, arrib\u00f3 a la Cascada de la Virgen y comparti\u00f3 que para \u00e9l estar en este lugar \u201csiempre ha sido un compromiso que hemos tenido con la Virgen. Primero, por ser nuestra madre y protegernos. Y creo \u2014agreg\u00f3\u2014 que esta es una de las instancias que tambi\u00e9n necesit\u00e1bamos en este tan complicado tiempo de pandemia. Venir un rato a despejar la mente y a decirle a Mar\u00eda que estamos presente con ella es reconfortante\u201d.<\/p>\n<p style=\"text-align: justify;\">Quien tambi\u00e9n lleg\u00f3 a la \u201cCascada de la Virgen\u201d acompa\u00f1ada de una de sus hijas fue la adulto mayor Mila Quintana, tambi\u00e9n de Coyhaique. \u201cLo principal \u2014dice la se\u00f1ora Mila\u2014 es estar aqu\u00ed para agradecer a Dios y a la Virgen Sant\u00edsima por toda su compa\u00f1\u00eda; la bendici\u00f3n que hay en mi hogar; por mi familia; por mis hijas que son un amor. Son 7 a\u00f1os desde que enviud\u00e9 y se han allegado m\u00e1s a mi para acompa\u00f1arme en todo sentido\u201d.<\/p>\n<p style=\"text-align: justify;\">\u201cHoy \u2014expres\u00f3 esta adulta mayor\u2014 le ped\u00ed a Dios, porque hace mucho tiempo que no iba a misa por la pandemia, fuerzas para ir a la cascada y pagar la ofrenda a la Virgen. Estuve muy complicada de un pie y aqu\u00ed estoy caminando; y traigo este ramito para entregarlo en el momento del ofertorio y con todo mi coraz\u00f3n darle gracias a la Virgen Mar\u00eda y a Dios que en todo momento est\u00e1 con nosotros\u201d.<\/p>\n<p style=\"text-align: justify;\">Otra asistente a la celebraci\u00f3n fue Mirta Vargas de la comunidad Jes\u00fas Nazareno de Puerto Ays\u00e9n, quien tambi\u00e9n se\u00f1al\u00f3 el motivo de su presencia en la Cascada de la Virgen. \u201cM\u00e1s que nada \u2014dijo\u2014 agradecer porque nuestra madre Virgen siempre est\u00e1 protegi\u00e9ndonos. En este tiempo de pandemia tan dif\u00edcil nos hemos encomendado ella para que sea nuestra intercesora ante nuestro Se\u00f1or, y pase un poco esta situaci\u00f3n sanitaria y podamos volver a la normalidad en la medida que se pueda\u201d.<\/p>\n<p style=\"text-align: justify;\"><strong>\u201c\u00c9l hace maravillas en nosotros\u201d<\/strong><\/p>\n<p style=\"text-align: justify;\">La eucarist\u00eda presidida por el padre Obispo Luis fue acompa\u00f1ada por el vicario general, padre C\u00e9sar Leiva, y el di\u00e1cono V\u00edctor Jim\u00e9nez. En su homil\u00eda el padre obispo destac\u00f3 la importancia de esta fiesta religiosa para Ays\u00e9n e hizo un llamado a escuchar hoy, como lo hizo la Virgen ya que \u201cen cada uno podemos reconocer el germen del nacimiento de Jes\u00fas; nacidos de la cruz y de la Virgen Mar\u00eda para una nueva humanidad\u201d.<\/p>\n<p style=\"text-align: justify;\">\u201cPidamos al Se\u00f1or \u2014or\u00f3 el pastor de Ays\u00e9n\u2014\u00a0 que a trav\u00e9s de la Virgen Mar\u00eda haga florecer en cada uno de nosotros obras de bien, de paz, de solidaridad, de fraternidad, de amor; en una palabra, nos dice la Biblia, \u201c\u00c9l hace en nosotros maravillas, santo es su nombre\u201d; y vivamos esta santidad en nuestros hogares, trabajo, comunidades cristianas; donde el Se\u00f1or nos llama a estar cada d\u00eda\u201d.<\/p>\n<p style=\"text-align: justify;\">Al t\u00e9rmino de la eucarist\u00eda los asistentes se mostraron muy contentos y reconfortados en su fe; y se retiraron ordenadamente a sus hogares. Carabineros de Chile, que colabor\u00f3 con el Vicariato Apost\u00f3lico de Ays\u00e9n en la coordinaci\u00f3n y seguridad, inform\u00f3 que toda la jornada se desarroll\u00f3 con normalidad y no se report\u00f3 ning\u00fan incidente.<\/p>\n<\/div><\/section><\/div><div  style='height:50px' class='hr hr-invisible   avia-builder-el-6  el_after_av_one_full  el_before_av_social_share '><span class='hr-inner ' ><span class='hr-inner-style'><\/span><\/span><\/div><\/p>\n<div  class='av-social-sharing-box  avia-builder-el-7  el_after_av_hr  el_before_av_hr  '><div class='av-share-box'><h5 class='av-share-link-description av-no-toc '>Compartir esta noticia<\/h5><ul class='av-share-box-list noLightbox'><li class='av-share-link av-social-link-facebook' ><a target=\"_blank\" aria-label=\"Compartir en Facebook\" href='https:\/\/www.facebook.com\/sharer.php?u=https:\/\/radiorevelacionfm.cl\/?p=11696&#038;t=Cascada%20de%20la%20Virgen%202021%3A%20%E2%80%9C%C3%89l%20hace%20maravillas%20en%20nosotros%E2%80%9D' aria-hidden='false' data-av_icon='\ue8f3' data-av_iconfont='entypo-fontello' title='' data-avia-related-tooltip='Compartir en Facebook' rel=\"noopener\"><span class='avia_hidden_link_text'>Compartir en Facebook<\/span><\/a><\/li><li class='av-share-link av-social-link-twitter' ><a target=\"_blank\" aria-label=\"Compartir en Twitter\" href='https:\/\/twitter.com\/share?text=Cascada%20de%20la%20Virgen%202021%3A%20%E2%80%9C%C3%89l%20hace%20maravillas%20en%20nosotros%E2%80%9D&#038;url=https:\/\/radiorevelacionfm.cl\/?p=11696' aria-hidden='false' data-av_icon='\ue8f1' data-av_iconfont='entypo-fontello' title='' data-avia-related-tooltip='Compartir en Twitter' rel=\"noopener\"><span class='avia_hidden_link_text'>Compartir en Twitter<\/span><\/a><\/li><li class='av-share-link av-social-link-whatsapp' ><a target=\"_blank\" aria-label=\"Compartir en Whatsapp\" href='https:\/\/api.whatsapp.com\/send?text=https:\/\/radiorevelacionfm.cl\/?p=11696' aria-hidden='false' data-av_icon='\uf232' data-av_iconfont='entypo-fontello' title='' data-avia-related-tooltip='Compartir en Whatsapp' rel=\"noopener\"><span class='avia_hidden_link_text'>Compartir en Whatsapp<\/span><\/a><\/li><li class='av-share-link av-social-link-linkedin' ><a target=\"_blank\" aria-label=\"Compartir en LinkedIn\" href='https:\/\/linkedin.com\/shareArticle?mini=true&#038;title=Cascada%20de%20la%20Virgen%202021%3A%20%E2%80%9C%C3%89l%20hace%20maravillas%20en%20nosotros%E2%80%9D&#038;url=https:\/\/radiorevelacionfm.cl\/?p=11696' aria-hidden='false' data-av_icon='\ue8fc' data-av_iconfont='entypo-fontello' title='' data-avia-related-tooltip='Compartir en LinkedIn' rel=\"noopener\"><span class='avia_hidden_link_text'>Compartir en LinkedIn<\/span><\/a><\/li><li class='av-share-link av-social-link-mail' ><a  aria-label=\"Compartir por correo\" href='mailto:?subject=Cascada%20de%20la%20Virgen%202021%3A%20%E2%80%9C%C3%89l%20hace%20maravillas%20en%20nosotros%E2%80%9D&#038;body=https:\/\/radiorevelacionfm.cl\/?p=11696' aria-hidden='false' data-av_icon='\ue805' data-av_iconfont='entypo-fontello' title='' data-avia-related-tooltip='Compartir por correo'><span class='avia_hidden_link_text'>Compartir por correo<\/span><\/a><\/li><\/ul><\/div><\/div>\n<div  style='height:50px' class='hr hr-invisible   avia-builder-el-8  el_after_av_social_share  el_before_av_comments_list '><span class='hr-inner ' ><span class='hr-inner-style'><\/span><\/span><\/div>\n<div  class='av-buildercomment  av-blog-meta-html-info-disabled av-blog-meta-tag-disabled  '><\/div>\n<div class=\"flex_column av_one_full  flex_column_div av-zero-column-padding first  avia-builder-el-10  el_after_av_comments_list  el_before_av_one_full  \" style='border-radius:0px; '><div  class='avia-image-container  av-styling-    avia-builder-el-11  avia-builder-el-no-sibling  avia-align-center '  itemprop=\"image\" itemscope=\"itemscope\" itemtype=\"https:\/\/schema.org\/ImageObject\"  ><div class='avia-image-container-inner'><div class='avia-image-overlay-wrap'><img decoding=\"async\" class='wp-image-0 avia-img-lazy-loading-not-0 avia_image' src=\"http:\/\/radiorevelacionfm.cl\/wp-content\/uploads\/2020\/12\/7ee21_th2.jpg\" alt='' title=''   itemprop=\"thumbnailUrl\"  \/><\/div><\/div><\/div><\/div>\n<div class=\"flex_column av_one_full  flex_column_div av-zero-column-padding first  avia-builder-el-12  el_after_av_one_full  el_before_av_one_full  column-top-margin\" style='border-radius:0px; '><section class=\"av_textblock_section \"  itemscope=\"itemscope\" itemtype=\"https:\/\/schema.org\/BlogPosting\" itemprop=\"blogPost\" ><div class='avia_textblock  '   itemprop=\"text\" ><h2 class=\"title\" style=\"text-align: center;\">SENDA entrega equipos de Narcotest a Carabineros para aumentar controles de Tolerancia Cero<\/h2>\n<div id=\"gtx-trans\" style=\"position: absolute; left: -50px; top: 4.31534px;\">\n<div class=\"gtx-trans-icon\"><\/div>\n<\/div>\n<\/div><\/section><\/div>\n<div class=\"flex_column av_one_full  flex_column_div av-zero-column-padding first  avia-builder-el-14  el_after_av_one_full  el_before_av_hr  column-top-margin\" style='border-radius:0px; '><section class=\"av_textblock_section \"  itemscope=\"itemscope\" itemtype=\"https:\/\/schema.org\/BlogPosting\" itemprop=\"blogPost\" ><div class='avia_textblock  '   itemprop=\"text\" ><p style=\"text-align: justify;\"><span style=\"font-size: 14pt;\">El objetivo es aumentar la cobertura del Programa Tolerancia Cero y realizar controles en otras comunas de la Regi\u00f3n de Ays\u00e9n, junto con seguir generando conciencias en los conductores, con respecto a las consecuencias negativas asociadas a la conducci\u00f3n bajo los efectos de la droga.<\/span><\/p>\n<p style=\"text-align: justify;\"><span style=\"font-size: 14pt;\">Con la participaci\u00f3n de la Intendente Regional de Ays\u00e9n Sra. Geoconda Navarrete, este martes, en dependencias de su direcci\u00f3n regional, SENDA hizo entrega al nuevo Jefe de la XI Zona Ays\u00e9n de Carabineros de Chile, General Hugo Zenteno V\u00e1squez de dos equipos para detectar la presencia de Drogas il\u00edcitas en los conductores que circulen por la Regi\u00f3n de Ays\u00e9n, en el contexto del trabajo permanente del Programa Tolerancia Cero de SENDA que se ejecuta en colaboraci\u00f3n estrat\u00e9gica con Carabineros de Chile y con el prop\u00f3sito claro de fortalecer el trabajo territorial.<\/span><\/p>\n<p><span style=\"font-size: 14pt;\">En la ocasi\u00f3n la Directora Regional de SENDA Annie Katherine Hunter Guti\u00e9rrez manifest\u00f3 \u201cEsta entrega que SENDA hace a Carabineros de Chile, marca un segundo hito, de suma relevancia en el Programa Tolerancia Cero, bajo la direcci\u00f3n de nuestro Director Carlos Charme, quien plante\u00f3 como objetivo, al asumir su cargo, sumar a los hist\u00f3ricos test de alcohol, el control de otras drogas en los conductores. Es as\u00ed como al aparato Narcotest que el a\u00f1o 2019 lleg\u00f3 a la regi\u00f3n bajo administraci\u00f3n de SENDA Ays\u00e9n, hoy se suma dos aparatos que con mucha satisfacci\u00f3n entregamos hoy a Carabineros, con una inversi\u00f3n sectorial de m\u00e1s de $9.000.000\u201d.<\/span><\/p>\n<p><span style=\"font-size: 14pt;\">Por su parte, el Jefe de la XI zona de Carabineros de Ays\u00e9n, General Hugo Zenteno V\u00e1squez se\u00f1al\u00f3: \u201cEsto es una estrategia de una pol\u00edtica de seguridad, donde con estos equipos vamos a hacer nuestro trabajo de mejor forma para poder llevar los medios de prueba al Ministerio P\u00fablico. Todo equipo detector de alguna sustancia il\u00edcita, es esencial para nuestra funci\u00f3n policial. Nuestras estrategias operativas est\u00e1n enfocadas en los puntos m\u00e1s cr\u00edticos y en especial, llega esto, pr\u00f3ximo a las fiestas navide\u00f1as y de fin de a\u00f1o, donde vamos a tener un control m\u00e1s exhaustivo en la ruta para prevenir accidentes y tambi\u00e9n para que las personas est\u00e9n en paz y tranquilidad y no tengamos hechos que lamentar, estamos para brindar un servicio \u00f3ptimo y ese es el enfoque que queremos dar para el a\u00f1o 2021.\u201d<\/span><\/p>\n<p><span style=\"font-size: 14pt;\">A partir de la inversi\u00f3n sectorial de SENDA, Carabineros de Chile de la XI Zona Ays\u00e9n podr\u00e1 someter a cualquier conductor a un examen de saliva, a trav\u00e9s de un kit de prueba desechable, en forma independiente al dispositivo Tolerancia Cero de SENDA, abarcando un territorio mayor, contribuyendo con ello no solo a l control de conductores y fiscalizaci\u00f3n del cumplimiento de la Ley de Tr\u00e1nsito, sino tambi\u00e9n a la labor preventiva que desarrolla SENDA a trav\u00e9s de su programa.<\/span><\/p>\n<p><span style=\"font-size: 14pt;\">Cabe recordar que los Narcotest permiten detectar en terreno la presencia de 5 drogas en el cuerpo de los conductores; coca\u00edna, marihuana, opi\u00e1cidos, metanfetaminas y anfetaminas, hecho que constituye un delito al igual que la conducci\u00f3n en estado de ebriedad.<\/span><\/p>\n<\/div><\/section><\/div>\n<div  style='height:50px' class='hr hr-invisible   avia-builder-el-16  el_after_av_one_full  el_before_av_social_share '><span class='hr-inner ' ><span class='hr-inner-style'><\/span><\/span><\/div>\n<div  class='av-social-sharing-box  avia-builder-el-17  el_after_av_hr  el_before_av_hr  '><div class='av-share-box'><h5 class='av-share-link-description av-no-toc '>Compartir esta noticia<\/h5><ul class='av-share-box-list noLightbox'><li class='av-share-link av-social-link-facebook' ><a target=\"_blank\" aria-label=\"Compartir en Facebook\" href='https:\/\/www.facebook.com\/sharer.php?u=https:\/\/radiorevelacionfm.cl\/?p=11696&#038;t=Cascada%20de%20la%20Virgen%202021%3A%20%E2%80%9C%C3%89l%20hace%20maravillas%20en%20nosotros%E2%80%9D' aria-hidden='false' data-av_icon='\ue8f3' data-av_iconfont='entypo-fontello' title='' data-avia-related-tooltip='Compartir en Facebook' rel=\"noopener\"><span class='avia_hidden_link_text'>Compartir en Facebook<\/span><\/a><\/li><li class='av-share-link av-social-link-twitter' ><a target=\"_blank\" aria-label=\"Compartir en Twitter\" href='https:\/\/twitter.com\/share?text=Cascada%20de%20la%20Virgen%202021%3A%20%E2%80%9C%C3%89l%20hace%20maravillas%20en%20nosotros%E2%80%9D&#038;url=https:\/\/radiorevelacionfm.cl\/?p=11696' aria-hidden='false' data-av_icon='\ue8f1' data-av_iconfont='entypo-fontello' title='' data-avia-related-tooltip='Compartir en Twitter' rel=\"noopener\"><span class='avia_hidden_link_text'>Compartir en Twitter<\/span><\/a><\/li><li class='av-share-link av-social-link-whatsapp' ><a target=\"_blank\" aria-label=\"Compartir en Whatsapp\" href='https:\/\/api.whatsapp.com\/send?text=https:\/\/radiorevelacionfm.cl\/?p=11696' aria-hidden='false' data-av_icon='\uf232' data-av_iconfont='entypo-fontello' title='' data-avia-related-tooltip='Compartir en Whatsapp' rel=\"noopener\"><span class='avia_hidden_link_text'>Compartir en Whatsapp<\/span><\/a><\/li><li class='av-share-link av-social-link-linkedin' ><a target=\"_blank\" aria-label=\"Compartir en LinkedIn\" href='https:\/\/linkedin.com\/shareArticle?mini=true&#038;title=Cascada%20de%20la%20Virgen%202021%3A%20%E2%80%9C%C3%89l%20hace%20maravillas%20en%20nosotros%E2%80%9D&#038;url=https:\/\/radiorevelacionfm.cl\/?p=11696' aria-hidden='false' data-av_icon='\ue8fc' data-av_iconfont='entypo-fontello' title='' data-avia-related-tooltip='Compartir en LinkedIn' rel=\"noopener\"><span class='avia_hidden_link_text'>Compartir en LinkedIn<\/span><\/a><\/li><li class='av-share-link av-social-link-mail' ><a  aria-label=\"Compartir por correo\" href='mailto:?subject=Cascada%20de%20la%20Virgen%202021%3A%20%E2%80%9C%C3%89l%20hace%20maravillas%20en%20nosotros%E2%80%9D&#038;body=https:\/\/radiorevelacionfm.cl\/?p=11696' aria-hidden='false' data-av_icon='\ue805' data-av_iconfont='entypo-fontello' title='' data-avia-related-tooltip='Compartir por correo'><span class='avia_hidden_link_text'>Compartir por correo<\/span><\/a><\/li><\/ul><\/div><\/div>\n<div  style='height:50px' class='hr hr-invisible   avia-builder-el-18  el_after_av_social_share  el_before_av_comments_list '><span class='hr-inner ' ><span class='hr-inner-style'><\/span><\/span><\/div>\n<div  class='av-buildercomment  av-blog-meta-html-info-disabled av-blog-meta-tag-disabled  '><\/div>\n","protected":false},"excerpt":{"rendered":"","protected":false},"author":1,"featured_media":11697,"comment_status":"open","ping_status":"open","sticky":false,"template":"","format":"standard","meta":{"footnotes":""},"categories":[38],"tags":[],"class_list":["post-11696","post","type-post","status-publish","format-standard","has-post-thumbnail","hentry","category-regional"],"jetpack_featured_media_url":"https:\/\/radiorevelacionfm.cl\/wp-content\/uploads\/2021\/12\/16-2_optimized.jpg","_links":{"self":[{"href":"https:\/\/radiorevelacionfm.cl\/index.php?rest_route=\/wp\/v2\/posts\/11696","targetHints":{"allow":["GET"]}}],"collection":[{"href":"https:\/\/radiorevelacionfm.cl\/index.php?rest_route=\/wp\/v2\/posts"}],"about":[{"href":"https:\/\/radiorevelacionfm.cl\/index.php?rest_route=\/wp\/v2\/types\/post"}],"author":[{"embeddable":true,"href":"https:\/\/radiorevelacionfm.cl\/index.php?rest_route=\/wp\/v2\/users\/1"}],"replies":[{"embeddable":true,"href":"https:\/\/radiorevelacionfm.cl\/index.php?rest_route=%2Fwp%2Fv2%2Fcomments&post=11696"}],"version-history":[{"count":2,"href":"https:\/\/radiorevelacionfm.cl\/index.php?rest_route=\/wp\/v2\/posts\/11696\/revisions"}],"predecessor-version":[{"id":11709,"href":"https:\/\/radiorevelacionfm.cl\/index.php?rest_route=\/wp\/v2\/posts\/11696\/revisions\/11709"}],"wp:featuredmedia":[{"embeddable":true,"href":"https:\/\/radiorevelacionfm.cl\/index.php?rest_route=\/wp\/v2\/media\/11697"}],"wp:attachment":[{"href":"https:\/\/radiorevelacionfm.cl\/index.php?rest_route=%2Fwp%2Fv2%2Fmedia&parent=11696"}],"wp:term":[{"taxonomy":"category","embeddable":true,"href":"https:\/\/radiorevelacionfm.cl\/index.php?rest_route=%2Fwp%2Fv2%2Fcategories&post=11696"},{"taxonomy":"post_tag","embeddable":true,"href":"https:\/\/radiorevelacionfm.cl\/index.php?rest_route=%2Fwp%2Fv2%2Ftags&post=11696"}],"curies":[{"name":"wp","href":"https:\/\/api.w.org\/{rel}","templated":true}]}}