{"id":11684,"date":"2021-12-09T20:46:02","date_gmt":"2021-12-09T23:46:02","guid":{"rendered":"https:\/\/radiorevelacionfm.cl\/?p=11684"},"modified":"2021-12-09T20:46:02","modified_gmt":"2021-12-09T23:46:02","slug":"diputados-logran-compromiso-de-asignacion-directa-para-familias-del-comite-amuyencito-de-puerto-aysen","status":"publish","type":"post","link":"https:\/\/radiorevelacionfm.cl\/?p=11684","title":{"rendered":"Diputados logran compromiso de asignaci\u00f3n directa para familias del comit\u00e9 \u201cAmuyencito\u201d de Puerto Ays\u00e9n"},"content":{"rendered":"<div class=\"flex_column av_one_full  flex_column_div av-zero-column-padding first  avia-builder-el-0  el_before_av_one_full  avia-builder-el-first  \" style='border-radius:0px; '><div  class='avia-image-container  av-styling-    avia-builder-el-1  avia-builder-el-no-sibling  avia-align-center '  itemprop=\"image\" itemscope=\"itemscope\" itemtype=\"https:\/\/schema.org\/ImageObject\"  ><div class='avia-image-container-inner'><div class='avia-image-overlay-wrap'><img decoding=\"async\" class='wp-image-11685 avia-img-lazy-loading-not-11685 avia_image' src=\"https:\/\/radiorevelacionfm.cl\/wp-content\/uploads\/2021\/12\/WARD-AMUYENCITO-2-2.jpeg\" alt='' title='WARD AMUYENCITO-2-2' height=\"600\" width=\"1015\"  itemprop=\"thumbnailUrl\" srcset=\"https:\/\/radiorevelacionfm.cl\/wp-content\/uploads\/2021\/12\/WARD-AMUYENCITO-2-2.jpeg 1015w, https:\/\/radiorevelacionfm.cl\/wp-content\/uploads\/2021\/12\/WARD-AMUYENCITO-2-2-300x177.jpeg 300w, https:\/\/radiorevelacionfm.cl\/wp-content\/uploads\/2021\/12\/WARD-AMUYENCITO-2-2-768x454.jpeg 768w, https:\/\/radiorevelacionfm.cl\/wp-content\/uploads\/2021\/12\/WARD-AMUYENCITO-2-2-705x417.jpeg 705w, https:\/\/radiorevelacionfm.cl\/wp-content\/uploads\/2021\/12\/WARD-AMUYENCITO-2-2-600x355.jpeg 600w\" sizes=\"(max-width: 1015px) 100vw, 1015px\" \/><\/div><\/div><\/div><\/div><div class=\"flex_column av_one_full  flex_column_div av-zero-column-padding first  avia-builder-el-2  el_after_av_one_full  el_before_av_one_full  column-top-margin\" style='border-radius:0px; '><section class=\"av_textblock_section \"  itemscope=\"itemscope\" itemtype=\"https:\/\/schema.org\/BlogPosting\" itemprop=\"blogPost\" ><div class='avia_textblock  '   itemprop=\"text\" ><h2 class=\"title\" style=\"text-align: center;\"><span style=\"font-size: 18pt;\"><b><span lang=\"ES\">Diputados logran compromiso de asignaci\u00f3n directa para familias del comit\u00e9 \u201cAmuyencito\u201d de Puerto Ays\u00e9n<\/span><\/b><\/span><\/h2>\n<div id=\"gtx-trans\" style=\"position: absolute; left: -50px; top: 4.31534px;\">\n<div class=\"gtx-trans-icon\"><\/div>\n<\/div>\n<\/div><\/section><\/div><div class=\"flex_column av_one_full  flex_column_div av-zero-column-padding first  avia-builder-el-4  el_after_av_one_full  el_before_av_hr  column-top-margin\" style='border-radius:0px; '><section class=\"av_textblock_section \"  itemscope=\"itemscope\" itemtype=\"https:\/\/schema.org\/BlogPosting\" itemprop=\"blogPost\" ><div class='avia_textblock  '   itemprop=\"text\" ><p style=\"text-align: justify;\">Como una excelente noticia calificaron los diputados Miguel \u00c1ngel Calisto, Aracely Leuqu\u00e9n y Marcia Raphael (e), el compromiso del Ministro de Vivienda y Urbanismo, Felipe Ward, de una asignaci\u00f3n directa para concretar el proyecto habitacional del comit\u00e9 de Puerto Ays\u00e9n Amuyencito, quienes han pasado por una serie de dificultades para materializar el sue\u00f1o de la casa propia.<\/p>\n<p style=\"text-align: justify;\">Los parlamentarios se reunieron con el Ministro en Santiago, tal como hab\u00edan acordado algunas semanas atr\u00e1s en reuni\u00f3n que sostuvieron con los miembros del comit\u00e9 en Puerto Ays\u00e9n. En la instancia, donde tambi\u00e9n particip\u00f3 Juan Leal, dirigente del comit\u00e9, el ministro Ward se comprometi\u00f3 con los subsidios de asignaci\u00f3n directa para estos vecinos.<\/p>\n<p style=\"text-align: justify;\">Seg\u00fan la diputada Leuqu\u00e9n, \u201cestamos muy contentos, porque el Ministro fue muy claro al se\u00f1alarnos que se dispondr\u00e1 de los subsidios de asignaci\u00f3n directa para estas vecinas y vecinos de Puerto Ays\u00e9n, que lo han pasado muy mal en su camino por concretar el sue\u00f1o de la casa propia\u201d.<\/p>\n<p style=\"text-align: justify;\">Por su parte, la diputada (e), Marcia Raphael, \u201cestamos muy contentos porque finalmente el Ministro se ha comprometido con los subsidios de asignaci\u00f3n directa. El mi\u00e9rcoles 15 debiera estar listo el informe social que va a definir esto. Una vez que tengamos esto, ya ser\u00e1 una realidad este compromiso\u201d.<\/p>\n<p style=\"text-align: justify;\">El diputado Miguel \u00c1ngel Calisto se\u00f1al\u00f3 que \u201chay algo que es muy importante, lograr el compromiso del Ministro, eso lo hicimos en esta reuni\u00f3n y va a revisar los informes sociales de cada uno de los socios. Ahora nos queda ver caso a caso, pero de aqu\u00ed al pr\u00f3ximo mi\u00e9rcoles debi\u00e9ramos tener una respuesta definitiva y formal\u201d.<\/p>\n<p style=\"text-align: justify;\">\u201cEsta reuni\u00f3n ha sido muy importante, una vez m\u00e1s decirle a las vecinas y vecinos que no los vamos a dejar solos, que los vamos a seguir acompa\u00f1ando en este proceso hasta que se puedan concretar las viviendas\u201d, indic\u00f3.<\/p>\n<p style=\"text-align: justify;\">Finalmente, el dirigente Juan Leal indic\u00f3 que \u201cse cumpli\u00f3 el objetivo, que es el primer paso que ten\u00edamos que dar, todos de la mano, juntos. Agradecemos a las autoridades que se la jugaron, debo decirlo. Fuimos escuchados, cosa que en alg\u00fan minuto nunca lo pensamos\u201d.<\/p>\n<\/div><\/section><\/div><div  style='height:50px' class='hr hr-invisible   avia-builder-el-6  el_after_av_one_full  el_before_av_social_share '><span class='hr-inner ' ><span class='hr-inner-style'><\/span><\/span><\/div><\/p>\n<div  class='av-social-sharing-box  avia-builder-el-7  el_after_av_hr  el_before_av_hr  '><div class='av-share-box'><h5 class='av-share-link-description av-no-toc '>Compartir esta noticia<\/h5><ul class='av-share-box-list noLightbox'><li class='av-share-link av-social-link-facebook' ><a target=\"_blank\" aria-label=\"Compartir en Facebook\" href='https:\/\/www.facebook.com\/sharer.php?u=https:\/\/radiorevelacionfm.cl\/?p=11684&#038;t=Diputados%20logran%20compromiso%20de%20asignaci%C3%B3n%20directa%20para%20familias%20del%20comit%C3%A9%20%E2%80%9CAmuyencito%E2%80%9D%20de%20Puerto%20Ays%C3%A9n' aria-hidden='false' data-av_icon='\ue8f3' data-av_iconfont='entypo-fontello' title='' data-avia-related-tooltip='Compartir en Facebook' rel=\"noopener\"><span class='avia_hidden_link_text'>Compartir en Facebook<\/span><\/a><\/li><li class='av-share-link av-social-link-twitter' ><a target=\"_blank\" aria-label=\"Compartir en Twitter\" href='https:\/\/twitter.com\/share?text=Diputados%20logran%20compromiso%20de%20asignaci%C3%B3n%20directa%20para%20familias%20del%20comit%C3%A9%20%E2%80%9CAmuyencito%E2%80%9D%20de%20Puerto%20Ays%C3%A9n&#038;url=https:\/\/radiorevelacionfm.cl\/?p=11684' aria-hidden='false' data-av_icon='\ue8f1' data-av_iconfont='entypo-fontello' title='' data-avia-related-tooltip='Compartir en Twitter' rel=\"noopener\"><span class='avia_hidden_link_text'>Compartir en Twitter<\/span><\/a><\/li><li class='av-share-link av-social-link-whatsapp' ><a target=\"_blank\" aria-label=\"Compartir en Whatsapp\" href='https:\/\/api.whatsapp.com\/send?text=https:\/\/radiorevelacionfm.cl\/?p=11684' aria-hidden='false' data-av_icon='\uf232' data-av_iconfont='entypo-fontello' title='' data-avia-related-tooltip='Compartir en Whatsapp' rel=\"noopener\"><span class='avia_hidden_link_text'>Compartir en Whatsapp<\/span><\/a><\/li><li class='av-share-link av-social-link-linkedin' ><a target=\"_blank\" aria-label=\"Compartir en LinkedIn\" href='https:\/\/linkedin.com\/shareArticle?mini=true&#038;title=Diputados%20logran%20compromiso%20de%20asignaci%C3%B3n%20directa%20para%20familias%20del%20comit%C3%A9%20%E2%80%9CAmuyencito%E2%80%9D%20de%20Puerto%20Ays%C3%A9n&#038;url=https:\/\/radiorevelacionfm.cl\/?p=11684' aria-hidden='false' data-av_icon='\ue8fc' data-av_iconfont='entypo-fontello' title='' data-avia-related-tooltip='Compartir en LinkedIn' rel=\"noopener\"><span class='avia_hidden_link_text'>Compartir en LinkedIn<\/span><\/a><\/li><li class='av-share-link av-social-link-mail' ><a  aria-label=\"Compartir por correo\" href='mailto:?subject=Diputados%20logran%20compromiso%20de%20asignaci%C3%B3n%20directa%20para%20familias%20del%20comit%C3%A9%20%E2%80%9CAmuyencito%E2%80%9D%20de%20Puerto%20Ays%C3%A9n&#038;body=https:\/\/radiorevelacionfm.cl\/?p=11684' aria-hidden='false' data-av_icon='\ue805' data-av_iconfont='entypo-fontello' title='' data-avia-related-tooltip='Compartir por correo'><span class='avia_hidden_link_text'>Compartir por correo<\/span><\/a><\/li><\/ul><\/div><\/div>\n<div  style='height:50px' class='hr hr-invisible   avia-builder-el-8  el_after_av_social_share  el_before_av_comments_list '><span class='hr-inner ' ><span class='hr-inner-style'><\/span><\/span><\/div>\n<div  class='av-buildercomment  av-blog-meta-html-info-disabled av-blog-meta-tag-disabled  '><\/div>\n","protected":false},"excerpt":{"rendered":"","protected":false},"author":1,"featured_media":11685,"comment_status":"open","ping_status":"open","sticky":false,"template":"","format":"standard","meta":{"footnotes":""},"categories":[35],"tags":[],"class_list":["post-11684","post","type-post","status-publish","format-standard","has-post-thumbnail","hentry","category-politica"],"jetpack_featured_media_url":"https:\/\/radiorevelacionfm.cl\/wp-content\/uploads\/2021\/12\/WARD-AMUYENCITO-2-2.jpeg","_links":{"self":[{"href":"https:\/\/radiorevelacionfm.cl\/index.php?rest_route=\/wp\/v2\/posts\/11684","targetHints":{"allow":["GET"]}}],"collection":[{"href":"https:\/\/radiorevelacionfm.cl\/index.php?rest_route=\/wp\/v2\/posts"}],"about":[{"href":"https:\/\/radiorevelacionfm.cl\/index.php?rest_route=\/wp\/v2\/types\/post"}],"author":[{"embeddable":true,"href":"https:\/\/radiorevelacionfm.cl\/index.php?rest_route=\/wp\/v2\/users\/1"}],"replies":[{"embeddable":true,"href":"https:\/\/radiorevelacionfm.cl\/index.php?rest_route=%2Fwp%2Fv2%2Fcomments&post=11684"}],"version-history":[{"count":2,"href":"https:\/\/radiorevelacionfm.cl\/index.php?rest_route=\/wp\/v2\/posts\/11684\/revisions"}],"predecessor-version":[{"id":11687,"href":"https:\/\/radiorevelacionfm.cl\/index.php?rest_route=\/wp\/v2\/posts\/11684\/revisions\/11687"}],"wp:featuredmedia":[{"embeddable":true,"href":"https:\/\/radiorevelacionfm.cl\/index.php?rest_route=\/wp\/v2\/media\/11685"}],"wp:attachment":[{"href":"https:\/\/radiorevelacionfm.cl\/index.php?rest_route=%2Fwp%2Fv2%2Fmedia&parent=11684"}],"wp:term":[{"taxonomy":"category","embeddable":true,"href":"https:\/\/radiorevelacionfm.cl\/index.php?rest_route=%2Fwp%2Fv2%2Fcategories&post=11684"},{"taxonomy":"post_tag","embeddable":true,"href":"https:\/\/radiorevelacionfm.cl\/index.php?rest_route=%2Fwp%2Fv2%2Ftags&post=11684"}],"curies":[{"name":"wp","href":"https:\/\/api.w.org\/{rel}","templated":true}]}}