{"id":11681,"date":"2021-12-09T20:31:57","date_gmt":"2021-12-09T23:31:57","guid":{"rendered":"https:\/\/radiorevelacionfm.cl\/?p=11681"},"modified":"2021-12-09T20:31:57","modified_gmt":"2021-12-09T23:31:57","slug":"dictan-veredicto-condenatorio-contra-ex-alcalde-de-guaitecas-y-otros-imputados-por-malversacion-de-caudales-publicos","status":"publish","type":"post","link":"https:\/\/radiorevelacionfm.cl\/?p=11681","title":{"rendered":"Dictan veredicto condenatorio contra ex-alcalde de Guaitecas y otros imputados por malversaci\u00f3n de caudales p\u00fablicos"},"content":{"rendered":"<div class=\"flex_column av_one_full  flex_column_div av-zero-column-padding first  avia-builder-el-0  el_before_av_one_full  avia-builder-el-first  \" style='border-radius:0px; '><div  class='avia-image-container  av-styling-    avia-builder-el-1  avia-builder-el-no-sibling  avia-align-center '  itemprop=\"image\" itemscope=\"itemscope\" itemtype=\"https:\/\/schema.org\/ImageObject\"  ><div class='avia-image-container-inner'><div class='avia-image-overlay-wrap'><img decoding=\"async\" class='wp-image-11200 avia-img-lazy-loading-not-11200 avia_image' src=\"https:\/\/radiorevelacionfm.cl\/wp-content\/uploads\/2021\/11\/Ex-Alcalde-Alvarado-1-1.jpg\" alt='' title='Ex-Alcalde Alvarado (1) (1)' height=\"600\" width=\"902\"  itemprop=\"thumbnailUrl\" srcset=\"https:\/\/radiorevelacionfm.cl\/wp-content\/uploads\/2021\/11\/Ex-Alcalde-Alvarado-1-1.jpg 902w, https:\/\/radiorevelacionfm.cl\/wp-content\/uploads\/2021\/11\/Ex-Alcalde-Alvarado-1-1-300x200.jpg 300w, https:\/\/radiorevelacionfm.cl\/wp-content\/uploads\/2021\/11\/Ex-Alcalde-Alvarado-1-1-768x511.jpg 768w, https:\/\/radiorevelacionfm.cl\/wp-content\/uploads\/2021\/11\/Ex-Alcalde-Alvarado-1-1-705x469.jpg 705w, https:\/\/radiorevelacionfm.cl\/wp-content\/uploads\/2021\/11\/Ex-Alcalde-Alvarado-1-1-600x399.jpg 600w\" sizes=\"(max-width: 902px) 100vw, 902px\" \/><\/div><\/div><\/div><\/div><div class=\"flex_column av_one_full  flex_column_div av-zero-column-padding first  avia-builder-el-2  el_after_av_one_full  el_before_av_one_full  column-top-margin\" style='border-radius:0px; '><section class=\"av_textblock_section \"  itemscope=\"itemscope\" itemtype=\"https:\/\/schema.org\/BlogPosting\" itemprop=\"blogPost\" ><div class='avia_textblock  '   itemprop=\"text\" ><p style=\"text-align: center;\"><strong><span style=\"font-size: 18pt;\">Dictan veredicto condenatorio contra ex-alcalde de Guaitecas y otros imputados por malversaci\u00f3n de caudales p\u00fablicos<\/span><\/strong><\/p>\n<div id=\"gtx-trans\" style=\"position: absolute; left: -50px; top: 4.31534px;\">\n<div class=\"gtx-trans-icon\"><\/div>\n<\/div>\n<\/div><\/section><\/div><div class=\"flex_column av_one_full  flex_column_div av-zero-column-padding first  avia-builder-el-4  el_after_av_one_full  el_before_av_hr  column-top-margin\" style='border-radius:0px; '><section class=\"av_textblock_section \"  itemscope=\"itemscope\" itemtype=\"https:\/\/schema.org\/BlogPosting\" itemprop=\"blogPost\" ><div class='avia_textblock  '   itemprop=\"text\" ><p class=\"v1MsoNormal\" style=\"text-align: justify;\">El Tribunal de Juicio Oral en lo Penal de Coyhaique dict\u00f3 hoy \u2013jueves 9 de diciembre\u2013 veredicto condenatorio en contra de Cristi\u00e1n Alejandro Alvarado Oyarzo, exalcalde de la comuna de Guaitecas, en calidad de autor del delito consumado de malversaci\u00f3n de caudales p\u00fablicos. Il\u00edcito perpetrado entre enero de 2013 y \u00a0agosto de 2016.<\/p>\n<p class=\"v1MsoNormal\" style=\"text-align: justify;\">Asimismo, el tribunal conden\u00f3 a Rosario de Lourdes Saldivia Calisto en calidad de c\u00f3mplice del delito de malversaci\u00f3n de caudales p\u00fablicos; y a Cristi\u00e1n Dagoberto Tauda Krema y Luis Marcelo Melian Oyarzo, como autores del delito consumado de fraude en desmedro de la Municipalidad de Guaitecas y de planta el\u00e9ctrica de la localidad. Il\u00edcitos cometidos entre 2012 y 2016.<\/p>\n<p class=\"v1MsoNormal\" style=\"text-align: justify;\">En resoluci\u00f3n un\u00e1nime (causa rol 20-2020), el tribunal \u2013integrado por los magistrados Rosal\u00eda Mansilla Quiroz (presidenta), Pablo Freire Gavil\u00e1n y Patricio\u00a0 Z\u00fa\u00f1iga Valenzuela (redactor)\u2013 tras la deliberaci\u00f3n de rigor, dio por acreditado tanto la ocurrencia de los delitos como la participaci\u00f3n de los acusados en los hechos.<\/p>\n<p class=\"v1MsoNormal\" style=\"text-align: justify;\"><b>Hechos acreditados<\/b><\/p>\n<p class=\"v1MsoNormal\" style=\"text-align: justify;\">El tribunal arrib\u00f3 a la convicci\u00f3n, m\u00e1s all\u00e1 de toda duda razonable que,\u00a0 tanto Cristi\u00e1n Alvarado Oyarzo, en su calidad de alcalde de la comuna de Las Guaitecas, como Ra\u00fal Mansilla Barr\u00eda a la saz\u00f3n jefe de administraci\u00f3n y finanzas de la Municipalidad de Las Guaitecas (con sobreseimiento temporal por encontrarse enfermo de gravedad), \u00abmanten\u00edan a su cargo las cuentas fiscales edilicias y de la empresa el\u00e9ctrica de Melinka, pudiendo girar cheques o hacer transferencias bancarias mediante dispositivos electr\u00f3nicos para cumplir el objetivo de satisfacer las necesidades de la comunidad local\u00bb, sostiene el acta de deliberaci\u00f3n.<\/p>\n<p class=\"v1MsoNormal\" style=\"text-align: justify;\">La resoluci\u00f3n agrega que: \u00abA finales del a\u00f1o 2012 y hasta mediados del a\u00f1o 2016, desde las cuentas corrientes de la Municipalidad de Las Guaitecas y de la empresa el\u00e9ctrica de Melinka, se efectuaron pagos y transferencias electr\u00f3nicas, donde se adquirieron\u00a0bienes y servicios en provecho propio o de terceros, cuya naturaleza es fraudulenta, transfiriendo fondos p\u00fablicos que en ocasiones se respaldaron mediante facturas ideol\u00f3gicamente falsas y decretos de pagos sin respaldo, las que aparentaban la adquisici\u00f3n de bienes o el pago de servicios a terceros\u00bb.<\/p>\n<p class=\"v1MsoNormal\" style=\"text-align: justify;\">\u00abEn esta din\u00e1mica de acciones defraudatorias \u2013ahonda\u2013,\u00a0 Alvarado Oyarzo y Mansilla Barr\u00eda contaban con la participaci\u00f3n de Luis Meli\u00e1n Oyarzo, contador de la empresa el\u00e9ctrica de Las Guaitecas,\u00a0 Cristi\u00e1n Tauda Krema, administrador de la misma y de Rosario Saldivia Calixto, c\u00f3nyuge de Mansilla Barr\u00eda, quienes facilitaron sus cuentas corrientes bancarias para la recepci\u00f3n y desv\u00edo de dineros fiscales, logrando de esta manera sustraer dineros y defraudar al erario fiscal. Que el perjuicio fiscal por las mencionadas operaciones bancarias fraudulentas supera, en cada caso, las 400 UTM\u00bb.<\/p>\n<p class=\"v1MsoNormal\" style=\"text-align: justify;\">La audiencia de comunicaci\u00f3n de la sentencia \u2013que ser\u00e1 redactada por el magistrado Z\u00fa\u00f1iga Valenzuela\u2013 qued\u00f3 programada para las 15 horas del pr\u00f3ximo lunes 20 de diciembre.<\/p>\n<\/div><\/section><\/div><div  style='height:50px' class='hr hr-invisible   avia-builder-el-6  el_after_av_one_full  el_before_av_social_share '><span class='hr-inner ' ><span class='hr-inner-style'><\/span><\/span><\/div><\/p>\n<div  class='av-social-sharing-box  avia-builder-el-7  el_after_av_hr  el_before_av_hr  '><div class='av-share-box'><h5 class='av-share-link-description av-no-toc '>Compartir esta noticia<\/h5><ul class='av-share-box-list noLightbox'><li class='av-share-link av-social-link-facebook' ><a target=\"_blank\" aria-label=\"Compartir en Facebook\" href='https:\/\/www.facebook.com\/sharer.php?u=https:\/\/radiorevelacionfm.cl\/?p=11681&#038;t=Dictan%20veredicto%20condenatorio%20contra%20ex-alcalde%20de%20Guaitecas%20y%20otros%20imputados%20por%20malversaci%C3%B3n%20de%20caudales%20p%C3%BAblicos' aria-hidden='false' data-av_icon='\ue8f3' data-av_iconfont='entypo-fontello' title='' data-avia-related-tooltip='Compartir en Facebook' rel=\"noopener\"><span class='avia_hidden_link_text'>Compartir en Facebook<\/span><\/a><\/li><li class='av-share-link av-social-link-twitter' ><a target=\"_blank\" aria-label=\"Compartir en Twitter\" href='https:\/\/twitter.com\/share?text=Dictan%20veredicto%20condenatorio%20contra%20ex-alcalde%20de%20Guaitecas%20y%20otros%20imputados%20por%20malversaci%C3%B3n%20de%20caudales%20p%C3%BAblicos&#038;url=https:\/\/radiorevelacionfm.cl\/?p=11681' aria-hidden='false' data-av_icon='\ue8f1' data-av_iconfont='entypo-fontello' title='' data-avia-related-tooltip='Compartir en Twitter' rel=\"noopener\"><span class='avia_hidden_link_text'>Compartir en Twitter<\/span><\/a><\/li><li class='av-share-link av-social-link-whatsapp' ><a target=\"_blank\" aria-label=\"Compartir en Whatsapp\" href='https:\/\/api.whatsapp.com\/send?text=https:\/\/radiorevelacionfm.cl\/?p=11681' aria-hidden='false' data-av_icon='\uf232' data-av_iconfont='entypo-fontello' title='' data-avia-related-tooltip='Compartir en Whatsapp' rel=\"noopener\"><span class='avia_hidden_link_text'>Compartir en Whatsapp<\/span><\/a><\/li><li class='av-share-link av-social-link-linkedin' ><a target=\"_blank\" aria-label=\"Compartir en LinkedIn\" href='https:\/\/linkedin.com\/shareArticle?mini=true&#038;title=Dictan%20veredicto%20condenatorio%20contra%20ex-alcalde%20de%20Guaitecas%20y%20otros%20imputados%20por%20malversaci%C3%B3n%20de%20caudales%20p%C3%BAblicos&#038;url=https:\/\/radiorevelacionfm.cl\/?p=11681' aria-hidden='false' data-av_icon='\ue8fc' data-av_iconfont='entypo-fontello' title='' data-avia-related-tooltip='Compartir en LinkedIn' rel=\"noopener\"><span class='avia_hidden_link_text'>Compartir en LinkedIn<\/span><\/a><\/li><li class='av-share-link av-social-link-mail' ><a  aria-label=\"Compartir por correo\" href='mailto:?subject=Dictan%20veredicto%20condenatorio%20contra%20ex-alcalde%20de%20Guaitecas%20y%20otros%20imputados%20por%20malversaci%C3%B3n%20de%20caudales%20p%C3%BAblicos&#038;body=https:\/\/radiorevelacionfm.cl\/?p=11681' aria-hidden='false' data-av_icon='\ue805' data-av_iconfont='entypo-fontello' title='' data-avia-related-tooltip='Compartir por correo'><span class='avia_hidden_link_text'>Compartir por correo<\/span><\/a><\/li><\/ul><\/div><\/div>\n<div  style='height:50px' class='hr hr-invisible   avia-builder-el-8  el_after_av_social_share  el_before_av_comments_list '><span class='hr-inner ' ><span class='hr-inner-style'><\/span><\/span><\/div>\n<div  class='av-buildercomment  av-blog-meta-html-info-disabled av-blog-meta-tag-disabled  '><\/div>\n","protected":false},"excerpt":{"rendered":"","protected":false},"author":1,"featured_media":11200,"comment_status":"open","ping_status":"open","sticky":false,"template":"","format":"standard","meta":{"footnotes":""},"categories":[55],"tags":[],"class_list":["post-11681","post","type-post","status-publish","format-standard","has-post-thumbnail","hentry","category-justicia"],"jetpack_featured_media_url":"https:\/\/radiorevelacionfm.cl\/wp-content\/uploads\/2021\/11\/Ex-Alcalde-Alvarado-1-1.jpg","_links":{"self":[{"href":"https:\/\/radiorevelacionfm.cl\/index.php?rest_route=\/wp\/v2\/posts\/11681","targetHints":{"allow":["GET"]}}],"collection":[{"href":"https:\/\/radiorevelacionfm.cl\/index.php?rest_route=\/wp\/v2\/posts"}],"about":[{"href":"https:\/\/radiorevelacionfm.cl\/index.php?rest_route=\/wp\/v2\/types\/post"}],"author":[{"embeddable":true,"href":"https:\/\/radiorevelacionfm.cl\/index.php?rest_route=\/wp\/v2\/users\/1"}],"replies":[{"embeddable":true,"href":"https:\/\/radiorevelacionfm.cl\/index.php?rest_route=%2Fwp%2Fv2%2Fcomments&post=11681"}],"version-history":[{"count":2,"href":"https:\/\/radiorevelacionfm.cl\/index.php?rest_route=\/wp\/v2\/posts\/11681\/revisions"}],"predecessor-version":[{"id":11683,"href":"https:\/\/radiorevelacionfm.cl\/index.php?rest_route=\/wp\/v2\/posts\/11681\/revisions\/11683"}],"wp:featuredmedia":[{"embeddable":true,"href":"https:\/\/radiorevelacionfm.cl\/index.php?rest_route=\/wp\/v2\/media\/11200"}],"wp:attachment":[{"href":"https:\/\/radiorevelacionfm.cl\/index.php?rest_route=%2Fwp%2Fv2%2Fmedia&parent=11681"}],"wp:term":[{"taxonomy":"category","embeddable":true,"href":"https:\/\/radiorevelacionfm.cl\/index.php?rest_route=%2Fwp%2Fv2%2Fcategories&post=11681"},{"taxonomy":"post_tag","embeddable":true,"href":"https:\/\/radiorevelacionfm.cl\/index.php?rest_route=%2Fwp%2Fv2%2Ftags&post=11681"}],"curies":[{"name":"wp","href":"https:\/\/api.w.org\/{rel}","templated":true}]}}