{"id":11676,"date":"2021-12-09T16:09:26","date_gmt":"2021-12-09T19:09:26","guid":{"rendered":"https:\/\/radiorevelacionfm.cl\/?p=11676"},"modified":"2021-12-09T16:13:21","modified_gmt":"2021-12-09T19:13:21","slug":"instituciones-cientificas-de-la-region-participaron-del-primer-diagnostico-de-igualdad-de-genero","status":"publish","type":"post","link":"https:\/\/radiorevelacionfm.cl\/?p=11676","title":{"rendered":"Instituciones cient\u00edficas de Ays\u00e9n participaron del primer diagn\u00f3stico de igualdad de g\u00e9nero"},"content":{"rendered":"<div class=\"flex_column av_one_full  flex_column_div av-zero-column-padding first  avia-builder-el-0  el_before_av_one_full  avia-builder-el-first  \" style='border-radius:0px; '><div  class='avia-image-container  av-styling-    avia-builder-el-1  avia-builder-el-no-sibling  avia-align-center '  itemprop=\"image\" itemscope=\"itemscope\" itemtype=\"https:\/\/schema.org\/ImageObject\"  ><div class='avia-image-container-inner'><div class='avia-image-overlay-wrap'><img decoding=\"async\" class='wp-image-11677 avia-img-lazy-loading-not-11677 avia_image' src=\"https:\/\/radiorevelacionfm.cl\/wp-content\/uploads\/2021\/12\/Reunion-Huella-de-Genero-2-2.jpeg\" alt='' title='Reuni\u00f3n Huella de G\u00e9nero-2-2' height=\"600\" width=\"925\"  itemprop=\"thumbnailUrl\" srcset=\"https:\/\/radiorevelacionfm.cl\/wp-content\/uploads\/2021\/12\/Reunion-Huella-de-Genero-2-2.jpeg 925w, https:\/\/radiorevelacionfm.cl\/wp-content\/uploads\/2021\/12\/Reunion-Huella-de-Genero-2-2-300x195.jpeg 300w, https:\/\/radiorevelacionfm.cl\/wp-content\/uploads\/2021\/12\/Reunion-Huella-de-Genero-2-2-768x498.jpeg 768w, https:\/\/radiorevelacionfm.cl\/wp-content\/uploads\/2021\/12\/Reunion-Huella-de-Genero-2-2-705x457.jpeg 705w, https:\/\/radiorevelacionfm.cl\/wp-content\/uploads\/2021\/12\/Reunion-Huella-de-Genero-2-2-600x389.jpeg 600w\" sizes=\"(max-width: 925px) 100vw, 925px\" \/><\/div><\/div><\/div><\/div>\n<div class=\"flex_column av_one_full  flex_column_div av-zero-column-padding first  avia-builder-el-2  el_after_av_one_full  el_before_av_one_full  column-top-margin\" style='border-radius:0px; '><section class=\"av_textblock_section \"  itemscope=\"itemscope\" itemtype=\"https:\/\/schema.org\/BlogPosting\" itemprop=\"blogPost\" ><div class='avia_textblock  '   itemprop=\"text\" ><p style=\"text-align: center;\"><strong><span style=\"font-size: 18pt;\"><span lang=\"es\"><span style=\"font-family: arial, sans-serif;\">Instituciones cient\u00edficas de Ays\u00e9n participaron del primer diagn\u00f3stico de igualdad de g\u00e9nero<\/span><\/span><\/span><\/strong><\/p>\n<div id=\"gtx-trans\" style=\"position: absolute; left: -50px; top: 4.31534px;\">\n<div class=\"gtx-trans-icon\"><\/div>\n<\/div>\n<\/div><\/section><\/div><div class=\"flex_column av_one_full  flex_column_div av-zero-column-padding first  avia-builder-el-4  el_after_av_one_full  el_before_av_hr  column-top-margin\" style='border-radius:0px; '><section class=\"av_textblock_section \"  itemscope=\"itemscope\" itemtype=\"https:\/\/schema.org\/BlogPosting\" itemprop=\"blogPost\" ><div class='avia_textblock  '   itemprop=\"text\" ><p class=\"v1MsoNormal\" style=\"text-align: justify;\"><span lang=\"es\"><span style=\"font-family: arial, sans-serif;\">En Coyhaique la Seremi de Ciencia de la Macrozona Austral, Pamela Santib\u00e1\u00f1ez, realiz\u00f3 el primer taller para el diagn\u00f3stico \u00abHuella de g\u00e9nero\u00bb como parte de las iniciativas relacionadas con la Pol\u00edtica y Plan de Acci\u00f3n de Igualdad de G\u00e9nero en Ciencia, Tecnolog\u00eda, Conocimiento e Innovaci\u00f3n (CTCI) del Ministerio de Ciencia.<\/span><\/span><\/p>\n<p class=\"v1MsoNormal\" style=\"text-align: justify;\"><span lang=\"es\"><span style=\"font-family: arial, sans-serif;\">La instancia cont\u00f3 con la participaci\u00f3n de la Mesa de G\u00e9nero Macrozonal compuesta por Hayley Dur\u00e1n, de la Universidad de Ays\u00e9n; Marisol Barr\u00eda, de la Universidad Austral sede Patagonia; Amalia Nuevo y Ang\u00e9lica Oyarz\u00fan, del Centro de Investigaci\u00f3n en Ecosistemas de la Patagonia (CIEP); y Lorena Ram\u00edrez, del Instituto de Fomento Pesquero (IFOP).<\/span><\/span><\/p>\n<p class=\"v1MsoNormal\" style=\"text-align: justify;\"><span lang=\"es\"><span style=\"font-family: arial, sans-serif;\">El objetivo principal de la actividad fue trabajar con las instituciones generadoras de conocimiento de la regi\u00f3n y aplicar por primera vez el \u00abModelo de Madurez en Igualdad de G\u00e9nero\u00bb, proyecto del Ministerio que forma parte de una cooperaci\u00f3n t\u00e9cnica que incluy\u00f3 la asesor\u00eda experta de ComunidadMujer con el financiamiento del Banco Interamericano. Este diagn\u00f3stico evaluar\u00e1 el estado en el que se encuentra cada instituci\u00f3n y as\u00ed colaborar en la construcci\u00f3n de una cultura en favor de la igualdad.<\/span><\/span><\/p>\n<p class=\"v1MsoNormal\" style=\"text-align: justify;\"><span lang=\"es\"><span style=\"font-family: arial, sans-serif;\">El modelo de madurez permite evaluar, monitorear y guiar las acciones que apuntan a reducir brechas, sesgos y discriminaciones de g\u00e9nero y a promover y potenciar la carrera cient\u00edfica de las mujeres. Tiene cuatro niveles (Principiante, Aprendiz, Maduro y Referente), donde se consideran las pol\u00edticas y medidas que est\u00e1n siendo implementadas para reducir la brecha de g\u00e9nero.\u00a0<\/span><\/span><\/p>\n<\/div><\/section><\/div><\/p>\n<div  style='height:50px' class='hr hr-invisible   avia-builder-el-6  el_after_av_one_full  el_before_av_social_share '><span class='hr-inner ' ><span class='hr-inner-style'><\/span><\/span><\/div>\n<div  class='av-social-sharing-box  avia-builder-el-7  el_after_av_hr  el_before_av_hr  '><div class='av-share-box'><h5 class='av-share-link-description av-no-toc '>Compartir esta noticia<\/h5><ul class='av-share-box-list noLightbox'><li class='av-share-link av-social-link-facebook' ><a target=\"_blank\" aria-label=\"Compartir en Facebook\" href='https:\/\/www.facebook.com\/sharer.php?u=https:\/\/radiorevelacionfm.cl\/?p=11676&#038;t=Instituciones%20cient%C3%ADficas%20de%20Ays%C3%A9n%20participaron%20del%20primer%20diagn%C3%B3stico%20de%20igualdad%20de%20g%C3%A9nero' aria-hidden='false' data-av_icon='\ue8f3' data-av_iconfont='entypo-fontello' title='' data-avia-related-tooltip='Compartir en Facebook' rel=\"noopener\"><span class='avia_hidden_link_text'>Compartir en Facebook<\/span><\/a><\/li><li class='av-share-link av-social-link-twitter' ><a target=\"_blank\" aria-label=\"Compartir en Twitter\" href='https:\/\/twitter.com\/share?text=Instituciones%20cient%C3%ADficas%20de%20Ays%C3%A9n%20participaron%20del%20primer%20diagn%C3%B3stico%20de%20igualdad%20de%20g%C3%A9nero&#038;url=https:\/\/radiorevelacionfm.cl\/?p=11676' aria-hidden='false' data-av_icon='\ue8f1' data-av_iconfont='entypo-fontello' title='' data-avia-related-tooltip='Compartir en Twitter' rel=\"noopener\"><span class='avia_hidden_link_text'>Compartir en Twitter<\/span><\/a><\/li><li class='av-share-link av-social-link-whatsapp' ><a target=\"_blank\" aria-label=\"Compartir en Whatsapp\" href='https:\/\/api.whatsapp.com\/send?text=https:\/\/radiorevelacionfm.cl\/?p=11676' aria-hidden='false' data-av_icon='\uf232' data-av_iconfont='entypo-fontello' title='' data-avia-related-tooltip='Compartir en Whatsapp' rel=\"noopener\"><span class='avia_hidden_link_text'>Compartir en Whatsapp<\/span><\/a><\/li><li class='av-share-link av-social-link-linkedin' ><a target=\"_blank\" aria-label=\"Compartir en LinkedIn\" href='https:\/\/linkedin.com\/shareArticle?mini=true&#038;title=Instituciones%20cient%C3%ADficas%20de%20Ays%C3%A9n%20participaron%20del%20primer%20diagn%C3%B3stico%20de%20igualdad%20de%20g%C3%A9nero&#038;url=https:\/\/radiorevelacionfm.cl\/?p=11676' aria-hidden='false' data-av_icon='\ue8fc' data-av_iconfont='entypo-fontello' title='' data-avia-related-tooltip='Compartir en LinkedIn' rel=\"noopener\"><span class='avia_hidden_link_text'>Compartir en LinkedIn<\/span><\/a><\/li><li class='av-share-link av-social-link-mail' ><a  aria-label=\"Compartir por correo\" href='mailto:?subject=Instituciones%20cient%C3%ADficas%20de%20Ays%C3%A9n%20participaron%20del%20primer%20diagn%C3%B3stico%20de%20igualdad%20de%20g%C3%A9nero&#038;body=https:\/\/radiorevelacionfm.cl\/?p=11676' aria-hidden='false' data-av_icon='\ue805' data-av_iconfont='entypo-fontello' title='' data-avia-related-tooltip='Compartir por correo'><span class='avia_hidden_link_text'>Compartir por correo<\/span><\/a><\/li><\/ul><\/div><\/div>\n<div  style='height:50px' class='hr hr-invisible   avia-builder-el-8  el_after_av_social_share  el_before_av_comments_list '><span class='hr-inner ' ><span class='hr-inner-style'><\/span><\/span><\/div>\n<div  class='av-buildercomment  av-blog-meta-html-info-disabled av-blog-meta-tag-disabled  '><\/div>\n","protected":false},"excerpt":{"rendered":"","protected":false},"author":1,"featured_media":11677,"comment_status":"open","ping_status":"open","sticky":false,"template":"","format":"standard","meta":{"footnotes":""},"categories":[53],"tags":[],"class_list":["post-11676","post","type-post","status-publish","format-standard","has-post-thumbnail","hentry","category-ciencia"],"jetpack_featured_media_url":"https:\/\/radiorevelacionfm.cl\/wp-content\/uploads\/2021\/12\/Reunion-Huella-de-Genero-2-2.jpeg","_links":{"self":[{"href":"https:\/\/radiorevelacionfm.cl\/index.php?rest_route=\/wp\/v2\/posts\/11676","targetHints":{"allow":["GET"]}}],"collection":[{"href":"https:\/\/radiorevelacionfm.cl\/index.php?rest_route=\/wp\/v2\/posts"}],"about":[{"href":"https:\/\/radiorevelacionfm.cl\/index.php?rest_route=\/wp\/v2\/types\/post"}],"author":[{"embeddable":true,"href":"https:\/\/radiorevelacionfm.cl\/index.php?rest_route=\/wp\/v2\/users\/1"}],"replies":[{"embeddable":true,"href":"https:\/\/radiorevelacionfm.cl\/index.php?rest_route=%2Fwp%2Fv2%2Fcomments&post=11676"}],"version-history":[{"count":3,"href":"https:\/\/radiorevelacionfm.cl\/index.php?rest_route=\/wp\/v2\/posts\/11676\/revisions"}],"predecessor-version":[{"id":11679,"href":"https:\/\/radiorevelacionfm.cl\/index.php?rest_route=\/wp\/v2\/posts\/11676\/revisions\/11679"}],"wp:featuredmedia":[{"embeddable":true,"href":"https:\/\/radiorevelacionfm.cl\/index.php?rest_route=\/wp\/v2\/media\/11677"}],"wp:attachment":[{"href":"https:\/\/radiorevelacionfm.cl\/index.php?rest_route=%2Fwp%2Fv2%2Fmedia&parent=11676"}],"wp:term":[{"taxonomy":"category","embeddable":true,"href":"https:\/\/radiorevelacionfm.cl\/index.php?rest_route=%2Fwp%2Fv2%2Fcategories&post=11676"},{"taxonomy":"post_tag","embeddable":true,"href":"https:\/\/radiorevelacionfm.cl\/index.php?rest_route=%2Fwp%2Fv2%2Ftags&post=11676"}],"curies":[{"name":"wp","href":"https:\/\/api.w.org\/{rel}","templated":true}]}}