{"id":11672,"date":"2021-12-09T15:46:31","date_gmt":"2021-12-09T18:46:31","guid":{"rendered":"https:\/\/radiorevelacionfm.cl\/?p=11672"},"modified":"2021-12-09T15:46:31","modified_gmt":"2021-12-09T18:46:31","slug":"escuela-litoral-austral-recibe-el-aporte-de-21-computadores-reacondicionados-para-sus-estudiantes","status":"publish","type":"post","link":"https:\/\/radiorevelacionfm.cl\/?p=11672","title":{"rendered":"Escuela Litoral Austral recibe el aporte de 21 computadores reacondicionados para sus estudiantes"},"content":{"rendered":"<div class=\"flex_column av_one_full  flex_column_div av-zero-column-padding first  avia-builder-el-0  el_before_av_one_full  avia-builder-el-first  \" style='border-radius:0px; '><div  class='avia-image-container  av-styling-    avia-builder-el-1  avia-builder-el-no-sibling  avia-align-center '  itemprop=\"image\" itemscope=\"itemscope\" itemtype=\"https:\/\/schema.org\/ImageObject\"  ><div class='avia-image-container-inner'><div class='avia-image-overlay-wrap'><img decoding=\"async\" class='wp-image-11673 avia-img-lazy-loading-not-11673 avia_image' src=\"https:\/\/radiorevelacionfm.cl\/wp-content\/uploads\/2021\/12\/264973673_4541212279339064_281951300849877249_n-2-2.jpg\" alt='' title='264973673_4541212279339064_281951300849877249_n-2-2' height=\"600\" width=\"800\"  itemprop=\"thumbnailUrl\" srcset=\"https:\/\/radiorevelacionfm.cl\/wp-content\/uploads\/2021\/12\/264973673_4541212279339064_281951300849877249_n-2-2.jpg 800w, https:\/\/radiorevelacionfm.cl\/wp-content\/uploads\/2021\/12\/264973673_4541212279339064_281951300849877249_n-2-2-300x225.jpg 300w, https:\/\/radiorevelacionfm.cl\/wp-content\/uploads\/2021\/12\/264973673_4541212279339064_281951300849877249_n-2-2-768x576.jpg 768w, https:\/\/radiorevelacionfm.cl\/wp-content\/uploads\/2021\/12\/264973673_4541212279339064_281951300849877249_n-2-2-705x529.jpg 705w, https:\/\/radiorevelacionfm.cl\/wp-content\/uploads\/2021\/12\/264973673_4541212279339064_281951300849877249_n-2-2-600x450.jpg 600w\" sizes=\"(max-width: 800px) 100vw, 800px\" \/><\/div><\/div><\/div><\/div><div class=\"flex_column av_one_full  flex_column_div av-zero-column-padding first  avia-builder-el-2  el_after_av_one_full  el_before_av_one_full  column-top-margin\" style='border-radius:0px; '><section class=\"av_textblock_section \"  itemscope=\"itemscope\" itemtype=\"https:\/\/schema.org\/BlogPosting\" itemprop=\"blogPost\" ><div class='avia_textblock  '   itemprop=\"text\" ><p style=\"text-align: center;\"><span style=\"font-size: 18pt;\"><strong>Escuela Litoral Austral recibe el aporte de 21 computadores reacondicionados para sus estudiantes <\/strong><\/span><\/p>\n<div id=\"gtx-trans\" style=\"position: absolute; left: -50px; top: 4.31534px;\">\n<div class=\"gtx-trans-icon\"><\/div>\n<\/div>\n<\/div><\/section><\/div><div class=\"flex_column av_one_full  flex_column_div av-zero-column-padding first  avia-builder-el-4  el_after_av_one_full  el_before_av_hr  column-top-margin\" style='border-radius:0px; '><section class=\"av_textblock_section \"  itemscope=\"itemscope\" itemtype=\"https:\/\/schema.org\/BlogPosting\" itemprop=\"blogPost\" ><div class='avia_textblock  '   itemprop=\"text\" ><p style=\"text-align: justify;\">Feliz se mostr\u00f3 la comunidad educativa Litoral Austral en Puerto Ays\u00e9n luego que, tras importantes coordinaciones, arribaran hasta la regi\u00f3n y comuna un total de 21 computadores reacondicionados, los cuales fueron aportados al establecimiento educacional por parte de la empresa de servicios integrales de inform\u00e1tica Suministra S.A.<\/p>\n<p style=\"text-align: justify;\">De esta manera, en una sencilla ceremonia este mi\u00e9rcoles se realiz\u00f3 la entrega formal de los ordenadores por parte de la empresa hacia la escuela, los cuales posteriormente ser\u00e1n entregados a aquellos alumnos que m\u00e1s lo requieren, como una forma de apoyar y complementar las acciones pedag\u00f3gicas de cara al inicio del a\u00f1o escolar 2022.<\/p>\n<p style=\"text-align: justify;\">\u201cTodo comenz\u00f3 cuando nos trasladamos hace poco a esta regi\u00f3n y aceptaron a nuestra hija en esta escuela. A poco andar nos dimos cuenta de algunas necesidades de los ni\u00f1os y, especialmente con esta pandemia, lo complicado que es acceder a la tecnolog\u00eda\u201d, indic\u00f3 Carolina Rodr\u00edguez, apoderada de Litoral Austral y representante de la empresa Suministra S.A.<\/p>\n<p style=\"text-align: justify;\">\u201cAs\u00ed fue como inici\u00f3 este aporte, le coment\u00e9 a mi pap\u00e1, que trabaja con estos servicios inform\u00e1ticos en Suministra en Santiago, y fue as\u00ed que se decidi\u00f3 donar estos 21 equipos. Junto con mi esposo conversamos con el director de la escuela y ah\u00ed parti\u00f3 toda esta gesti\u00f3n para poder traerlos, principalmente. Hoy est\u00e1n los contactos hechos y en esta regi\u00f3n m\u00e1s distante, donde todo cuesta que llegue, no s\u00f3lo en la tecnolog\u00eda, si podemos ser un aporte bienvenido sea\u201d, agreg\u00f3 Rodr\u00edguez Cuadra.<\/p>\n<p style=\"text-align: justify;\">Todos estos computadores fueron refaccionados y cuentan cada uno de ellos con sus respectivos pc, monitores, teclado, mouse, cable VGA, cables de poder y licencias Windows para, de esta forma, cuenten con todo lo necesario para su correcto funcionamiento, y as\u00ed aportar en cuanto a facilitar los estudios de los alumnos y alumnas de este recinto educativo de car\u00e1cter municipal, cuya matr\u00edcula asciende a los 500 estudiantes.<\/p>\n<p style=\"text-align: justify;\">\u201cNo nos queda m\u00e1s que agradecer la gesti\u00f3n realizada por nuestros apoderados, don Cristian Fuentes y su esposa, que tienen familia en Santiago y que cuentan con la empresa Suministra. Por supuesto que es un aporte muy importante, porque si bien es cierto a los ni\u00f1os se le dispusieron de banda ancha m\u00f3vil no todos contaban con computadores en la cantidad necesaria para trabajar de manera virtual. En una casa donde hay 2, 3 \u00f3 4 hermanitos y se usa el tel\u00e9fono de la mam\u00e1 para conectarse es un l\u00edo, as\u00ed que se dieron la tarea de poder buscar este apoyo de parte de don Luis Rodr\u00edguez, que es el due\u00f1o de esta empresa, y hoy se ha concretado\u201d, manifest\u00f3 el director de la escuela, Carlos Alarc\u00f3n tras la ceremonia de entrega.<\/p>\n<p style=\"text-align: justify;\">\u201cEstamos muy contentos. Ahora debemos ver a qu\u00e9 ni\u00f1os vamos a beneficiar con estos computadores que est\u00e1n en muy buena calidad, con licencia cada uno de ellos, fueron revisados por nuestro inform\u00e1tico. Adem\u00e1s, una donaci\u00f3n con costo cero para la escuela, puestos ac\u00e1 en Puerto Ays\u00e9n. Agradecidos por esta tremenda gesti\u00f3n, sabemos que debemos estar siempre atentos a los requerimientos de nuestros alumnos as\u00ed que tener este tipo de redes es beneficioso para la escuela y para nuestros ni\u00f1os y ni\u00f1as, principalmente\u201d, finaliz\u00f3 el directivo.<\/p>\n<\/div><\/section><\/div><div  style='height:50px' class='hr hr-invisible   avia-builder-el-6  el_after_av_one_full  el_before_av_social_share '><span class='hr-inner ' ><span class='hr-inner-style'><\/span><\/span><\/div><\/p>\n<div  class='av-social-sharing-box  avia-builder-el-7  el_after_av_hr  el_before_av_hr  '><div class='av-share-box'><h5 class='av-share-link-description av-no-toc '>Compartir esta noticia<\/h5><ul class='av-share-box-list noLightbox'><li class='av-share-link av-social-link-facebook' ><a target=\"_blank\" aria-label=\"Compartir en Facebook\" href='https:\/\/www.facebook.com\/sharer.php?u=https:\/\/radiorevelacionfm.cl\/?p=11672&#038;t=Escuela%20Litoral%20Austral%20recibe%20el%20aporte%20de%2021%20computadores%20reacondicionados%20para%20sus%20estudiantes' aria-hidden='false' data-av_icon='\ue8f3' data-av_iconfont='entypo-fontello' title='' data-avia-related-tooltip='Compartir en Facebook' rel=\"noopener\"><span class='avia_hidden_link_text'>Compartir en Facebook<\/span><\/a><\/li><li class='av-share-link av-social-link-twitter' ><a target=\"_blank\" aria-label=\"Compartir en Twitter\" href='https:\/\/twitter.com\/share?text=Escuela%20Litoral%20Austral%20recibe%20el%20aporte%20de%2021%20computadores%20reacondicionados%20para%20sus%20estudiantes&#038;url=https:\/\/radiorevelacionfm.cl\/?p=11672' aria-hidden='false' data-av_icon='\ue8f1' data-av_iconfont='entypo-fontello' title='' data-avia-related-tooltip='Compartir en Twitter' rel=\"noopener\"><span class='avia_hidden_link_text'>Compartir en Twitter<\/span><\/a><\/li><li class='av-share-link av-social-link-whatsapp' ><a target=\"_blank\" aria-label=\"Compartir en Whatsapp\" href='https:\/\/api.whatsapp.com\/send?text=https:\/\/radiorevelacionfm.cl\/?p=11672' aria-hidden='false' data-av_icon='\uf232' data-av_iconfont='entypo-fontello' title='' data-avia-related-tooltip='Compartir en Whatsapp' rel=\"noopener\"><span class='avia_hidden_link_text'>Compartir en Whatsapp<\/span><\/a><\/li><li class='av-share-link av-social-link-linkedin' ><a target=\"_blank\" aria-label=\"Compartir en LinkedIn\" href='https:\/\/linkedin.com\/shareArticle?mini=true&#038;title=Escuela%20Litoral%20Austral%20recibe%20el%20aporte%20de%2021%20computadores%20reacondicionados%20para%20sus%20estudiantes&#038;url=https:\/\/radiorevelacionfm.cl\/?p=11672' aria-hidden='false' data-av_icon='\ue8fc' data-av_iconfont='entypo-fontello' title='' data-avia-related-tooltip='Compartir en LinkedIn' rel=\"noopener\"><span class='avia_hidden_link_text'>Compartir en LinkedIn<\/span><\/a><\/li><li class='av-share-link av-social-link-mail' ><a  aria-label=\"Compartir por correo\" href='mailto:?subject=Escuela%20Litoral%20Austral%20recibe%20el%20aporte%20de%2021%20computadores%20reacondicionados%20para%20sus%20estudiantes&#038;body=https:\/\/radiorevelacionfm.cl\/?p=11672' aria-hidden='false' data-av_icon='\ue805' data-av_iconfont='entypo-fontello' title='' data-avia-related-tooltip='Compartir por correo'><span class='avia_hidden_link_text'>Compartir por correo<\/span><\/a><\/li><\/ul><\/div><\/div>\n<div  style='height:50px' class='hr hr-invisible   avia-builder-el-8  el_after_av_social_share  el_before_av_comments_list '><span class='hr-inner ' ><span class='hr-inner-style'><\/span><\/span><\/div>\n<div  class='av-buildercomment  av-blog-meta-html-info-disabled av-blog-meta-tag-disabled  '><\/div>\n","protected":false},"excerpt":{"rendered":"","protected":false},"author":1,"featured_media":11673,"comment_status":"open","ping_status":"open","sticky":false,"template":"","format":"standard","meta":{"footnotes":""},"categories":[38],"tags":[],"class_list":["post-11672","post","type-post","status-publish","format-standard","has-post-thumbnail","hentry","category-regional"],"jetpack_featured_media_url":"https:\/\/radiorevelacionfm.cl\/wp-content\/uploads\/2021\/12\/264973673_4541212279339064_281951300849877249_n-2-2.jpg","_links":{"self":[{"href":"https:\/\/radiorevelacionfm.cl\/index.php?rest_route=\/wp\/v2\/posts\/11672","targetHints":{"allow":["GET"]}}],"collection":[{"href":"https:\/\/radiorevelacionfm.cl\/index.php?rest_route=\/wp\/v2\/posts"}],"about":[{"href":"https:\/\/radiorevelacionfm.cl\/index.php?rest_route=\/wp\/v2\/types\/post"}],"author":[{"embeddable":true,"href":"https:\/\/radiorevelacionfm.cl\/index.php?rest_route=\/wp\/v2\/users\/1"}],"replies":[{"embeddable":true,"href":"https:\/\/radiorevelacionfm.cl\/index.php?rest_route=%2Fwp%2Fv2%2Fcomments&post=11672"}],"version-history":[{"count":2,"href":"https:\/\/radiorevelacionfm.cl\/index.php?rest_route=\/wp\/v2\/posts\/11672\/revisions"}],"predecessor-version":[{"id":11675,"href":"https:\/\/radiorevelacionfm.cl\/index.php?rest_route=\/wp\/v2\/posts\/11672\/revisions\/11675"}],"wp:featuredmedia":[{"embeddable":true,"href":"https:\/\/radiorevelacionfm.cl\/index.php?rest_route=\/wp\/v2\/media\/11673"}],"wp:attachment":[{"href":"https:\/\/radiorevelacionfm.cl\/index.php?rest_route=%2Fwp%2Fv2%2Fmedia&parent=11672"}],"wp:term":[{"taxonomy":"category","embeddable":true,"href":"https:\/\/radiorevelacionfm.cl\/index.php?rest_route=%2Fwp%2Fv2%2Fcategories&post=11672"},{"taxonomy":"post_tag","embeddable":true,"href":"https:\/\/radiorevelacionfm.cl\/index.php?rest_route=%2Fwp%2Fv2%2Ftags&post=11672"}],"curies":[{"name":"wp","href":"https:\/\/api.w.org\/{rel}","templated":true}]}}