{"id":11668,"date":"2021-12-09T13:32:30","date_gmt":"2021-12-09T16:32:30","guid":{"rendered":"https:\/\/radiorevelacionfm.cl\/?p=11668"},"modified":"2021-12-09T13:32:30","modified_gmt":"2021-12-09T16:32:30","slug":"concejal-de-cochrane-sobre-nueva-denuncia-de-acoso-laboral-en-contra-del-delegado-presidencial-asusta-pensar-lo-reiterado-que-han-sido-los-abusos-contra-las-trabajadoras-en-este-gobierno","status":"publish","type":"post","link":"https:\/\/radiorevelacionfm.cl\/?p=11668","title":{"rendered":"Concejal de Cochrane sobre nueva denuncia de Acoso Laboral en contra del Delegado Presidencial: \u201cAsusta pensar lo reiterado que han sido los abusos contra las trabajadoras en este gobierno\u201d"},"content":{"rendered":"<div class=\"flex_column av_one_full  flex_column_div av-zero-column-padding first  avia-builder-el-0  el_before_av_one_full  avia-builder-el-first  \" style='border-radius:0px; '><div  class='avia-image-container  av-styling-    avia-builder-el-1  avia-builder-el-no-sibling  avia-align-center '  itemprop=\"image\" itemscope=\"itemscope\" itemtype=\"https:\/\/schema.org\/ImageObject\"  ><div class='avia-image-container-inner'><div class='avia-image-overlay-wrap'><img decoding=\"async\" class='wp-image-11669 avia-img-lazy-loading-not-11669 avia_image' src=\"https:\/\/radiorevelacionfm.cl\/wp-content\/uploads\/2021\/12\/Medios-2-3-2-2.jpg\" alt='' title='Medios-2-3-2-2' height=\"600\" width=\"767\"  itemprop=\"thumbnailUrl\" srcset=\"https:\/\/radiorevelacionfm.cl\/wp-content\/uploads\/2021\/12\/Medios-2-3-2-2.jpg 767w, https:\/\/radiorevelacionfm.cl\/wp-content\/uploads\/2021\/12\/Medios-2-3-2-2-300x235.jpg 300w, https:\/\/radiorevelacionfm.cl\/wp-content\/uploads\/2021\/12\/Medios-2-3-2-2-705x551.jpg 705w, https:\/\/radiorevelacionfm.cl\/wp-content\/uploads\/2021\/12\/Medios-2-3-2-2-600x469.jpg 600w\" sizes=\"(max-width: 767px) 100vw, 767px\" \/><\/div><\/div><\/div><\/div><div class=\"flex_column av_one_full  flex_column_div av-zero-column-padding first  avia-builder-el-2  el_after_av_one_full  el_before_av_one_full  column-top-margin\" style='border-radius:0px; '><section class=\"av_textblock_section \"  itemscope=\"itemscope\" itemtype=\"https:\/\/schema.org\/BlogPosting\" itemprop=\"blogPost\" ><div class='avia_textblock  '   itemprop=\"text\" ><p style=\"text-align: center;\"><strong><span style=\"font-size: 18pt;\">Concejal de Cochrane sobre nueva denuncia de Acoso Laboral en contra del Delegado Presidencial: \u201cAsusta pensar lo reiterado que han sido los abusos contra las trabajadoras en este gobierno\u201d<\/span><\/strong><\/p>\n<div id=\"gtx-trans\" style=\"position: absolute; left: -50px; top: 4.31534px;\">\n<div class=\"gtx-trans-icon\"><\/div>\n<\/div>\n<\/div><\/section><\/div><div class=\"flex_column av_one_full  flex_column_div av-zero-column-padding first  avia-builder-el-4  el_after_av_one_full  el_before_av_hr  column-top-margin\" style='border-radius:0px; '><section class=\"av_textblock_section \"  itemscope=\"itemscope\" itemtype=\"https:\/\/schema.org\/BlogPosting\" itemprop=\"blogPost\" ><div class='avia_textblock  '   itemprop=\"text\" ><p style=\"text-align: justify;\">Como \u201cinaceptables y de grav\u00edsima frecuencia\u201d calific\u00f3 el concejal de Cochrane, Jaime Reyes Vel\u00e1squez, las recientes denuncias por vulneraci\u00f3n de derechos fundamentales y acoso laboral interpuestas ante el Juzgado de Letras, Garant\u00eda y Familia del Baker, Cochrane,\u00a0 contra el Delegado Provincial Presidencial, Gustavo M\u00e1rquez Cadag\u00e1n. La autoridad comunal record\u00f3 que dos gobernadores fueron removidos de las Gobernaci\u00f3n General Carrera por acusaciones de acoso sexual, Pedro Duran y Mauricio Cuercia, como el anterior gobernador de Capit\u00e1n Prat acusado de abuso sexual contra una funcionaria en medio de un cometido funcionario a Villa O\u2019Higgins e incluso los rumores de un acto de violencia del ex gobernador de Coyhaique, Pablo Galilea contra la que por ese entonces era Seremi de Culturas, Artes y Patrimonio y ahora actual delegada presidencial, Margarita Ossa.<\/p>\n<p style=\"text-align: justify;\">Jaime Reyes, concejal de la comuna de Cochrane, comenta que hace unos d\u00edas atr\u00e1s en Cochrane se conmemoraba a trav\u00e9s de un partido de futbol que reuni\u00f3 a 22 mujeres el D\u00eda Internacional de la No Violencia en Contra de la Mujer. \u201cHoy en mi calidad de autoridad local, creo que es necesario denunciar p\u00fablicamente esta situaci\u00f3n, toda vez que se trata de una autoridad en ejercicio, que por investidura se le ha otorgado la representaci\u00f3n del ejecutivo en nuestra provincia. Nuevamente nos encontramos ante una demanda bajo el contexto de vulneraci\u00f3n de derechos fundamentales de una funcionaria, una trabajadora, demanda acogida por tribunales. Asusta pensar lo reiterado que han sido los abusos de autoridades contra mujeres y trabajadoras\u201d.<\/p>\n<p style=\"text-align: justify;\">La autoridad comunal aprovech\u00f3 la oportunidad para hacer un cuestionamiento p\u00fablico al sector pol\u00edtico de estas autoridades que han sido acusadas y removidas de sus cargos por acusaciones de acoso laboral y sexual contra mujeres trabajadoras, emplazando al sector y autoridades que se sienten representadas con la candidatura de Jos\u00e9 Antonio Kast a condenar estos actos como tambi\u00e9n al Ministerio de la Mujer, instituci\u00f3n que podr\u00eda desaparecer en un eventual nuevo gobierno de la derecha. \u201cAqu\u00ed no basta con decir que hay que esperar la investigaci\u00f3n o condenar los hechos, se debe castigar a los vulneradores\u201d, dijo el concejal de Cochrane.<\/p>\n<p style=\"text-align: justify;\">\u201cMe parece inconcebible que autoridades de este gobierno tengan un\u00a0 trato as\u00ed con funcionarios y funcionarias p\u00fablicas, hay que recordar que no es primera vez que enfrentan estas acusaciones. Nosotros somos diferentes a ellos, buscamos que haya respeto por la clase trabajadora y nos parece impresentable que autoridades que representan al sector de Kast tengan por conducta las malas pr\u00e1cticas laborales con los y las trabajadoras. Este es solo un\u00a0 bot\u00f3n de muestra de lo que pudiera ocurrir si gana un sector que ha demostrado tal autoritarismo e indiferencia con la clase trabajadora como el que hasta hoy han dejado en manifiesto y han ido instalando\u201d.<\/p>\n<\/div><\/section><\/div><div  style='height:50px' class='hr hr-invisible   avia-builder-el-6  el_after_av_one_full  el_before_av_social_share '><span class='hr-inner ' ><span class='hr-inner-style'><\/span><\/span><\/div><\/p>\n<div  class='av-social-sharing-box  avia-builder-el-7  el_after_av_hr  el_before_av_hr  '><div class='av-share-box'><h5 class='av-share-link-description av-no-toc '>Compartir esta noticia<\/h5><ul class='av-share-box-list noLightbox'><li class='av-share-link av-social-link-facebook' ><a target=\"_blank\" aria-label=\"Compartir en Facebook\" href='https:\/\/www.facebook.com\/sharer.php?u=https:\/\/radiorevelacionfm.cl\/?p=11668&#038;t=Concejal%20de%20Cochrane%20sobre%20nueva%20denuncia%20de%20Acoso%20Laboral%20en%20contra%20del%20Delegado%20Presidencial%3A%20%E2%80%9CAsusta%20pensar%20lo%20reiterado%20que%20han%20sido%20los%20abusos%20contra%20las%20trabajadoras%20en%20este%20gobierno%E2%80%9D' aria-hidden='false' data-av_icon='\ue8f3' data-av_iconfont='entypo-fontello' title='' data-avia-related-tooltip='Compartir en Facebook' rel=\"noopener\"><span class='avia_hidden_link_text'>Compartir en Facebook<\/span><\/a><\/li><li class='av-share-link av-social-link-twitter' ><a target=\"_blank\" aria-label=\"Compartir en Twitter\" href='https:\/\/twitter.com\/share?text=Concejal%20de%20Cochrane%20sobre%20nueva%20denuncia%20de%20Acoso%20Laboral%20en%20contra%20del%20Delegado%20Presidencial%3A%20%E2%80%9CAsusta%20pensar%20lo%20reiterado%20que%20han%20sido%20los%20abusos%20contra%20las%20trabajadoras%20en%20este%20gobierno%E2%80%9D&#038;url=https:\/\/radiorevelacionfm.cl\/?p=11668' aria-hidden='false' data-av_icon='\ue8f1' data-av_iconfont='entypo-fontello' title='' data-avia-related-tooltip='Compartir en Twitter' rel=\"noopener\"><span class='avia_hidden_link_text'>Compartir en Twitter<\/span><\/a><\/li><li class='av-share-link av-social-link-whatsapp' ><a target=\"_blank\" aria-label=\"Compartir en Whatsapp\" href='https:\/\/api.whatsapp.com\/send?text=https:\/\/radiorevelacionfm.cl\/?p=11668' aria-hidden='false' data-av_icon='\uf232' data-av_iconfont='entypo-fontello' title='' data-avia-related-tooltip='Compartir en Whatsapp' rel=\"noopener\"><span class='avia_hidden_link_text'>Compartir en Whatsapp<\/span><\/a><\/li><li class='av-share-link av-social-link-linkedin' ><a target=\"_blank\" aria-label=\"Compartir en LinkedIn\" href='https:\/\/linkedin.com\/shareArticle?mini=true&#038;title=Concejal%20de%20Cochrane%20sobre%20nueva%20denuncia%20de%20Acoso%20Laboral%20en%20contra%20del%20Delegado%20Presidencial%3A%20%E2%80%9CAsusta%20pensar%20lo%20reiterado%20que%20han%20sido%20los%20abusos%20contra%20las%20trabajadoras%20en%20este%20gobierno%E2%80%9D&#038;url=https:\/\/radiorevelacionfm.cl\/?p=11668' aria-hidden='false' data-av_icon='\ue8fc' data-av_iconfont='entypo-fontello' title='' data-avia-related-tooltip='Compartir en LinkedIn' rel=\"noopener\"><span class='avia_hidden_link_text'>Compartir en LinkedIn<\/span><\/a><\/li><li class='av-share-link av-social-link-mail' ><a  aria-label=\"Compartir por correo\" href='mailto:?subject=Concejal%20de%20Cochrane%20sobre%20nueva%20denuncia%20de%20Acoso%20Laboral%20en%20contra%20del%20Delegado%20Presidencial%3A%20%E2%80%9CAsusta%20pensar%20lo%20reiterado%20que%20han%20sido%20los%20abusos%20contra%20las%20trabajadoras%20en%20este%20gobierno%E2%80%9D&#038;body=https:\/\/radiorevelacionfm.cl\/?p=11668' aria-hidden='false' data-av_icon='\ue805' data-av_iconfont='entypo-fontello' title='' data-avia-related-tooltip='Compartir por correo'><span class='avia_hidden_link_text'>Compartir por correo<\/span><\/a><\/li><\/ul><\/div><\/div>\n<div  style='height:50px' class='hr hr-invisible   avia-builder-el-8  el_after_av_social_share  el_before_av_comments_list '><span class='hr-inner ' ><span class='hr-inner-style'><\/span><\/span><\/div>\n<div  class='av-buildercomment  av-blog-meta-html-info-disabled av-blog-meta-tag-disabled  '><\/div>\n","protected":false},"excerpt":{"rendered":"","protected":false},"author":1,"featured_media":11669,"comment_status":"open","ping_status":"open","sticky":false,"template":"","format":"standard","meta":{"footnotes":""},"categories":[38],"tags":[],"class_list":["post-11668","post","type-post","status-publish","format-standard","has-post-thumbnail","hentry","category-regional"],"jetpack_featured_media_url":"https:\/\/radiorevelacionfm.cl\/wp-content\/uploads\/2021\/12\/Medios-2-3-2-2.jpg","_links":{"self":[{"href":"https:\/\/radiorevelacionfm.cl\/index.php?rest_route=\/wp\/v2\/posts\/11668","targetHints":{"allow":["GET"]}}],"collection":[{"href":"https:\/\/radiorevelacionfm.cl\/index.php?rest_route=\/wp\/v2\/posts"}],"about":[{"href":"https:\/\/radiorevelacionfm.cl\/index.php?rest_route=\/wp\/v2\/types\/post"}],"author":[{"embeddable":true,"href":"https:\/\/radiorevelacionfm.cl\/index.php?rest_route=\/wp\/v2\/users\/1"}],"replies":[{"embeddable":true,"href":"https:\/\/radiorevelacionfm.cl\/index.php?rest_route=%2Fwp%2Fv2%2Fcomments&post=11668"}],"version-history":[{"count":2,"href":"https:\/\/radiorevelacionfm.cl\/index.php?rest_route=\/wp\/v2\/posts\/11668\/revisions"}],"predecessor-version":[{"id":11671,"href":"https:\/\/radiorevelacionfm.cl\/index.php?rest_route=\/wp\/v2\/posts\/11668\/revisions\/11671"}],"wp:featuredmedia":[{"embeddable":true,"href":"https:\/\/radiorevelacionfm.cl\/index.php?rest_route=\/wp\/v2\/media\/11669"}],"wp:attachment":[{"href":"https:\/\/radiorevelacionfm.cl\/index.php?rest_route=%2Fwp%2Fv2%2Fmedia&parent=11668"}],"wp:term":[{"taxonomy":"category","embeddable":true,"href":"https:\/\/radiorevelacionfm.cl\/index.php?rest_route=%2Fwp%2Fv2%2Fcategories&post=11668"},{"taxonomy":"post_tag","embeddable":true,"href":"https:\/\/radiorevelacionfm.cl\/index.php?rest_route=%2Fwp%2Fv2%2Ftags&post=11668"}],"curies":[{"name":"wp","href":"https:\/\/api.w.org\/{rel}","templated":true}]}}