{"id":11664,"date":"2021-12-09T12:49:06","date_gmt":"2021-12-09T15:49:06","guid":{"rendered":"https:\/\/radiorevelacionfm.cl\/?p=11664"},"modified":"2021-12-09T12:49:06","modified_gmt":"2021-12-09T15:49:06","slug":"plataforma-web-busca-transformarse-en-el-medio-oficial-de-la-gastronomia-en-aysen","status":"publish","type":"post","link":"https:\/\/radiorevelacionfm.cl\/?p=11664","title":{"rendered":"Plataforma web busca transformarse en el medio oficial de la gastronom\u00eda en Ays\u00e9n"},"content":{"rendered":"<div class=\"flex_column av_one_full  flex_column_div av-zero-column-padding first  avia-builder-el-0  el_before_av_one_full  avia-builder-el-first  \" style='border-radius:0px; '><div  class='avia-image-container  av-styling-    avia-builder-el-1  avia-builder-el-no-sibling  avia-align-center '  itemprop=\"image\" itemscope=\"itemscope\" itemtype=\"https:\/\/schema.org\/ImageObject\"  ><div class='avia-image-container-inner'><div class='avia-image-overlay-wrap'><img decoding=\"async\" class='wp-image-11665 avia-img-lazy-loading-not-11665 avia_image' src=\"https:\/\/radiorevelacionfm.cl\/wp-content\/uploads\/2021\/12\/puerto-cisnes-05-ok-2-2.jpg\" alt='' title='puerto cisnes 05 ok-2-2' height=\"600\" width=\"900\"  itemprop=\"thumbnailUrl\" srcset=\"https:\/\/radiorevelacionfm.cl\/wp-content\/uploads\/2021\/12\/puerto-cisnes-05-ok-2-2.jpg 900w, https:\/\/radiorevelacionfm.cl\/wp-content\/uploads\/2021\/12\/puerto-cisnes-05-ok-2-2-300x200.jpg 300w, https:\/\/radiorevelacionfm.cl\/wp-content\/uploads\/2021\/12\/puerto-cisnes-05-ok-2-2-768x512.jpg 768w, https:\/\/radiorevelacionfm.cl\/wp-content\/uploads\/2021\/12\/puerto-cisnes-05-ok-2-2-705x470.jpg 705w, https:\/\/radiorevelacionfm.cl\/wp-content\/uploads\/2021\/12\/puerto-cisnes-05-ok-2-2-600x400.jpg 600w\" sizes=\"(max-width: 900px) 100vw, 900px\" \/><\/div><\/div><\/div><\/div><div class=\"flex_column av_one_full  flex_column_div av-zero-column-padding first  avia-builder-el-2  el_after_av_one_full  el_before_av_one_full  column-top-margin\" style='border-radius:0px; '><section class=\"av_textblock_section \"  itemscope=\"itemscope\" itemtype=\"https:\/\/schema.org\/BlogPosting\" itemprop=\"blogPost\" ><div class='avia_textblock  '   itemprop=\"text\" ><p style=\"text-align: center;\"><span style=\"font-size: 18pt;\"><b>Plataforma web busca transformarse en el medio oficial de la gastronom\u00eda en Ays\u00e9n<\/b><\/span><\/p>\n<div id=\"gtx-trans\" style=\"position: absolute; left: -50px; top: 4.31534px;\">\n<div class=\"gtx-trans-icon\"><\/div>\n<\/div>\n<\/div><\/section><\/div><div class=\"flex_column av_one_full  flex_column_div av-zero-column-padding first  avia-builder-el-4  el_after_av_one_full  el_before_av_hr  column-top-margin\" style='border-radius:0px; '><section class=\"av_textblock_section \"  itemscope=\"itemscope\" itemtype=\"https:\/\/schema.org\/BlogPosting\" itemprop=\"blogPost\" ><div class='avia_textblock  '   itemprop=\"text\" ><p style=\"text-align: justify;\">El objetivo es levantar de forma colaborativa la identidad gastron\u00f3mica de cada localidad, sustentada en saberes y tradiciones propios de Ays\u00e9n Patagonia, y as\u00ed posicionar destinos de cara a potenciales turistas.<\/p>\n<p style=\"text-align: justify;\"><a href=\"http:\/\/www.destinogastronomicoaysen.cl\/\" data-saferedirecturl=\"https:\/\/www.google.com\/url?q=http:\/\/www.destinogastronomicoaysen.cl&amp;source=gmail&amp;ust=1639149342694000&amp;usg=AOvVaw3eEvy6-Y9IYpZMsrCJPT8X\">Destino Gastron\u00f3mico<\/a> es la nueva plataforma gastron\u00f3mica de Ays\u00e9n Patagonia, que busca poner en valor los servicios de comida a lo largo de la Carretera Austral. Esta red nace con el prop\u00f3sito de apoyar a los emprendedores gastron\u00f3micos a nivel regional, mostrando toda la oferta que deleita a viajeros y viajeras, desde Ra\u00fal Mar\u00edn Balmaceda a Villa O\u2019Higgins.<\/p>\n<p style=\"text-align: justify;\">Omar Mu\u00f1oz Sierra, director de Corfo Ays\u00e9n, detall\u00f3 que detr\u00e1s de esta iniciativa, \u201cest\u00e1 el foco estrat\u00e9gico de nuestros programas, para dinamizar las mipymes de nuestro territorio y lograr que Ays\u00e9n Patagonia sea un destino de clase mundial pues, junto con fortalecer nuestra base econ\u00f3mica, queremos que el sector turismo se siga posicionando como uno de los ejes de desarrollo econ\u00f3mico en nuestra regi\u00f3n\u201d.<\/p>\n<p style=\"text-align: justify;\"><strong>DESTINO GASTRON\u00d3MICO<\/strong><\/p>\n<p style=\"text-align: justify;\">Arturo del R\u00edo, gestor del programa Acelera, explic\u00f3 que \u201ceste es un trabajo que surge del trabajo colaborativo de nuestro programa y el PER Turismo Ays\u00e9n, ambos de Corfo, para promocionar la gastronom\u00eda local de cara al turismo y fortalecerla, realizando un levantamiento junto a los restoraneros de la identidad gastron\u00f3mica local, a partir de la historia y tradiciones de cada localidad. Nuestro objetivo final es construir destinos gastron\u00f3micos pues, ciertamente, una de las actividades que desarrollan los turistas, es comer y dormir\u201d.<\/p>\n<p style=\"text-align: justify;\">Explic\u00f3 que el principal acierto de potenciar gastron\u00f3micamente los destinos \u201ces que articula al rubro del turismo en su conjunto, tanto a las empresas del rubro de alojamiento como tambi\u00e9n de los servicios. El proyecto se presenta como una plataforma de restaurantes locales, pero tiene todo un trabajo atr\u00e1s y esto lo hace ser especial\u201d.<\/p>\n<p style=\"text-align: justify;\">En esta iniciativa confluye la visi\u00f3n de diversos actores territoriales, sum\u00e1ndose el trabajo del reconocido chef nacional Alonso Barraza del programa Recomiendo Chile que, junto a los programas de Corfo Acelera y PER Turismo, viajaron por Ra\u00fal Mar\u00edn Balmaceda, La Junta, Puyuhuapi, Puerto Cisnes y Villa Amengual, conociendo la cultura e identidad gastron\u00f3mica de cada localidad.<\/p>\n<p style=\"text-align: justify;\">Del R\u00edo detall\u00f3 que esta gira gastron\u00f3mica contempl\u00f3 conversatorios, con el objetivo de escuchar a la comunidad y realizar el levantamiento de sus principales elementos gastron\u00f3micos locales. Luego se ejecutaron talleres de cocina y preparaciones impartidas por Barraza, quien ense\u00f1\u00f3 desde el reconocimiento de sabores hasta tips para innovar en recetas.<\/p>\n<p style=\"text-align: justify;\">\u201cLa idea es que los emprendedores del rubro gastron\u00f3mico compartieran su visi\u00f3n de la identidad y experiencias como empresarios tur\u00edsticos gastron\u00f3micos. Este es un trabajo que se est\u00e1 desarrollando en etapas. Ya estuvimos en las comunas de Cisnes y Lago Verde y luego, con el apoyo del programa Acelera y Per Turismo, seguiremos por la provincia de Los Glaciares con un equipo de profesionales que va levantando material audiovisual y registro fotogr\u00e1fico para tener en un solo sitio toda la informaci\u00f3n y as\u00ed impulsar la gastronom\u00eda con los productos locales que identifiquen cada localidad\u201d, concluy\u00f3.<\/p>\n<p style=\"text-align: justify;\">El proyecto, que fue financiado en el marco del plan de dinamizaci\u00f3n del programa Acelera para las comunas de Cisnes y de Lago Verde, est\u00e1 siendo requerido en otras provincias de la regi\u00f3n. Su foco es el audiovisual con el prop\u00f3sito de promocionar los destinos, utilizando una plataforma web y redes sociales \u2013 Instagram y Facebook.<\/p>\n<p style=\"text-align: justify;\"><a href=\"https:\/\/www.instagram.com\/destino.gastronomico.aysen\/\" data-saferedirecturl=\"https:\/\/www.google.com\/url?q=https:\/\/www.instagram.com\/destino.gastronomico.aysen\/&amp;source=gmail&amp;ust=1639149342694000&amp;usg=AOvVaw0DMLjrBRIZyU7370C9hwOo\">Destino Gastron\u00f3mico<\/a> se presenta como una plataforma abierta, que brinda apoyo a trav\u00e9s de campa\u00f1as de Marketing Digital a los servicios registrados en SERNATUR. Este proyecto es liderado por el programa ACELERA de Corfo con la colaboraci\u00f3n del Programa Estrat\u00e9gico Regional Turismo Ays\u00e9n.<\/p>\n<p style=\"text-align: justify;\">Todo el material registrado se encuentra\u00a0en el sitio web <a href=\"http:\/\/www.destinogastronomicoaysen.cl\/\" data-saferedirecturl=\"https:\/\/www.google.com\/url?q=http:\/\/www.destinogastronomicoaysen.cl&amp;source=gmail&amp;ust=1639149342694000&amp;usg=AOvVaw3eEvy6-Y9IYpZMsrCJPT8X\">www.destinogastronomicoaysen.cl<\/a> , as\u00ed como en las redes sociales de la plataforma. Quien desee ser parte de este proyecto debe escribir a <a href=\"mailto:contacto@destinogastronomicoaysen.cl\">contacto@destinogastronomicoaysen.cl<\/a><\/p>\n<\/div><\/section><\/div><div  style='height:50px' class='hr hr-invisible   avia-builder-el-6  el_after_av_one_full  el_before_av_social_share '><span class='hr-inner ' ><span class='hr-inner-style'><\/span><\/span><\/div><\/p>\n<div  class='av-social-sharing-box  avia-builder-el-7  el_after_av_hr  el_before_av_hr  '><div class='av-share-box'><h5 class='av-share-link-description av-no-toc '>Compartir esta noticia<\/h5><ul class='av-share-box-list noLightbox'><li class='av-share-link av-social-link-facebook' ><a target=\"_blank\" aria-label=\"Compartir en Facebook\" href='https:\/\/www.facebook.com\/sharer.php?u=https:\/\/radiorevelacionfm.cl\/?p=11664&#038;t=Plataforma%20web%20busca%20transformarse%20en%20el%20medio%20oficial%20de%20la%20gastronom%C3%ADa%20en%20Ays%C3%A9n' aria-hidden='false' data-av_icon='\ue8f3' data-av_iconfont='entypo-fontello' title='' data-avia-related-tooltip='Compartir en Facebook' rel=\"noopener\"><span class='avia_hidden_link_text'>Compartir en Facebook<\/span><\/a><\/li><li class='av-share-link av-social-link-twitter' ><a target=\"_blank\" aria-label=\"Compartir en Twitter\" href='https:\/\/twitter.com\/share?text=Plataforma%20web%20busca%20transformarse%20en%20el%20medio%20oficial%20de%20la%20gastronom%C3%ADa%20en%20Ays%C3%A9n&#038;url=https:\/\/radiorevelacionfm.cl\/?p=11664' aria-hidden='false' data-av_icon='\ue8f1' data-av_iconfont='entypo-fontello' title='' data-avia-related-tooltip='Compartir en Twitter' rel=\"noopener\"><span class='avia_hidden_link_text'>Compartir en Twitter<\/span><\/a><\/li><li class='av-share-link av-social-link-whatsapp' ><a target=\"_blank\" aria-label=\"Compartir en Whatsapp\" href='https:\/\/api.whatsapp.com\/send?text=https:\/\/radiorevelacionfm.cl\/?p=11664' aria-hidden='false' data-av_icon='\uf232' data-av_iconfont='entypo-fontello' title='' data-avia-related-tooltip='Compartir en Whatsapp' rel=\"noopener\"><span class='avia_hidden_link_text'>Compartir en Whatsapp<\/span><\/a><\/li><li class='av-share-link av-social-link-linkedin' ><a target=\"_blank\" aria-label=\"Compartir en LinkedIn\" href='https:\/\/linkedin.com\/shareArticle?mini=true&#038;title=Plataforma%20web%20busca%20transformarse%20en%20el%20medio%20oficial%20de%20la%20gastronom%C3%ADa%20en%20Ays%C3%A9n&#038;url=https:\/\/radiorevelacionfm.cl\/?p=11664' aria-hidden='false' data-av_icon='\ue8fc' data-av_iconfont='entypo-fontello' title='' data-avia-related-tooltip='Compartir en LinkedIn' rel=\"noopener\"><span class='avia_hidden_link_text'>Compartir en LinkedIn<\/span><\/a><\/li><li class='av-share-link av-social-link-mail' ><a  aria-label=\"Compartir por correo\" href='mailto:?subject=Plataforma%20web%20busca%20transformarse%20en%20el%20medio%20oficial%20de%20la%20gastronom%C3%ADa%20en%20Ays%C3%A9n&#038;body=https:\/\/radiorevelacionfm.cl\/?p=11664' aria-hidden='false' data-av_icon='\ue805' data-av_iconfont='entypo-fontello' title='' data-avia-related-tooltip='Compartir por correo'><span class='avia_hidden_link_text'>Compartir por correo<\/span><\/a><\/li><\/ul><\/div><\/div>\n<div  style='height:50px' class='hr hr-invisible   avia-builder-el-8  el_after_av_social_share  el_before_av_comments_list '><span class='hr-inner ' ><span class='hr-inner-style'><\/span><\/span><\/div>\n<div  class='av-buildercomment  av-blog-meta-html-info-disabled av-blog-meta-tag-disabled  '><\/div>\n","protected":false},"excerpt":{"rendered":"","protected":false},"author":1,"featured_media":11665,"comment_status":"open","ping_status":"open","sticky":false,"template":"","format":"standard","meta":{"footnotes":""},"categories":[54],"tags":[],"class_list":["post-11664","post","type-post","status-publish","format-standard","has-post-thumbnail","hentry","category-turismo"],"jetpack_featured_media_url":"https:\/\/radiorevelacionfm.cl\/wp-content\/uploads\/2021\/12\/puerto-cisnes-05-ok-2-2.jpg","_links":{"self":[{"href":"https:\/\/radiorevelacionfm.cl\/index.php?rest_route=\/wp\/v2\/posts\/11664","targetHints":{"allow":["GET"]}}],"collection":[{"href":"https:\/\/radiorevelacionfm.cl\/index.php?rest_route=\/wp\/v2\/posts"}],"about":[{"href":"https:\/\/radiorevelacionfm.cl\/index.php?rest_route=\/wp\/v2\/types\/post"}],"author":[{"embeddable":true,"href":"https:\/\/radiorevelacionfm.cl\/index.php?rest_route=\/wp\/v2\/users\/1"}],"replies":[{"embeddable":true,"href":"https:\/\/radiorevelacionfm.cl\/index.php?rest_route=%2Fwp%2Fv2%2Fcomments&post=11664"}],"version-history":[{"count":2,"href":"https:\/\/radiorevelacionfm.cl\/index.php?rest_route=\/wp\/v2\/posts\/11664\/revisions"}],"predecessor-version":[{"id":11667,"href":"https:\/\/radiorevelacionfm.cl\/index.php?rest_route=\/wp\/v2\/posts\/11664\/revisions\/11667"}],"wp:featuredmedia":[{"embeddable":true,"href":"https:\/\/radiorevelacionfm.cl\/index.php?rest_route=\/wp\/v2\/media\/11665"}],"wp:attachment":[{"href":"https:\/\/radiorevelacionfm.cl\/index.php?rest_route=%2Fwp%2Fv2%2Fmedia&parent=11664"}],"wp:term":[{"taxonomy":"category","embeddable":true,"href":"https:\/\/radiorevelacionfm.cl\/index.php?rest_route=%2Fwp%2Fv2%2Fcategories&post=11664"},{"taxonomy":"post_tag","embeddable":true,"href":"https:\/\/radiorevelacionfm.cl\/index.php?rest_route=%2Fwp%2Fv2%2Ftags&post=11664"}],"curies":[{"name":"wp","href":"https:\/\/api.w.org\/{rel}","templated":true}]}}