{"id":11661,"date":"2021-12-09T11:09:55","date_gmt":"2021-12-09T14:09:55","guid":{"rendered":"https:\/\/radiorevelacionfm.cl\/?p=11661"},"modified":"2021-12-09T11:09:55","modified_gmt":"2021-12-09T14:09:55","slug":"gobierno-anuncia-proyecto-de-ley-de-pension-garantizada-universal","status":"publish","type":"post","link":"https:\/\/radiorevelacionfm.cl\/?p=11661","title":{"rendered":"Gobierno anuncia proyecto de ley de Pensi\u00f3n Garantizada Universal"},"content":{"rendered":"<div class=\"flex_column av_one_full  flex_column_div av-zero-column-padding first  avia-builder-el-0  el_before_av_one_full  avia-builder-el-first  \" style='border-radius:0px; '><div  class='avia-image-container  av-styling-    avia-builder-el-1  avia-builder-el-no-sibling  avia-align-center '  itemprop=\"image\" itemscope=\"itemscope\" itemtype=\"https:\/\/schema.org\/ImageObject\"  ><div class='avia-image-container-inner'><div class='avia-image-overlay-wrap'><img decoding=\"async\" class='wp-image-5900 avia-img-lazy-loading-not-5900 avia_image' src=\"https:\/\/radiorevelacionfm.cl\/wp-content\/uploads\/2021\/07\/Billetes0-1-1.jpg\" alt='' title='Billetes0 (1) (1)' height=\"600\" width=\"1063\"  itemprop=\"thumbnailUrl\" srcset=\"https:\/\/radiorevelacionfm.cl\/wp-content\/uploads\/2021\/07\/Billetes0-1-1.jpg 1063w, https:\/\/radiorevelacionfm.cl\/wp-content\/uploads\/2021\/07\/Billetes0-1-1-300x169.jpg 300w, https:\/\/radiorevelacionfm.cl\/wp-content\/uploads\/2021\/07\/Billetes0-1-1-1030x581.jpg 1030w, https:\/\/radiorevelacionfm.cl\/wp-content\/uploads\/2021\/07\/Billetes0-1-1-768x433.jpg 768w, https:\/\/radiorevelacionfm.cl\/wp-content\/uploads\/2021\/07\/Billetes0-1-1-705x398.jpg 705w, https:\/\/radiorevelacionfm.cl\/wp-content\/uploads\/2021\/07\/Billetes0-1-1-600x339.jpg 600w\" sizes=\"(max-width: 1063px) 100vw, 1063px\" \/><\/div><\/div><\/div><\/div><div class=\"flex_column av_one_full  flex_column_div av-zero-column-padding first  avia-builder-el-2  el_after_av_one_full  el_before_av_one_full  column-top-margin\" style='border-radius:0px; '><section class=\"av_textblock_section \"  itemscope=\"itemscope\" itemtype=\"https:\/\/schema.org\/BlogPosting\" itemprop=\"blogPost\" ><div class='avia_textblock  '   itemprop=\"text\" ><p style=\"text-align: center;\"><strong><span style=\"font-size: 18pt;\">Gobierno anuncia proyecto de ley de Pensi\u00f3n Garantizada Universal<\/span><\/strong><\/p>\n<div id=\"gtx-trans\" style=\"position: absolute; left: -50px; top: 4.31534px;\">\n<div class=\"gtx-trans-icon\"><\/div>\n<\/div>\n<\/div><\/section><\/div><div class=\"flex_column av_one_full  flex_column_div av-zero-column-padding first  avia-builder-el-4  el_after_av_one_full  el_before_av_hr  column-top-margin\" style='border-radius:0px; '><section class=\"av_textblock_section \"  itemscope=\"itemscope\" itemtype=\"https:\/\/schema.org\/BlogPosting\" itemprop=\"blogPost\" ><div class='avia_textblock  '   itemprop=\"text\" ><p style=\"text-align: justify;\">El Presidente Sebasti\u00e1n Pi\u00f1era anunci\u00f3 el env\u00edo de un proyecto de ley que busca mejorar las pensiones de los actuales y futuros pensionados a trav\u00e9s de la creaci\u00f3n de una Pensi\u00f3n Garantizada Universal (PGU) para todos los adultos mayores de 65 a\u00f1os que pertenezcan al 90% de menos ingresos de la poblaci\u00f3n.<\/p>\n<p style=\"text-align: justify;\">El mandatario record\u00f3 que el gobierno tiene un compromiso moral con mejorar la calidad de vida de los pensionados y adultos mayores. Por eso, esta iniciativa propone una\u00a0PGU que alcanzar\u00e1 los $185.000 mensuales como un aporte directo para quienes est\u00e9n dentro del 80% m\u00e1s vulnerable. Para quienes se encuentren entre el 81% y el 90% de vulnerabilidad, esta pensi\u00f3n tendr\u00e1 un monto que ir\u00e1 disminuyendo progresivamente a medida que el beneficiario se acerca al 90%. Se excluir\u00e1 as\u00ed solo al 10% de mayores ingresos.<\/p>\n<p style=\"text-align: justify;\">Esta Pensi\u00f3n Garantizada Universal se sumar\u00e1n a la pensi\u00f3n autofinanciada, y beneficiar\u00e1 a 2,3 millones de personas en nuestro pa\u00eds. Esto significa incrementar en 500 mil los beneficiarios apoyados por el Estado, incorporando en plenitud a la clase media y a las mujeres. De esta forma, la PGU va a garantizar que ninguna pensi\u00f3n quede por debajo de la l\u00ednea de la pobreza.<\/p>\n<p style=\"text-align: justify;\">La iniciativa tiene adem\u00e1s la ventaja de\u00a0incentivar el ahorro previsional de cada persona, que cotice para su pensi\u00f3n porque se suma a la pensi\u00f3n autofinanciada y en consecuencia nadie deja de recibir la PGU porque trabaja o ahorra m\u00e1s. Tambi\u00e9n incentiva el trabajo voluntario m\u00e1s all\u00e1 de los 65 a\u00f1os, porque la pensi\u00f3n garantizada universal la van a recibir todos los mayores de 65 a\u00f1os, sin importar\u00a0si est\u00e1n pensionados o\u00a0trabajando.<\/p>\n<p style=\"text-align: justify;\">Este nuevo beneficio sustituye a los actuales beneficios del Pilar Solidario, tanto a la Pensi\u00f3n B\u00e1sica Solidaria como al Aporte Previsional Solidario. Todos los beneficios del actual Pilar Solidario ser\u00e1n remplazados por la Pensi\u00f3n Garantizada Universal. As\u00ed, los actuales beneficiarios de Sistema de Pensiones Solidarias dejar\u00e1n de percibir la Pensi\u00f3n B\u00e1sica Solidaria ($176.096 a partir del 1 de enero de 2022) y el Aporte Previsional Solidario y comenzar\u00e1n a recibir un beneficio con un monto \u00fanico de $185.000. Esto se sumar\u00e1 a lo que se percibe como pensi\u00f3n con ahorros propios.<\/p>\n<p style=\"text-align: justify;\">Todos los beneficiarios que actualmente se encuentren pensionados\u00a0fuera del Pilar Solidario\u00a0y tengan acceso a la PGU\u00a0en virtud del presente proyecto de ley por encontrarse dentro del 80% m\u00e1s vulnerable de la poblaci\u00f3n mayor de 65 a\u00f1os\u00a0comenzar\u00e1n a recibir la PGU de $185.000.<\/p>\n<p style=\"text-align: justify;\">Adicionalmente, la PGU aumentar\u00e1 la actual pensi\u00f3n b\u00e1sica solidaria de invalidez complementando hasta alcanzar el monto de $185.000.<\/p>\n<\/div><\/section><\/div><div  style='height:50px' class='hr hr-invisible   avia-builder-el-6  el_after_av_one_full  el_before_av_social_share '><span class='hr-inner ' ><span class='hr-inner-style'><\/span><\/span><\/div><\/p>\n<div  class='av-social-sharing-box  avia-builder-el-7  el_after_av_hr  el_before_av_hr  '><div class='av-share-box'><h5 class='av-share-link-description av-no-toc '>Compartir esta noticia<\/h5><ul class='av-share-box-list noLightbox'><li class='av-share-link av-social-link-facebook' ><a target=\"_blank\" aria-label=\"Compartir en Facebook\" href='https:\/\/www.facebook.com\/sharer.php?u=https:\/\/radiorevelacionfm.cl\/?p=11661&#038;t=Gobierno%20anuncia%20proyecto%20de%20ley%20de%20Pensi%C3%B3n%20Garantizada%20Universal' aria-hidden='false' data-av_icon='\ue8f3' data-av_iconfont='entypo-fontello' title='' data-avia-related-tooltip='Compartir en Facebook' rel=\"noopener\"><span class='avia_hidden_link_text'>Compartir en Facebook<\/span><\/a><\/li><li class='av-share-link av-social-link-twitter' ><a target=\"_blank\" aria-label=\"Compartir en Twitter\" href='https:\/\/twitter.com\/share?text=Gobierno%20anuncia%20proyecto%20de%20ley%20de%20Pensi%C3%B3n%20Garantizada%20Universal&#038;url=https:\/\/radiorevelacionfm.cl\/?p=11661' aria-hidden='false' data-av_icon='\ue8f1' data-av_iconfont='entypo-fontello' title='' data-avia-related-tooltip='Compartir en Twitter' rel=\"noopener\"><span class='avia_hidden_link_text'>Compartir en Twitter<\/span><\/a><\/li><li class='av-share-link av-social-link-whatsapp' ><a target=\"_blank\" aria-label=\"Compartir en Whatsapp\" href='https:\/\/api.whatsapp.com\/send?text=https:\/\/radiorevelacionfm.cl\/?p=11661' aria-hidden='false' data-av_icon='\uf232' data-av_iconfont='entypo-fontello' title='' data-avia-related-tooltip='Compartir en Whatsapp' rel=\"noopener\"><span class='avia_hidden_link_text'>Compartir en Whatsapp<\/span><\/a><\/li><li class='av-share-link av-social-link-linkedin' ><a target=\"_blank\" aria-label=\"Compartir en LinkedIn\" href='https:\/\/linkedin.com\/shareArticle?mini=true&#038;title=Gobierno%20anuncia%20proyecto%20de%20ley%20de%20Pensi%C3%B3n%20Garantizada%20Universal&#038;url=https:\/\/radiorevelacionfm.cl\/?p=11661' aria-hidden='false' data-av_icon='\ue8fc' data-av_iconfont='entypo-fontello' title='' data-avia-related-tooltip='Compartir en LinkedIn' rel=\"noopener\"><span class='avia_hidden_link_text'>Compartir en LinkedIn<\/span><\/a><\/li><li class='av-share-link av-social-link-mail' ><a  aria-label=\"Compartir por correo\" href='mailto:?subject=Gobierno%20anuncia%20proyecto%20de%20ley%20de%20Pensi%C3%B3n%20Garantizada%20Universal&#038;body=https:\/\/radiorevelacionfm.cl\/?p=11661' aria-hidden='false' data-av_icon='\ue805' data-av_iconfont='entypo-fontello' title='' data-avia-related-tooltip='Compartir por correo'><span class='avia_hidden_link_text'>Compartir por correo<\/span><\/a><\/li><\/ul><\/div><\/div>\n<div  style='height:50px' class='hr hr-invisible   avia-builder-el-8  el_after_av_social_share  el_before_av_comments_list '><span class='hr-inner ' ><span class='hr-inner-style'><\/span><\/span><\/div>\n<div  class='av-buildercomment  av-blog-meta-html-info-disabled av-blog-meta-tag-disabled  '><\/div>\n","protected":false},"excerpt":{"rendered":"","protected":false},"author":1,"featured_media":5900,"comment_status":"open","ping_status":"open","sticky":false,"template":"","format":"standard","meta":{"footnotes":""},"categories":[37],"tags":[],"class_list":["post-11661","post","type-post","status-publish","format-standard","has-post-thumbnail","hentry","category-economia"],"jetpack_featured_media_url":"https:\/\/radiorevelacionfm.cl\/wp-content\/uploads\/2021\/07\/Billetes0-1-1.jpg","_links":{"self":[{"href":"https:\/\/radiorevelacionfm.cl\/index.php?rest_route=\/wp\/v2\/posts\/11661","targetHints":{"allow":["GET"]}}],"collection":[{"href":"https:\/\/radiorevelacionfm.cl\/index.php?rest_route=\/wp\/v2\/posts"}],"about":[{"href":"https:\/\/radiorevelacionfm.cl\/index.php?rest_route=\/wp\/v2\/types\/post"}],"author":[{"embeddable":true,"href":"https:\/\/radiorevelacionfm.cl\/index.php?rest_route=\/wp\/v2\/users\/1"}],"replies":[{"embeddable":true,"href":"https:\/\/radiorevelacionfm.cl\/index.php?rest_route=%2Fwp%2Fv2%2Fcomments&post=11661"}],"version-history":[{"count":2,"href":"https:\/\/radiorevelacionfm.cl\/index.php?rest_route=\/wp\/v2\/posts\/11661\/revisions"}],"predecessor-version":[{"id":11663,"href":"https:\/\/radiorevelacionfm.cl\/index.php?rest_route=\/wp\/v2\/posts\/11661\/revisions\/11663"}],"wp:featuredmedia":[{"embeddable":true,"href":"https:\/\/radiorevelacionfm.cl\/index.php?rest_route=\/wp\/v2\/media\/5900"}],"wp:attachment":[{"href":"https:\/\/radiorevelacionfm.cl\/index.php?rest_route=%2Fwp%2Fv2%2Fmedia&parent=11661"}],"wp:term":[{"taxonomy":"category","embeddable":true,"href":"https:\/\/radiorevelacionfm.cl\/index.php?rest_route=%2Fwp%2Fv2%2Fcategories&post=11661"},{"taxonomy":"post_tag","embeddable":true,"href":"https:\/\/radiorevelacionfm.cl\/index.php?rest_route=%2Fwp%2Fv2%2Ftags&post=11661"}],"curies":[{"name":"wp","href":"https:\/\/api.w.org\/{rel}","templated":true}]}}