{"id":11655,"date":"2021-12-09T10:00:53","date_gmt":"2021-12-09T13:00:53","guid":{"rendered":"https:\/\/radiorevelacionfm.cl\/?p=11655"},"modified":"2021-12-09T10:00:53","modified_gmt":"2021-12-09T13:00:53","slug":"gobierno-valora-la-aprobacion-del-matrimonio-igualitario-hoy-es-un-dia-alegre-para-chile-porque-el-amor-es-amor","status":"publish","type":"post","link":"https:\/\/radiorevelacionfm.cl\/?p=11655","title":{"rendered":"Gobierno valora la aprobaci\u00f3n del matrimonio igualitario: \u201cHoy es un d\u00eda alegre para Chile, porque el amor es amor\u201d"},"content":{"rendered":"<div class=\"flex_column av_one_full  flex_column_div av-zero-column-padding first  avia-builder-el-0  el_before_av_one_full  avia-builder-el-first  \" style='border-radius:0px; '><div  class='avia-image-container  av-styling-    avia-builder-el-1  avia-builder-el-no-sibling  avia-align-center '  itemprop=\"image\" itemscope=\"itemscope\" itemtype=\"https:\/\/schema.org\/ImageObject\"  ><div class='avia-image-container-inner'><div class='avia-image-overlay-wrap'><img decoding=\"async\" class='wp-image-11656 avia-img-lazy-loading-not-11656 avia_image' src=\"https:\/\/radiorevelacionfm.cl\/wp-content\/uploads\/2021\/12\/bellolio-2-2.jpeg\" alt='' title='bellolio-2-2' height=\"600\" width=\"989\"  itemprop=\"thumbnailUrl\" srcset=\"https:\/\/radiorevelacionfm.cl\/wp-content\/uploads\/2021\/12\/bellolio-2-2.jpeg 989w, https:\/\/radiorevelacionfm.cl\/wp-content\/uploads\/2021\/12\/bellolio-2-2-300x182.jpeg 300w, https:\/\/radiorevelacionfm.cl\/wp-content\/uploads\/2021\/12\/bellolio-2-2-768x466.jpeg 768w, https:\/\/radiorevelacionfm.cl\/wp-content\/uploads\/2021\/12\/bellolio-2-2-705x428.jpeg 705w, https:\/\/radiorevelacionfm.cl\/wp-content\/uploads\/2021\/12\/bellolio-2-2-600x364.jpeg 600w\" sizes=\"(max-width: 989px) 100vw, 989px\" \/><\/div><\/div><\/div><\/div><div class=\"flex_column av_one_full  flex_column_div av-zero-column-padding first  avia-builder-el-2  el_after_av_one_full  el_before_av_one_full  column-top-margin\" style='border-radius:0px; '><section class=\"av_textblock_section \"  itemscope=\"itemscope\" itemtype=\"https:\/\/schema.org\/BlogPosting\" itemprop=\"blogPost\" ><div class='avia_textblock  '   itemprop=\"text\" ><p style=\"text-align: center;\"><span style=\"font-size: 18pt;\"><strong>Gobierno valora la aprobaci\u00f3n del matrimonio igualitario: \u201cHoy es un d\u00eda alegre para Chile, porque el amor es amor\u201d<\/strong><\/span><\/p>\n<div id=\"gtx-trans\" style=\"position: absolute; left: -50px; top: 4.31534px;\">\n<div class=\"gtx-trans-icon\"><\/div>\n<\/div>\n<\/div><\/section><\/div><div class=\"flex_column av_one_full  flex_column_div av-zero-column-padding first  avia-builder-el-4  el_after_av_one_full  el_before_av_hr  column-top-margin\" style='border-radius:0px; '><section class=\"av_textblock_section \"  itemscope=\"itemscope\" itemtype=\"https:\/\/schema.org\/BlogPosting\" itemprop=\"blogPost\" ><div class='avia_textblock  '   itemprop=\"text\" ><p style=\"text-align: justify;\">Con mayor\u00eda en ambas C\u00e1maras del Congreso, este martes finaliz\u00f3 la tramitaci\u00f3n del proyecto que promueve el matrimonio igualitario el cual qued\u00f3 listo para ser promulgado por el Presidente de la Rep\u00fablica, Sebasti\u00e1n Pi\u00f1era.<\/p>\n<p style=\"text-align: justify;\">En la primera reacci\u00f3n del Gobierno, la Subsecretaria de Derechos Humanos, Lorena Recabarren, lo calific\u00f3 como un d\u00eda hist\u00f3rico y destac\u00f3 el trabajo transversal que se desarroll\u00f3 por parlamentarios de todos los sectores.<\/p>\n<p style=\"text-align: justify;\">Por su parte, el Vocero de Gobierno, Jaime Bellolio, expres\u00f3 que es un honor para el Gobierno de Chile que esta iniciativa se haya aprobado durante este mandato presidencial y sostuvo que \u201choy es un d\u00eda alegre para Chile, porque ya sabemos que amor es amor. Las personas somos iguales y al ser iguales tenemos los mismos derechos\u201d.<\/p>\n<p style=\"text-align: justify;\">Sobre el alcance que tiene este cambio en la sociedad, el Ministro recalc\u00f3 que \u201ccomo Gobierno creemos en la protecci\u00f3n de los ni\u00f1os, ni\u00f1as y adolescentes, creemos en la familia y en la instituci\u00f3n del matrimonio y esta es una manera en la cual se protege a esas familias y sus distintas expresiones y que nunca sea la orientaci\u00f3n sexual o la identificaci\u00f3n de una persona una forma en la que otros lo ocupen para discriminar, otros lo ocupen para querer apartar, para cancelar o para hacer discursos de odio\u201d.<\/p>\n<p style=\"text-align: justify;\">\u201cLo que hoy d\u00eda avanzamos no es solamente para esas miles y miles de personas que estaban esperando el que se aprobara el matrimonio igualitario, sino que avanzamos para todas las chilenas y chilenos, porque avanzamos en el reconocimiento, en el respeto, en abrazar la diferencia, en abrazar la diversidad de distintas opiniones, distintas orientaciones y distintas identidades. De eso se trata, avanzar hacia un pa\u00eds m\u00e1s justo, m\u00e1s respetuoso, m\u00e1s tolerante y con mayor dignidad\u201d, agreg\u00f3 el Vocero Jaime Bellolio.<\/p>\n<\/div><\/section><\/div><div  style='height:50px' class='hr hr-invisible   avia-builder-el-6  el_after_av_one_full  el_before_av_social_share '><span class='hr-inner ' ><span class='hr-inner-style'><\/span><\/span><\/div><\/p>\n<div  class='av-social-sharing-box  avia-builder-el-7  el_after_av_hr  el_before_av_hr  '><div class='av-share-box'><h5 class='av-share-link-description av-no-toc '>Compartir esta noticia<\/h5><ul class='av-share-box-list noLightbox'><li class='av-share-link av-social-link-facebook' ><a target=\"_blank\" aria-label=\"Compartir en Facebook\" href='https:\/\/www.facebook.com\/sharer.php?u=https:\/\/radiorevelacionfm.cl\/?p=11655&#038;t=Gobierno%20valora%20la%20aprobaci%C3%B3n%20del%20matrimonio%20igualitario%3A%20%E2%80%9CHoy%20es%20un%20d%C3%ADa%20alegre%20para%20Chile%2C%20porque%20el%20amor%20es%20amor%E2%80%9D' aria-hidden='false' data-av_icon='\ue8f3' data-av_iconfont='entypo-fontello' title='' data-avia-related-tooltip='Compartir en Facebook' rel=\"noopener\"><span class='avia_hidden_link_text'>Compartir en Facebook<\/span><\/a><\/li><li class='av-share-link av-social-link-twitter' ><a target=\"_blank\" aria-label=\"Compartir en Twitter\" href='https:\/\/twitter.com\/share?text=Gobierno%20valora%20la%20aprobaci%C3%B3n%20del%20matrimonio%20igualitario%3A%20%E2%80%9CHoy%20es%20un%20d%C3%ADa%20alegre%20para%20Chile%2C%20porque%20el%20amor%20es%20amor%E2%80%9D&#038;url=https:\/\/radiorevelacionfm.cl\/?p=11655' aria-hidden='false' data-av_icon='\ue8f1' data-av_iconfont='entypo-fontello' title='' data-avia-related-tooltip='Compartir en Twitter' rel=\"noopener\"><span class='avia_hidden_link_text'>Compartir en Twitter<\/span><\/a><\/li><li class='av-share-link av-social-link-whatsapp' ><a target=\"_blank\" aria-label=\"Compartir en Whatsapp\" href='https:\/\/api.whatsapp.com\/send?text=https:\/\/radiorevelacionfm.cl\/?p=11655' aria-hidden='false' data-av_icon='\uf232' data-av_iconfont='entypo-fontello' title='' data-avia-related-tooltip='Compartir en Whatsapp' rel=\"noopener\"><span class='avia_hidden_link_text'>Compartir en Whatsapp<\/span><\/a><\/li><li class='av-share-link av-social-link-linkedin' ><a target=\"_blank\" aria-label=\"Compartir en LinkedIn\" href='https:\/\/linkedin.com\/shareArticle?mini=true&#038;title=Gobierno%20valora%20la%20aprobaci%C3%B3n%20del%20matrimonio%20igualitario%3A%20%E2%80%9CHoy%20es%20un%20d%C3%ADa%20alegre%20para%20Chile%2C%20porque%20el%20amor%20es%20amor%E2%80%9D&#038;url=https:\/\/radiorevelacionfm.cl\/?p=11655' aria-hidden='false' data-av_icon='\ue8fc' data-av_iconfont='entypo-fontello' title='' data-avia-related-tooltip='Compartir en LinkedIn' rel=\"noopener\"><span class='avia_hidden_link_text'>Compartir en LinkedIn<\/span><\/a><\/li><li class='av-share-link av-social-link-mail' ><a  aria-label=\"Compartir por correo\" href='mailto:?subject=Gobierno%20valora%20la%20aprobaci%C3%B3n%20del%20matrimonio%20igualitario%3A%20%E2%80%9CHoy%20es%20un%20d%C3%ADa%20alegre%20para%20Chile%2C%20porque%20el%20amor%20es%20amor%E2%80%9D&#038;body=https:\/\/radiorevelacionfm.cl\/?p=11655' aria-hidden='false' data-av_icon='\ue805' data-av_iconfont='entypo-fontello' title='' data-avia-related-tooltip='Compartir por correo'><span class='avia_hidden_link_text'>Compartir por correo<\/span><\/a><\/li><\/ul><\/div><\/div>\n<div  style='height:50px' class='hr hr-invisible   avia-builder-el-8  el_after_av_social_share  el_before_av_comments_list '><span class='hr-inner ' ><span class='hr-inner-style'><\/span><\/span><\/div>\n<div  class='av-buildercomment  av-blog-meta-html-info-disabled av-blog-meta-tag-disabled  '><\/div>\n","protected":false},"excerpt":{"rendered":"","protected":false},"author":1,"featured_media":11656,"comment_status":"open","ping_status":"open","sticky":false,"template":"","format":"standard","meta":{"footnotes":""},"categories":[35],"tags":[],"class_list":["post-11655","post","type-post","status-publish","format-standard","has-post-thumbnail","hentry","category-politica"],"jetpack_featured_media_url":"https:\/\/radiorevelacionfm.cl\/wp-content\/uploads\/2021\/12\/bellolio-2-2.jpeg","_links":{"self":[{"href":"https:\/\/radiorevelacionfm.cl\/index.php?rest_route=\/wp\/v2\/posts\/11655","targetHints":{"allow":["GET"]}}],"collection":[{"href":"https:\/\/radiorevelacionfm.cl\/index.php?rest_route=\/wp\/v2\/posts"}],"about":[{"href":"https:\/\/radiorevelacionfm.cl\/index.php?rest_route=\/wp\/v2\/types\/post"}],"author":[{"embeddable":true,"href":"https:\/\/radiorevelacionfm.cl\/index.php?rest_route=\/wp\/v2\/users\/1"}],"replies":[{"embeddable":true,"href":"https:\/\/radiorevelacionfm.cl\/index.php?rest_route=%2Fwp%2Fv2%2Fcomments&post=11655"}],"version-history":[{"count":2,"href":"https:\/\/radiorevelacionfm.cl\/index.php?rest_route=\/wp\/v2\/posts\/11655\/revisions"}],"predecessor-version":[{"id":11659,"href":"https:\/\/radiorevelacionfm.cl\/index.php?rest_route=\/wp\/v2\/posts\/11655\/revisions\/11659"}],"wp:featuredmedia":[{"embeddable":true,"href":"https:\/\/radiorevelacionfm.cl\/index.php?rest_route=\/wp\/v2\/media\/11656"}],"wp:attachment":[{"href":"https:\/\/radiorevelacionfm.cl\/index.php?rest_route=%2Fwp%2Fv2%2Fmedia&parent=11655"}],"wp:term":[{"taxonomy":"category","embeddable":true,"href":"https:\/\/radiorevelacionfm.cl\/index.php?rest_route=%2Fwp%2Fv2%2Fcategories&post=11655"},{"taxonomy":"post_tag","embeddable":true,"href":"https:\/\/radiorevelacionfm.cl\/index.php?rest_route=%2Fwp%2Fv2%2Ftags&post=11655"}],"curies":[{"name":"wp","href":"https:\/\/api.w.org\/{rel}","templated":true}]}}