{"id":11641,"date":"2021-12-08T14:03:19","date_gmt":"2021-12-08T17:03:19","guid":{"rendered":"https:\/\/radiorevelacionfm.cl\/?p=11641"},"modified":"2021-12-08T14:03:19","modified_gmt":"2021-12-08T17:03:19","slug":"un-total-de-382-estudiantes-ayseninos-son-beneficiados-con-subvencion-pro-retencion-2021","status":"publish","type":"post","link":"https:\/\/radiorevelacionfm.cl\/?p=11641","title":{"rendered":"Un total de 382 estudiantes ayseninos son beneficiados con subvenci\u00f3n Pro \u2013 Retenci\u00f3n 2021"},"content":{"rendered":"<div class=\"flex_column av_one_full  flex_column_div av-zero-column-padding first  avia-builder-el-0  el_before_av_one_full  avia-builder-el-first  \" style='border-radius:0px; '><div  class='avia-image-container  av-styling-    avia-builder-el-1  avia-builder-el-no-sibling  avia-align-center '  itemprop=\"image\" itemscope=\"itemscope\" itemtype=\"https:\/\/schema.org\/ImageObject\"  ><div class='avia-image-container-inner'><div class='avia-image-overlay-wrap'><img decoding=\"async\" class='wp-image-11642 avia-img-lazy-loading-not-11642 avia_image' src=\"https:\/\/radiorevelacionfm.cl\/wp-content\/uploads\/2021\/12\/265496840_4534358390024453_612762120762497958_n-2_optimized.jpg\" alt='' title='265496840_4534358390024453_612762120762497958_n-2_optimized' height=\"600\" width=\"800\"  itemprop=\"thumbnailUrl\" srcset=\"https:\/\/radiorevelacionfm.cl\/wp-content\/uploads\/2021\/12\/265496840_4534358390024453_612762120762497958_n-2_optimized.jpg 800w, https:\/\/radiorevelacionfm.cl\/wp-content\/uploads\/2021\/12\/265496840_4534358390024453_612762120762497958_n-2_optimized-300x225.jpg 300w, https:\/\/radiorevelacionfm.cl\/wp-content\/uploads\/2021\/12\/265496840_4534358390024453_612762120762497958_n-2_optimized-768x576.jpg 768w, https:\/\/radiorevelacionfm.cl\/wp-content\/uploads\/2021\/12\/265496840_4534358390024453_612762120762497958_n-2_optimized-705x529.jpg 705w, https:\/\/radiorevelacionfm.cl\/wp-content\/uploads\/2021\/12\/265496840_4534358390024453_612762120762497958_n-2_optimized-600x450.jpg 600w\" sizes=\"(max-width: 800px) 100vw, 800px\" \/><\/div><\/div><\/div><\/div><div class=\"flex_column av_one_full  flex_column_div av-zero-column-padding first  avia-builder-el-2  el_after_av_one_full  el_before_av_one_full  column-top-margin\" style='border-radius:0px; '><section class=\"av_textblock_section \"  itemscope=\"itemscope\" itemtype=\"https:\/\/schema.org\/BlogPosting\" itemprop=\"blogPost\" ><div class='avia_textblock  '   itemprop=\"text\" ><p style=\"text-align: center;\"><span style=\"font-size: 18pt;\"><strong>Un total de 382 estudiantes ayseninos son beneficiados con subvenci\u00f3n Pro \u2013 Retenci\u00f3n 2021<\/strong><\/span><\/p>\n<div id=\"gtx-trans\" style=\"position: absolute; left: -50px; top: 4.31534px;\">\n<div class=\"gtx-trans-icon\"><\/div>\n<\/div>\n<\/div><\/section><\/div><div class=\"flex_column av_one_full  flex_column_div av-zero-column-padding first  avia-builder-el-4  el_after_av_one_full  el_before_av_hr  column-top-margin\" style='border-radius:0px; '><section class=\"av_textblock_section \"  itemscope=\"itemscope\" itemtype=\"https:\/\/schema.org\/BlogPosting\" itemprop=\"blogPost\" ><div class='avia_textblock  '   itemprop=\"text\" ><p style=\"text-align: justify;\">Con la presencia del alcalde de la Ilustre Municipalidad de Ays\u00e9n, Julio Uribe y los concejales, Silvia Klagges y Alejandro Soto; el director (S) de Educaci\u00f3n Municipal, DEM, Sebasti\u00e1n Campos, acompa\u00f1ados por directores de los diversos establecimientos educacionales de la comuna, este martes se llev\u00f3 a cabo la entrega de Gift Card, en el marco de la beca Pro Retenci\u00f3n, la cual favorece a estudiantes desde s\u00e9ptimo b\u00e1sico hasta cuarto a\u00f1o medio, de acuerdo a \u00edndices de vulnerabilidad.<\/p>\n<p style=\"text-align: justify;\">De esta manera, en su edici\u00f3n 2021 esta subvenci\u00f3n significar\u00e1 un beneficio para un total de 382 estudiantes ayseninos de siete recintos educacionales municipalizados, quienes recibir\u00e1n -por intermedio de los directivos-, esta tarjeta que les permitir\u00e1 acceder a insumos tales como calzado, vestuario escolar y\/o deportivo e implementaci\u00f3n tecnol\u00f3gica, entre otros, como apoyo complementario a las acciones pedag\u00f3gicas, en pos de la permanencia de los alumnos y alumnas en el sistema escolar y que, sin duda, implica un tremendo aporte para las familias beneficiarias.<\/p>\n<p style=\"text-align: justify;\">Para tal efecto, se llev\u00f3 a cabo un proceso de licitaci\u00f3n p\u00fablica, la cual fue adjudicada por la empresa Servicios e Inversiones TCD Ltda., y que permitir\u00e1 a los estudiantes determinar sus requerimientos, de acuerdo a cuatro tramos seg\u00fan el nivel que cursen -que van desde los $108.000 hasta los $260.000-, cuyo monto total por concepto de subvenci\u00f3n para este a\u00f1o asciende a los $60.648.584.-<\/p>\n<p style=\"text-align: justify;\">Al respecto, el edil aysenino, Julio Uribe, relev\u00f3 esta entrega que se hace latente, especialmente en tiempos de pandemia. \u201cEstamos muy contentos, ya que sanemos que ir\u00e1 en directa ayuda de los estudiantes, a quienes desde ya felicitamos. Sabemos que se lo merecen, m\u00e1s a\u00fan porque est\u00e1 dirigido a las familias m\u00e1s vulnerables y eso para m\u00ed, tiene un esp\u00edritu especial, sobre todo en esta \u00e9poca de navidad\u201d.<\/p>\n<p style=\"text-align: justify;\">La m\u00e1xima autoridad comunal agreg\u00f3 que \u201cahora vamos a ver para que este aporte pueda ser entregado con mayor rapidez, y que la empresa que se adjudic\u00f3 la licitaci\u00f3n pueda estar a la altura y poder entregar todos estos art\u00edculos, tan importante para nuestro alumnado\u201d.<\/p>\n<p style=\"text-align: justify;\">Dicha beca, que busca continuar implementando estrategias para que los educandos no deserten del sistema escolar, este a\u00f1o beneficiar\u00e1 a los establecimientos educacionales liceo Polit\u00e9cnico, liceo Ra\u00fal Broussain Campino y escuela Poetisa Gabriela Mistral, de Puerto Ays\u00e9n; escuela Almirante Simpson, de Puerto Chacabuco; liceo Ma\u00f1ihuales, de Villa Ma\u00f1ihuales; y escuelas Pedro Aguirre Cerda y Carlos Condell, ambas de Islas Huichas.<\/p>\n<p style=\"text-align: justify;\">\u201cComo comunidad educativa nosotros siempre estamos muy contentos de recibir estos beneficios, esto es algo bastante esperado por nuestra comunidad. Tanto para nuestros estudiantes de 6to y 7mo, as\u00ed como los que est\u00e1n en 8vo b\u00e1sico, que se preparan ya para su ense\u00f1anza media. Entonces es un alivio que nuestros estudiantes puedan elegir lo que van a necesitar en su a\u00f1o escolar 2022, y que lo hagan a partir de este tremendo regalo\u201d, manifest\u00f3 tras la sencilla ceremonia que tuvo lugar en el auditorio del edificio municipal, la directora de la escuela Almirante Simpson, de Puerto Chacabuco, Camila Redlich.<\/p>\n<p style=\"text-align: justify;\">Por su parte, la directiva del liceo Polit\u00e9cnico de Puerto Ays\u00e9n, Mar\u00eda Celeste Rojas, se mostr\u00f3 agradecida por este beneficio porque \u201csiempre son muy bien valorados por la comunidad. El pr\u00f3ximo a\u00f1o vamos a retomar el tema del uniforme, el equipamiento para educaci\u00f3n f\u00edsica, entonces tambi\u00e9n esta es una posibilidad de adelantar el costo de las zapatillas, por ejemplo. Solicitamos a nuestros estudiantes, por supuesto, que se le de un buen uso a esta gift card\u201d, a\u00f1adiendo que \u201ca contar de la pr\u00f3xima semana vamos a entregar este beneficio para las familias e iremos informando de forma oportuna cu\u00e1l va a ser la modalidad las fechas para que se puedan acercar a retirar su tarjeta\u201d.<\/p>\n<p style=\"text-align: justify;\">Finalmente, el director (S) del DEM, Sebasti\u00e1n Campos, indic\u00f3 que \u201cpor supuesto que hubi\u00e9semos querido llegar a una mayor cantidad de gente, de poblaci\u00f3n escolar, pero estos beneficios vienen con nombre y apellido desde el nivel central, por lo tanto, no se puede. De todas maneras, es un real aporte, y los que somos profesores sabemos que la pro retenci\u00f3n, que los ni\u00f1os y j\u00f3venes se mantengan en las escuelas es una herramienta que ayuda a combatir la desigualdad, y especialmente cuando va dirigido a quienes m\u00e1s lo requieren\u201d.<\/p>\n<\/div><\/section><\/div><div  style='height:50px' class='hr hr-invisible   avia-builder-el-6  el_after_av_one_full  el_before_av_social_share '><span class='hr-inner ' ><span class='hr-inner-style'><\/span><\/span><\/div><\/p>\n<div  class='av-social-sharing-box  avia-builder-el-7  el_after_av_hr  el_before_av_hr  '><div class='av-share-box'><h5 class='av-share-link-description av-no-toc '>Compartir esta noticia<\/h5><ul class='av-share-box-list noLightbox'><li class='av-share-link av-social-link-facebook' ><a target=\"_blank\" aria-label=\"Compartir en Facebook\" href='https:\/\/www.facebook.com\/sharer.php?u=https:\/\/radiorevelacionfm.cl\/?p=11641&#038;t=Un%20total%20de%20382%20estudiantes%20ayseninos%20son%20beneficiados%20con%20subvenci%C3%B3n%20Pro%20%E2%80%93%20Retenci%C3%B3n%202021' aria-hidden='false' data-av_icon='\ue8f3' data-av_iconfont='entypo-fontello' title='' data-avia-related-tooltip='Compartir en Facebook' rel=\"noopener\"><span class='avia_hidden_link_text'>Compartir en Facebook<\/span><\/a><\/li><li class='av-share-link av-social-link-twitter' ><a target=\"_blank\" aria-label=\"Compartir en Twitter\" href='https:\/\/twitter.com\/share?text=Un%20total%20de%20382%20estudiantes%20ayseninos%20son%20beneficiados%20con%20subvenci%C3%B3n%20Pro%20%E2%80%93%20Retenci%C3%B3n%202021&#038;url=https:\/\/radiorevelacionfm.cl\/?p=11641' aria-hidden='false' data-av_icon='\ue8f1' data-av_iconfont='entypo-fontello' title='' data-avia-related-tooltip='Compartir en Twitter' rel=\"noopener\"><span class='avia_hidden_link_text'>Compartir en Twitter<\/span><\/a><\/li><li class='av-share-link av-social-link-whatsapp' ><a target=\"_blank\" aria-label=\"Compartir en Whatsapp\" href='https:\/\/api.whatsapp.com\/send?text=https:\/\/radiorevelacionfm.cl\/?p=11641' aria-hidden='false' data-av_icon='\uf232' data-av_iconfont='entypo-fontello' title='' data-avia-related-tooltip='Compartir en Whatsapp' rel=\"noopener\"><span class='avia_hidden_link_text'>Compartir en Whatsapp<\/span><\/a><\/li><li class='av-share-link av-social-link-linkedin' ><a target=\"_blank\" aria-label=\"Compartir en LinkedIn\" href='https:\/\/linkedin.com\/shareArticle?mini=true&#038;title=Un%20total%20de%20382%20estudiantes%20ayseninos%20son%20beneficiados%20con%20subvenci%C3%B3n%20Pro%20%E2%80%93%20Retenci%C3%B3n%202021&#038;url=https:\/\/radiorevelacionfm.cl\/?p=11641' aria-hidden='false' data-av_icon='\ue8fc' data-av_iconfont='entypo-fontello' title='' data-avia-related-tooltip='Compartir en LinkedIn' rel=\"noopener\"><span class='avia_hidden_link_text'>Compartir en LinkedIn<\/span><\/a><\/li><li class='av-share-link av-social-link-mail' ><a  aria-label=\"Compartir por correo\" href='mailto:?subject=Un%20total%20de%20382%20estudiantes%20ayseninos%20son%20beneficiados%20con%20subvenci%C3%B3n%20Pro%20%E2%80%93%20Retenci%C3%B3n%202021&#038;body=https:\/\/radiorevelacionfm.cl\/?p=11641' aria-hidden='false' data-av_icon='\ue805' data-av_iconfont='entypo-fontello' title='' data-avia-related-tooltip='Compartir por correo'><span class='avia_hidden_link_text'>Compartir por correo<\/span><\/a><\/li><\/ul><\/div><\/div>\n<div  style='height:50px' class='hr hr-invisible   avia-builder-el-8  el_after_av_social_share  el_before_av_comments_list '><span class='hr-inner ' ><span class='hr-inner-style'><\/span><\/span><\/div>\n<div  class='av-buildercomment  av-blog-meta-html-info-disabled av-blog-meta-tag-disabled  '><\/div>\n","protected":false},"excerpt":{"rendered":"","protected":false},"author":1,"featured_media":11642,"comment_status":"open","ping_status":"open","sticky":false,"template":"","format":"standard","meta":{"footnotes":""},"categories":[38],"tags":[],"class_list":["post-11641","post","type-post","status-publish","format-standard","has-post-thumbnail","hentry","category-regional"],"jetpack_featured_media_url":"https:\/\/radiorevelacionfm.cl\/wp-content\/uploads\/2021\/12\/265496840_4534358390024453_612762120762497958_n-2_optimized.jpg","_links":{"self":[{"href":"https:\/\/radiorevelacionfm.cl\/index.php?rest_route=\/wp\/v2\/posts\/11641","targetHints":{"allow":["GET"]}}],"collection":[{"href":"https:\/\/radiorevelacionfm.cl\/index.php?rest_route=\/wp\/v2\/posts"}],"about":[{"href":"https:\/\/radiorevelacionfm.cl\/index.php?rest_route=\/wp\/v2\/types\/post"}],"author":[{"embeddable":true,"href":"https:\/\/radiorevelacionfm.cl\/index.php?rest_route=\/wp\/v2\/users\/1"}],"replies":[{"embeddable":true,"href":"https:\/\/radiorevelacionfm.cl\/index.php?rest_route=%2Fwp%2Fv2%2Fcomments&post=11641"}],"version-history":[{"count":2,"href":"https:\/\/radiorevelacionfm.cl\/index.php?rest_route=\/wp\/v2\/posts\/11641\/revisions"}],"predecessor-version":[{"id":11654,"href":"https:\/\/radiorevelacionfm.cl\/index.php?rest_route=\/wp\/v2\/posts\/11641\/revisions\/11654"}],"wp:featuredmedia":[{"embeddable":true,"href":"https:\/\/radiorevelacionfm.cl\/index.php?rest_route=\/wp\/v2\/media\/11642"}],"wp:attachment":[{"href":"https:\/\/radiorevelacionfm.cl\/index.php?rest_route=%2Fwp%2Fv2%2Fmedia&parent=11641"}],"wp:term":[{"taxonomy":"category","embeddable":true,"href":"https:\/\/radiorevelacionfm.cl\/index.php?rest_route=%2Fwp%2Fv2%2Fcategories&post=11641"},{"taxonomy":"post_tag","embeddable":true,"href":"https:\/\/radiorevelacionfm.cl\/index.php?rest_route=%2Fwp%2Fv2%2Ftags&post=11641"}],"curies":[{"name":"wp","href":"https:\/\/api.w.org\/{rel}","templated":true}]}}