{"id":11638,"date":"2021-12-08T11:25:12","date_gmt":"2021-12-08T14:25:12","guid":{"rendered":"https:\/\/radiorevelacionfm.cl\/?p=11638"},"modified":"2021-12-08T11:25:12","modified_gmt":"2021-12-08T14:25:12","slug":"durante-toda-la-semana-se-extendera-la-nueva-version-del-festival-navideno-en-escuela-aysen","status":"publish","type":"post","link":"https:\/\/radiorevelacionfm.cl\/?p=11638","title":{"rendered":"Durante toda la semana se extender\u00e1 la nueva versi\u00f3n del Festival Navide\u00f1o en escuela Ays\u00e9n"},"content":{"rendered":"<div class=\"flex_column av_one_full  flex_column_div av-zero-column-padding first  avia-builder-el-0  el_before_av_one_full  avia-builder-el-first  \" style='border-radius:0px; '><div  class='avia-image-container  av-styling-    avia-builder-el-1  avia-builder-el-no-sibling  avia-align-center '  itemprop=\"image\" itemscope=\"itemscope\" itemtype=\"https:\/\/schema.org\/ImageObject\"  ><div class='avia-image-container-inner'><div class='avia-image-overlay-wrap'><img decoding=\"async\" class='wp-image-11639 avia-img-lazy-loading-not-11639 avia_image' src=\"https:\/\/radiorevelacionfm.cl\/wp-content\/uploads\/2021\/12\/264758235_1305159979919313_4496467101056970832_n-2_optimized.jpg\" alt='' title='264758235_1305159979919313_4496467101056970832_n-2_optimized' height=\"600\" width=\"1300\"  itemprop=\"thumbnailUrl\" srcset=\"https:\/\/radiorevelacionfm.cl\/wp-content\/uploads\/2021\/12\/264758235_1305159979919313_4496467101056970832_n-2_optimized.jpg 1300w, https:\/\/radiorevelacionfm.cl\/wp-content\/uploads\/2021\/12\/264758235_1305159979919313_4496467101056970832_n-2_optimized-300x138.jpg 300w, https:\/\/radiorevelacionfm.cl\/wp-content\/uploads\/2021\/12\/264758235_1305159979919313_4496467101056970832_n-2_optimized-1030x475.jpg 1030w, https:\/\/radiorevelacionfm.cl\/wp-content\/uploads\/2021\/12\/264758235_1305159979919313_4496467101056970832_n-2_optimized-768x354.jpg 768w, https:\/\/radiorevelacionfm.cl\/wp-content\/uploads\/2021\/12\/264758235_1305159979919313_4496467101056970832_n-2_optimized-705x325.jpg 705w, https:\/\/radiorevelacionfm.cl\/wp-content\/uploads\/2021\/12\/264758235_1305159979919313_4496467101056970832_n-2_optimized-600x277.jpg 600w\" sizes=\"(max-width: 1300px) 100vw, 1300px\" \/><\/div><\/div><\/div><\/div><div class=\"flex_column av_one_full  flex_column_div av-zero-column-padding first  avia-builder-el-2  el_after_av_one_full  el_before_av_one_full  column-top-margin\" style='border-radius:0px; '><section class=\"av_textblock_section \"  itemscope=\"itemscope\" itemtype=\"https:\/\/schema.org\/BlogPosting\" itemprop=\"blogPost\" ><div class='avia_textblock  '   itemprop=\"text\" ><p style=\"text-align: center;\"><span style=\"font-size: 18pt;\"><strong>Durante toda la semana se extender\u00e1 la nueva versi\u00f3n del Festival Navide\u00f1o en escuela Ays\u00e9n<\/strong><\/span><\/p>\n<div id=\"gtx-trans\" style=\"position: absolute; left: -50px; top: 4.31534px;\">\n<div class=\"gtx-trans-icon\"><\/div>\n<\/div>\n<\/div><\/section><\/div><div class=\"flex_column av_one_full  flex_column_div av-zero-column-padding first  avia-builder-el-4  el_after_av_one_full  el_before_av_hr  column-top-margin\" style='border-radius:0px; '><section class=\"av_textblock_section \"  itemscope=\"itemscope\" itemtype=\"https:\/\/schema.org\/BlogPosting\" itemprop=\"blogPost\" ><div class='avia_textblock  '   itemprop=\"text\" ><p style=\"text-align: justify;\">Con la presentaci\u00f3n de la Orquesta Pre escolar, conformada por sus estudiantes m\u00e1s peque\u00f1os, este lunes se dio inicio a la tercera versi\u00f3n del Festival Cultural de Navidad 2021 en la escuela Ays\u00e9n, de Puerto Ays\u00e9n.<\/p>\n<p style=\"text-align: justify;\">De esta manera, tras una exitosa primera edici\u00f3n en 2018, replicada en 2019; ya en 2020 la actividad debi\u00f3 ser suspendida producto del Covid 19. Situaci\u00f3n que se decidi\u00f3 revertir este 2021, dada la necesidad de \u201cdar con un punto de encuentro que no sea tan r\u00edgido, un espacio donde los ni\u00f1os puedan compartir, salir un poco de lo acad\u00e9mico y m\u00e1s estricto, e ir hacia los lados creativos donde tengan lugar los conciertos, la danza, la creaci\u00f3n de artesan\u00edas, y todo aquello que involucre el arte, el compartir con otros y descubrir nuevas habilidades\u201d, se\u00f1al\u00f3 Patricia Araya, directora de la Orquesta pre escolar y encargada del Departamento de M\u00fasica del establecimiento educacional municipalizado.<\/p>\n<p style=\"text-align: justify;\">As\u00ed, con todos los resguardos sanitarios, y el objetivo principal de relevar las artes y la cultura como medio de aprendizaje, se dio paso a la organizaci\u00f3n y desarrollo de este evento, que busca congregar diversas expresiones art\u00edsticas hecha por y para los propios estudiantes, con la participaci\u00f3n activa de toda la comunidad escolar, y la que fue inaugurada con uno de los sellos de la escuela, como es la m\u00fasica.<\/p>\n<p style=\"text-align: justify;\">\u201cFelicitar a quienes est\u00e1n a cargo de este festival, en que pudimos ver y escuchar a la orquesta dando sus primeros pasos y, sin lugar a dudas, tiene una gran proyecci\u00f3n a futuro, independientemente que esta actividad va mucho m\u00e1s all\u00e1 de la m\u00fasica, abarcando diversas expresiones culturales. Estamos felices que este 2021 vuelva a realizarse\u201d, indic\u00f3 Sebasti\u00e1n Campos, director (S) de la Direcci\u00f3n de Educaci\u00f3n Municipal.<\/p>\n<p style=\"text-align: justify;\">La instancia, que tendr\u00e1 lugar toda esta semana, ser\u00e1 ejecutada por los alumnos y alumnas desde sus propias salas de clases, con algunos puntos como obras de teatro musicalizadas y el propio concierto inicial de la Orquesta, los cuales son transmitidos a toda la comunidad a trav\u00e9s de las redes sociales de la escuela y el DEM Ays\u00e9n.<\/p>\n<p style=\"text-align: justify;\">\u201cEn esta actividad participa toda la comunidad educativa en todos sus niveles. Lamentablemente la pandemia no nos permite juntarnos y acercarnos en instancias m\u00e1s masivas como quisi\u00e9ramos, pero el trabajo se hace desde las salas de clases. La tarjeter\u00eda, la creaci\u00f3n de cuentos, todo aquello relacionado con distinguir valores que son propios, especialmente, de esta \u00e9poca navide\u00f1a\u201d, manifest\u00f3 el director de la escuela Ays\u00e9n, Luis Seguel.<\/p>\n<p style=\"text-align: justify;\">Relev\u00f3, adem\u00e1s, el importante avance que ha tenido la Orquesta pre escolar, quienes a pocos meses desde su conformaci\u00f3n han dado cuenta de su crecimiento y desarrollo musical. \u201cEstoy muy agradecido por el trabajo de la directora y las profesoras de viol\u00edn, quienes se han esmerado en el trabajo que realizan de forma permanente. Por supuesto que seguiremos apoyando esta iniciativa, que no se pierda en el tiempo, todo lo contrario, esperamos seguir creciendo y que tengamos una gran orquesta pre infantil\u201d.<\/p>\n<p style=\"text-align: justify;\">Esta tercera versi\u00f3n del Festival Cultural de Navidad de la escuela Ays\u00e9n contar\u00e1 con diversos stand y tem\u00e1ticas, concentradas principalmente en presentaciones de teatro, coro de villancicos, conciertos musicales, danza, elaboraci\u00f3n de esculturas navide\u00f1as, confecci\u00f3n de artesan\u00edas con material reciclado, creaci\u00f3n de cuentos de navidad, tarjeter\u00eda y cursos de nanometraje, entre otros.<\/p>\n<\/div><\/section><\/div><div  style='height:50px' class='hr hr-invisible   avia-builder-el-6  el_after_av_one_full  el_before_av_social_share '><span class='hr-inner ' ><span class='hr-inner-style'><\/span><\/span><\/div><\/p>\n<div  class='av-social-sharing-box  avia-builder-el-7  el_after_av_hr  el_before_av_hr  '><div class='av-share-box'><h5 class='av-share-link-description av-no-toc '>Compartir esta noticia<\/h5><ul class='av-share-box-list noLightbox'><li class='av-share-link av-social-link-facebook' ><a target=\"_blank\" aria-label=\"Compartir en Facebook\" href='https:\/\/www.facebook.com\/sharer.php?u=https:\/\/radiorevelacionfm.cl\/?p=11638&#038;t=Durante%20toda%20la%20semana%20se%20extender%C3%A1%20la%20nueva%20versi%C3%B3n%20del%20Festival%20Navide%C3%B1o%20en%20escuela%20Ays%C3%A9n' aria-hidden='false' data-av_icon='\ue8f3' data-av_iconfont='entypo-fontello' title='' data-avia-related-tooltip='Compartir en Facebook' rel=\"noopener\"><span class='avia_hidden_link_text'>Compartir en Facebook<\/span><\/a><\/li><li class='av-share-link av-social-link-twitter' ><a target=\"_blank\" aria-label=\"Compartir en Twitter\" href='https:\/\/twitter.com\/share?text=Durante%20toda%20la%20semana%20se%20extender%C3%A1%20la%20nueva%20versi%C3%B3n%20del%20Festival%20Navide%C3%B1o%20en%20escuela%20Ays%C3%A9n&#038;url=https:\/\/radiorevelacionfm.cl\/?p=11638' aria-hidden='false' data-av_icon='\ue8f1' data-av_iconfont='entypo-fontello' title='' data-avia-related-tooltip='Compartir en Twitter' rel=\"noopener\"><span class='avia_hidden_link_text'>Compartir en Twitter<\/span><\/a><\/li><li class='av-share-link av-social-link-whatsapp' ><a target=\"_blank\" aria-label=\"Compartir en Whatsapp\" href='https:\/\/api.whatsapp.com\/send?text=https:\/\/radiorevelacionfm.cl\/?p=11638' aria-hidden='false' data-av_icon='\uf232' data-av_iconfont='entypo-fontello' title='' data-avia-related-tooltip='Compartir en Whatsapp' rel=\"noopener\"><span class='avia_hidden_link_text'>Compartir en Whatsapp<\/span><\/a><\/li><li class='av-share-link av-social-link-linkedin' ><a target=\"_blank\" aria-label=\"Compartir en LinkedIn\" href='https:\/\/linkedin.com\/shareArticle?mini=true&#038;title=Durante%20toda%20la%20semana%20se%20extender%C3%A1%20la%20nueva%20versi%C3%B3n%20del%20Festival%20Navide%C3%B1o%20en%20escuela%20Ays%C3%A9n&#038;url=https:\/\/radiorevelacionfm.cl\/?p=11638' aria-hidden='false' data-av_icon='\ue8fc' data-av_iconfont='entypo-fontello' title='' data-avia-related-tooltip='Compartir en LinkedIn' rel=\"noopener\"><span class='avia_hidden_link_text'>Compartir en LinkedIn<\/span><\/a><\/li><li class='av-share-link av-social-link-mail' ><a  aria-label=\"Compartir por correo\" href='mailto:?subject=Durante%20toda%20la%20semana%20se%20extender%C3%A1%20la%20nueva%20versi%C3%B3n%20del%20Festival%20Navide%C3%B1o%20en%20escuela%20Ays%C3%A9n&#038;body=https:\/\/radiorevelacionfm.cl\/?p=11638' aria-hidden='false' data-av_icon='\ue805' data-av_iconfont='entypo-fontello' title='' data-avia-related-tooltip='Compartir por correo'><span class='avia_hidden_link_text'>Compartir por correo<\/span><\/a><\/li><\/ul><\/div><\/div>\n<div  style='height:50px' class='hr hr-invisible   avia-builder-el-8  el_after_av_social_share  el_before_av_comments_list '><span class='hr-inner ' ><span class='hr-inner-style'><\/span><\/span><\/div>\n<div  class='av-buildercomment  av-blog-meta-html-info-disabled av-blog-meta-tag-disabled  '><\/div>\n","protected":false},"excerpt":{"rendered":"","protected":false},"author":1,"featured_media":11639,"comment_status":"open","ping_status":"open","sticky":false,"template":"","format":"standard","meta":{"footnotes":""},"categories":[38],"tags":[],"class_list":["post-11638","post","type-post","status-publish","format-standard","has-post-thumbnail","hentry","category-regional"],"jetpack_featured_media_url":"https:\/\/radiorevelacionfm.cl\/wp-content\/uploads\/2021\/12\/264758235_1305159979919313_4496467101056970832_n-2_optimized.jpg","_links":{"self":[{"href":"https:\/\/radiorevelacionfm.cl\/index.php?rest_route=\/wp\/v2\/posts\/11638","targetHints":{"allow":["GET"]}}],"collection":[{"href":"https:\/\/radiorevelacionfm.cl\/index.php?rest_route=\/wp\/v2\/posts"}],"about":[{"href":"https:\/\/radiorevelacionfm.cl\/index.php?rest_route=\/wp\/v2\/types\/post"}],"author":[{"embeddable":true,"href":"https:\/\/radiorevelacionfm.cl\/index.php?rest_route=\/wp\/v2\/users\/1"}],"replies":[{"embeddable":true,"href":"https:\/\/radiorevelacionfm.cl\/index.php?rest_route=%2Fwp%2Fv2%2Fcomments&post=11638"}],"version-history":[{"count":2,"href":"https:\/\/radiorevelacionfm.cl\/index.php?rest_route=\/wp\/v2\/posts\/11638\/revisions"}],"predecessor-version":[{"id":11649,"href":"https:\/\/radiorevelacionfm.cl\/index.php?rest_route=\/wp\/v2\/posts\/11638\/revisions\/11649"}],"wp:featuredmedia":[{"embeddable":true,"href":"https:\/\/radiorevelacionfm.cl\/index.php?rest_route=\/wp\/v2\/media\/11639"}],"wp:attachment":[{"href":"https:\/\/radiorevelacionfm.cl\/index.php?rest_route=%2Fwp%2Fv2%2Fmedia&parent=11638"}],"wp:term":[{"taxonomy":"category","embeddable":true,"href":"https:\/\/radiorevelacionfm.cl\/index.php?rest_route=%2Fwp%2Fv2%2Fcategories&post=11638"},{"taxonomy":"post_tag","embeddable":true,"href":"https:\/\/radiorevelacionfm.cl\/index.php?rest_route=%2Fwp%2Fv2%2Ftags&post=11638"}],"curies":[{"name":"wp","href":"https:\/\/api.w.org\/{rel}","templated":true}]}}