{"id":11634,"date":"2021-12-08T13:20:20","date_gmt":"2021-12-08T16:20:20","guid":{"rendered":"https:\/\/radiorevelacionfm.cl\/?p=11634"},"modified":"2021-12-08T13:20:20","modified_gmt":"2021-12-08T16:20:20","slug":"mejor-ninez-en-region-aysen-el-nuevo-servicio-que-garantiza-la-proteccion-especializada-de-ninos-ninas-y-adolescentes","status":"publish","type":"post","link":"https:\/\/radiorevelacionfm.cl\/?p=11634","title":{"rendered":"\u201cMejor Ni\u00f1ez\u201d en regi\u00f3n Ays\u00e9n: el nuevo servicio que garantiza la protecci\u00f3n especializada de ni\u00f1os, ni\u00f1as y adolescentes"},"content":{"rendered":"<div class=\"flex_column av_one_full  flex_column_div av-zero-column-padding first  avia-builder-el-0  el_before_av_one_full  avia-builder-el-first  \" style='border-radius:0px; '><div  class='avia-image-container  av-styling-    avia-builder-el-1  avia-builder-el-no-sibling  avia-align-center '  itemprop=\"image\" itemscope=\"itemscope\" itemtype=\"https:\/\/schema.org\/ImageObject\"  ><div class='avia-image-container-inner'><div class='avia-image-overlay-wrap'><img decoding=\"async\" class='wp-image-11635 avia-img-lazy-loading-not-11635 avia_image' src=\"https:\/\/radiorevelacionfm.cl\/wp-content\/uploads\/2021\/12\/IMG_7519-2-2.jpg\" alt='' title='IMG_7519-2-2' height=\"600\" width=\"1067\"  itemprop=\"thumbnailUrl\" srcset=\"https:\/\/radiorevelacionfm.cl\/wp-content\/uploads\/2021\/12\/IMG_7519-2-2.jpg 1067w, https:\/\/radiorevelacionfm.cl\/wp-content\/uploads\/2021\/12\/IMG_7519-2-2-300x169.jpg 300w, https:\/\/radiorevelacionfm.cl\/wp-content\/uploads\/2021\/12\/IMG_7519-2-2-1030x579.jpg 1030w, https:\/\/radiorevelacionfm.cl\/wp-content\/uploads\/2021\/12\/IMG_7519-2-2-768x432.jpg 768w, https:\/\/radiorevelacionfm.cl\/wp-content\/uploads\/2021\/12\/IMG_7519-2-2-705x396.jpg 705w, https:\/\/radiorevelacionfm.cl\/wp-content\/uploads\/2021\/12\/IMG_7519-2-2-600x337.jpg 600w\" sizes=\"(max-width: 1067px) 100vw, 1067px\" \/><\/div><\/div><\/div><\/div>\n<div class=\"flex_column av_one_full  flex_column_div av-zero-column-padding first  avia-builder-el-2  el_after_av_one_full  el_before_av_one_full  column-top-margin\" style='border-radius:0px; '><section class=\"av_textblock_section \"  itemscope=\"itemscope\" itemtype=\"https:\/\/schema.org\/BlogPosting\" itemprop=\"blogPost\" ><div class='avia_textblock  '   itemprop=\"text\" ><h2 class=\"title\" style=\"text-align: center;\"><span style=\"font-size: 18pt;\"><b><span lang=\"ES\">\u201cMejor Nin\u0303ez\u201d en regi\u00f3n Ays\u00e9n: el nuevo servicio que garantiza la proteccio\u0301n especializada de nin\u0303os, nin\u0303as y adolescentes<\/span><\/b><\/span><\/h2>\n<div id=\"gtx-trans\" style=\"position: absolute; left: -50px; top: 4.31534px;\">\n<div class=\"gtx-trans-icon\"><\/div>\n<\/div>\n<\/div><\/section><\/div><div class=\"flex_column av_one_full  flex_column_div av-zero-column-padding first  avia-builder-el-4  el_after_av_one_full  el_before_av_hr  column-top-margin\" style='border-radius:0px; '><section class=\"av_textblock_section \"  itemscope=\"itemscope\" itemtype=\"https:\/\/schema.org\/BlogPosting\" itemprop=\"blogPost\" ><div class='avia_textblock  '   itemprop=\"text\" ><p style=\"text-align: justify;\">En una sencilla y emotiva actividad este lunes se realiz\u00f3 la presentaci\u00f3n oficial del nuevo servicio Mejor Ni\u00f1ez en nuestra regi\u00f3n, actividad que estuvo encabezada por la Delegada Presidencial Regional, Margarita Ossa, el Seremi de Desarrollo Social y Familia, Marcelo J\u00e9lvez y la Directora Regional (S) de Mejor Ni\u00f1ez, Gabriela Opazo, contando adem\u00e1s con la presencia de diversas autoridades y funcionarios del nuevo servicio.<\/p>\n<p style=\"text-align: justify;\">Mejor Nin\u0303ez, desde el 1\u00b0 de octubre de 2021, asumio\u0301 el trabajo que desarrollaba SENAME en la proteccio\u0301n de derechos y adopcio\u0301n de los ni\u00f1os, ni\u00f1as y adolescentes, incorporando cambios y mejoras sustanciales en la proteccio\u0301n especializada.<\/p>\n<p style=\"text-align: justify;\">Su principal objetivo es garantizar la proteccio\u0301n especializada de nin\u0303os, nin\u0303as y adolescentes gravemente amenazados o vulnerados en sus derechos, entendida como el diagno\u0301stico especializado, la restitucio\u0301n de los derechos, la reparacio\u0301n del dan\u0303o producido y la prevencio\u0301n de nuevas vulneraciones.<\/p>\n<p style=\"text-align: justify;\">La delegada presidencial regional, Margarita Ossa, destac\u00f3 este lanzamiento regional, enfatizando\u00a0 que \u201cestamos cumpliendo con un compromiso de gobierno, un compromiso fundamental que habla de los ni\u00f1os primero, donde tambi\u00e9n hablamos de una Mejor Ni\u00f1ez, donde nos corresponde garantizar que los ni\u00f1os, ni\u00f1as y adolescentes tengan la ni\u00f1ez que les corresponde: una ni\u00f1ez con amor, protecci\u00f3n y cuidado.\u201d<\/p>\n<p style=\"text-align: justify;\">Una parte fundamental de este nuevo servicio Mejor Ni\u00f1ez, lo son tambi\u00e9n las familias de acogida, un programa que busca reclutar nuevas familias que esten dispuestas a brindar protecci\u00f3n y cari\u00f1o a los ni\u00f1os, ni\u00f1as y adolescentes que han sido vulnerados.<\/p>\n<p style=\"text-align: justify;\">En este sentido, el punto central de esta ceremonia de presentaci\u00f3n, realizada en las oficinas de Mejor Ni\u00f1ez ubicadas en Ignacio Serrano 420, \u00a0fue el testimonio de do\u00f1a Mar\u00eda Cristina Vel\u00e1squez, qui\u00e9n desde mitad de este 2021, se convirti\u00f3 en una familia de acogida para dos peque\u00f1as de 11 y 6 a\u00f1os. Con sus palabras la se\u00f1ora Mar\u00eda Cristina busca motivar a m\u00e1s familias ayseninas \u201ca abrir sus hogares, sus corazones y recibir a ni\u00f1os vulnerados, para asi brindarles una vida bonita, de cari\u00f1o, amor y protecci\u00f3n. En un verdadero acto de amor\u201d.<\/p>\n<p style=\"text-align: justify;\">Para la directora de Mejor Ni\u00f1ez, Gabriela Opazo, este nuevo servicio dedicado a la protecci\u00f3n de los ni\u00f1os, ni\u00f1as y adolescentes, \u201cno es un trabajo que lo pueda hacer un solo servicio, es un trabajo que lo tenemos que hacer en conjunto: la sociedad y los diferentes servicios p\u00fablicos. Todos debemos tener un compromiso profundo para comprender que los ni\u00f1os, ni\u00f1as y adolescentes son sujetos de derechos y debemos trabajar juntos para protegerlos de ese da\u00f1o profundo, que, con dolor, como servicio nos toca ver a diario. De todos depende construir esta Mejor Ni\u00f1ez\u201d.<\/p>\n<p style=\"text-align: justify;\">La creaci\u00f3n de Mejor Ni\u00f1ez forma parte del compromiso del Presidente Pi\u00f1era con la infancia, que fue uno de los grandes acuerdos nacionales convocados por el Mandatario y que han resultado en nuevas pol\u00edticas para promover los derechos y la protecci\u00f3n de los ni\u00f1os.<\/p>\n<p><strong>\u00a0<\/strong><\/p>\n<\/div><\/section><\/div><\/p>\n<div  style='height:50px' class='hr hr-invisible   avia-builder-el-6  el_after_av_one_full  el_before_av_social_share '><span class='hr-inner ' ><span class='hr-inner-style'><\/span><\/span><\/div>\n<div  class='av-social-sharing-box  avia-builder-el-7  el_after_av_hr  el_before_av_hr  '><div class='av-share-box'><h5 class='av-share-link-description av-no-toc '>Compartir esta noticia<\/h5><ul class='av-share-box-list noLightbox'><li class='av-share-link av-social-link-facebook' ><a target=\"_blank\" aria-label=\"Compartir en Facebook\" href='https:\/\/www.facebook.com\/sharer.php?u=https:\/\/radiorevelacionfm.cl\/?p=11634&#038;t=%E2%80%9CMejor%20Ni%C3%B1ez%E2%80%9D%20en%20regi%C3%B3n%20Ays%C3%A9n%3A%20el%20nuevo%20servicio%20que%20garantiza%20la%20protecci%C3%B3n%20especializada%20de%20ni%C3%B1os%2C%20ni%C3%B1as%20y%20adolescentes' aria-hidden='false' data-av_icon='\ue8f3' data-av_iconfont='entypo-fontello' title='' data-avia-related-tooltip='Compartir en Facebook' rel=\"noopener\"><span class='avia_hidden_link_text'>Compartir en Facebook<\/span><\/a><\/li><li class='av-share-link av-social-link-twitter' ><a target=\"_blank\" aria-label=\"Compartir en Twitter\" href='https:\/\/twitter.com\/share?text=%E2%80%9CMejor%20Ni%C3%B1ez%E2%80%9D%20en%20regi%C3%B3n%20Ays%C3%A9n%3A%20el%20nuevo%20servicio%20que%20garantiza%20la%20protecci%C3%B3n%20especializada%20de%20ni%C3%B1os%2C%20ni%C3%B1as%20y%20adolescentes&#038;url=https:\/\/radiorevelacionfm.cl\/?p=11634' aria-hidden='false' data-av_icon='\ue8f1' data-av_iconfont='entypo-fontello' title='' data-avia-related-tooltip='Compartir en Twitter' rel=\"noopener\"><span class='avia_hidden_link_text'>Compartir en Twitter<\/span><\/a><\/li><li class='av-share-link av-social-link-whatsapp' ><a target=\"_blank\" aria-label=\"Compartir en Whatsapp\" href='https:\/\/api.whatsapp.com\/send?text=https:\/\/radiorevelacionfm.cl\/?p=11634' aria-hidden='false' data-av_icon='\uf232' data-av_iconfont='entypo-fontello' title='' data-avia-related-tooltip='Compartir en Whatsapp' rel=\"noopener\"><span class='avia_hidden_link_text'>Compartir en Whatsapp<\/span><\/a><\/li><li class='av-share-link av-social-link-linkedin' ><a target=\"_blank\" aria-label=\"Compartir en LinkedIn\" href='https:\/\/linkedin.com\/shareArticle?mini=true&#038;title=%E2%80%9CMejor%20Ni%C3%B1ez%E2%80%9D%20en%20regi%C3%B3n%20Ays%C3%A9n%3A%20el%20nuevo%20servicio%20que%20garantiza%20la%20protecci%C3%B3n%20especializada%20de%20ni%C3%B1os%2C%20ni%C3%B1as%20y%20adolescentes&#038;url=https:\/\/radiorevelacionfm.cl\/?p=11634' aria-hidden='false' data-av_icon='\ue8fc' data-av_iconfont='entypo-fontello' title='' data-avia-related-tooltip='Compartir en LinkedIn' rel=\"noopener\"><span class='avia_hidden_link_text'>Compartir en LinkedIn<\/span><\/a><\/li><li class='av-share-link av-social-link-mail' ><a  aria-label=\"Compartir por correo\" href='mailto:?subject=%E2%80%9CMejor%20Ni%C3%B1ez%E2%80%9D%20en%20regi%C3%B3n%20Ays%C3%A9n%3A%20el%20nuevo%20servicio%20que%20garantiza%20la%20protecci%C3%B3n%20especializada%20de%20ni%C3%B1os%2C%20ni%C3%B1as%20y%20adolescentes&#038;body=https:\/\/radiorevelacionfm.cl\/?p=11634' aria-hidden='false' data-av_icon='\ue805' data-av_iconfont='entypo-fontello' title='' data-avia-related-tooltip='Compartir por correo'><span class='avia_hidden_link_text'>Compartir por correo<\/span><\/a><\/li><\/ul><\/div><\/div>\n<div  style='height:50px' class='hr hr-invisible   avia-builder-el-8  el_after_av_social_share  el_before_av_comments_list '><span class='hr-inner ' ><span class='hr-inner-style'><\/span><\/span><\/div>\n<div  class='av-buildercomment  av-blog-meta-html-info-disabled av-blog-meta-tag-disabled  '><\/div>\n<div class=\"flex_column av_one_fourth  flex_column_div av-zero-column-padding first  avia-builder-el-10  el_after_av_comments_list  avia-builder-el-last  \" style='border-radius:0px; '><\/div>\n","protected":false},"excerpt":{"rendered":"","protected":false},"author":1,"featured_media":11635,"comment_status":"open","ping_status":"open","sticky":false,"template":"","format":"standard","meta":{"footnotes":""},"categories":[38],"tags":[],"class_list":["post-11634","post","type-post","status-publish","format-standard","has-post-thumbnail","hentry","category-regional"],"jetpack_featured_media_url":"https:\/\/radiorevelacionfm.cl\/wp-content\/uploads\/2021\/12\/IMG_7519-2-2.jpg","_links":{"self":[{"href":"https:\/\/radiorevelacionfm.cl\/index.php?rest_route=\/wp\/v2\/posts\/11634","targetHints":{"allow":["GET"]}}],"collection":[{"href":"https:\/\/radiorevelacionfm.cl\/index.php?rest_route=\/wp\/v2\/posts"}],"about":[{"href":"https:\/\/radiorevelacionfm.cl\/index.php?rest_route=\/wp\/v2\/types\/post"}],"author":[{"embeddable":true,"href":"https:\/\/radiorevelacionfm.cl\/index.php?rest_route=\/wp\/v2\/users\/1"}],"replies":[{"embeddable":true,"href":"https:\/\/radiorevelacionfm.cl\/index.php?rest_route=%2Fwp%2Fv2%2Fcomments&post=11634"}],"version-history":[{"count":4,"href":"https:\/\/radiorevelacionfm.cl\/index.php?rest_route=\/wp\/v2\/posts\/11634\/revisions"}],"predecessor-version":[{"id":11653,"href":"https:\/\/radiorevelacionfm.cl\/index.php?rest_route=\/wp\/v2\/posts\/11634\/revisions\/11653"}],"wp:featuredmedia":[{"embeddable":true,"href":"https:\/\/radiorevelacionfm.cl\/index.php?rest_route=\/wp\/v2\/media\/11635"}],"wp:attachment":[{"href":"https:\/\/radiorevelacionfm.cl\/index.php?rest_route=%2Fwp%2Fv2%2Fmedia&parent=11634"}],"wp:term":[{"taxonomy":"category","embeddable":true,"href":"https:\/\/radiorevelacionfm.cl\/index.php?rest_route=%2Fwp%2Fv2%2Fcategories&post=11634"},{"taxonomy":"post_tag","embeddable":true,"href":"https:\/\/radiorevelacionfm.cl\/index.php?rest_route=%2Fwp%2Fv2%2Ftags&post=11634"}],"curies":[{"name":"wp","href":"https:\/\/api.w.org\/{rel}","templated":true}]}}