{"id":11628,"date":"2021-12-08T10:38:52","date_gmt":"2021-12-08T13:38:52","guid":{"rendered":"https:\/\/radiorevelacionfm.cl\/?p=11628"},"modified":"2021-12-08T10:38:52","modified_gmt":"2021-12-08T13:38:52","slug":"inauguran-lodge-y-temporada-de-visitantes-en-parque-nacional-patagonia","status":"publish","type":"post","link":"https:\/\/radiorevelacionfm.cl\/?p=11628","title":{"rendered":"Inauguran lodge y temporada de visitantes en Parque Nacional Patagonia"},"content":{"rendered":"<div class=\"flex_column av_one_full  flex_column_div av-zero-column-padding first  avia-builder-el-0  el_before_av_one_full  avia-builder-el-first  \" style='border-radius:0px; '><div  class='avia-image-container  av-styling-    avia-builder-el-1  avia-builder-el-no-sibling  avia-align-center '  itemprop=\"image\" itemscope=\"itemscope\" itemtype=\"https:\/\/schema.org\/ImageObject\"  ><div class='avia-image-container-inner'><div class='avia-image-overlay-wrap'><img decoding=\"async\" class='wp-image-11629 avia-img-lazy-loading-not-11629 avia_image' src=\"https:\/\/radiorevelacionfm.cl\/wp-content\/uploads\/2021\/12\/z9a6695-2_optimized.jpg\" alt='' title='_z9a6695-2_optimized' height=\"600\" width=\"900\"  itemprop=\"thumbnailUrl\" srcset=\"https:\/\/radiorevelacionfm.cl\/wp-content\/uploads\/2021\/12\/z9a6695-2_optimized.jpg 900w, https:\/\/radiorevelacionfm.cl\/wp-content\/uploads\/2021\/12\/z9a6695-2_optimized-300x200.jpg 300w, https:\/\/radiorevelacionfm.cl\/wp-content\/uploads\/2021\/12\/z9a6695-2_optimized-768x512.jpg 768w, https:\/\/radiorevelacionfm.cl\/wp-content\/uploads\/2021\/12\/z9a6695-2_optimized-705x470.jpg 705w, https:\/\/radiorevelacionfm.cl\/wp-content\/uploads\/2021\/12\/z9a6695-2_optimized-600x400.jpg 600w\" sizes=\"(max-width: 900px) 100vw, 900px\" \/><\/div><\/div><\/div><\/div><div class=\"flex_column av_one_full  flex_column_div av-zero-column-padding first  avia-builder-el-2  el_after_av_one_full  el_before_av_one_full  column-top-margin\" style='border-radius:0px; '><section class=\"av_textblock_section \"  itemscope=\"itemscope\" itemtype=\"https:\/\/schema.org\/BlogPosting\" itemprop=\"blogPost\" ><div class='avia_textblock  '   itemprop=\"text\" ><p style=\"text-align: center;\"><strong><span style=\"font-size: 18pt;\">Inauguran lodge y temporada de visitantes en Parque Nacional Patagonia<\/span><\/strong><\/p>\n<div id=\"gtx-trans\" style=\"position: absolute; left: -50px; top: 4.31534px;\">\n<div class=\"gtx-trans-icon\"><\/div>\n<\/div>\n<\/div><\/section><\/div><div class=\"flex_column av_one_full  flex_column_div av-zero-column-padding first  avia-builder-el-4  el_after_av_one_full  el_before_av_hr  column-top-margin\" style='border-radius:0px; '><section class=\"av_textblock_section \"  itemscope=\"itemscope\" itemtype=\"https:\/\/schema.org\/BlogPosting\" itemprop=\"blogPost\" ><div class='avia_textblock  '   itemprop=\"text\" ><p style=\"text-align: justify;\">Para cumplir con el objetivo de entregar un mejor servicio a los turistas y potenciar la visitaci\u00f3n en las \u00e1reas silvestres protegidas del Estado, la Corporaci\u00f3n Nacional Forestal (CONAF) inaugur\u00f3 la temporada alta de visitantes con la puesta en marcha de un lodge, de la empresa Explora, en las inmediaciones del Parque Nacional Patagonia, Regi\u00f3n de Ays\u00e9n.<\/p>\n<p style=\"text-align: justify;\">Para el gerente de \u00c1reas Silvestres Protegidas de CONAF, \u00cdtalo Rossi, \u201c\u00e9ste es un gran hito poder concretar el inicio de las operaciones tur\u00edsticas\u00a0del Parque Nacional Patagonia, a trav\u00e9s de la empresa Explora. Estamos seguros que con su experiencia y valoraci\u00f3n de la conservaci\u00f3n dar\u00e1\u00a0buen seguimiento al legado de la Fundaci\u00f3n\u00a0Tompkins Conservation, en pos del desarrollo local y regional, trabajando en el turismo sustentable. Como CONAF, es un enorme logro el compromiso asumido por\u00a0el Estado gracias a la labor profesional de todo el equipo\u00bb.<\/p>\n<p style=\"text-align: justify;\">Luego de un exhaustivo proceso de licitaci\u00f3n por concesiones ecotur\u00edsticas, CONAF suscribi\u00f3 un convenio con Explora por 25 a\u00f1os, a fin de desarrollar el turismo nacional y fortalecer la econom\u00eda regional y local.<\/p>\n<p style=\"text-align: justify;\">Cabe se\u00f1alar que el compromiso adquirido mediante la licitaci\u00f3n por parte de la concesionaria con la comunidad adyacente, espec\u00edficamente con la comuna de Cochrane, est\u00e1 en impulsar una relaci\u00f3n permanente respecto a las cadenas de abastecimiento, adem\u00e1s de crear oportunidades de crecimiento econ\u00f3mico al fortalecerlo como sitio de atracci\u00f3n tur\u00edstica.<\/p>\n<p style=\"text-align: justify;\">En tanto que el director regional de CONAF Ays\u00e9n, Andr\u00e9s Bobadilla, resalt\u00f3 la proyecci\u00f3n de esta iniciativa para la regi\u00f3n, \u201cno solo porque el parque ser\u00e1 reconocido a nivel mundial, sino tambi\u00e9n porque Ays\u00e9n estar\u00e1 de manera constante a la vista de los turistas que quieran vivir una experiencia \u00fanica en la Patagonia. Quiero adem\u00e1s destacar el esfuerzo de nuestra Corporaci\u00f3n, espec\u00edficamente de esta administraci\u00f3n, que se preocup\u00f3 de no dejar detalles al azar en el proceso de licitaci\u00f3n, que finalmente gan\u00f3 Explora. Agradecer igualmente al equipo regional que ha tenido una interacci\u00f3n constante con la empresa y al trabajo p\u00fablico-privado desarrollado, en favor de la conservaci\u00f3n del Parque Nacional Patagonia\u201d.<\/p>\n<p style=\"text-align: justify;\">El lodge est\u00e1 a disposici\u00f3n del p\u00fablico desde el 1 de diciembre y los atractivos del parque nacional pueden conocerse en la p\u00e1gina web <a href=\"http:\/\/www.explora.com\/es\/nuevo-parque-nacional-patagonia\/\">www.explora.com\/es\/nuevo-parque-nacional-patagonia\/<\/a><\/p>\n<\/div><\/section><\/div><div  style='height:50px' class='hr hr-invisible   avia-builder-el-6  el_after_av_one_full  el_before_av_social_share '><span class='hr-inner ' ><span class='hr-inner-style'><\/span><\/span><\/div><\/p>\n<div  class='av-social-sharing-box  avia-builder-el-7  el_after_av_hr  el_before_av_hr  '><div class='av-share-box'><h5 class='av-share-link-description av-no-toc '>Compartir esta noticia<\/h5><ul class='av-share-box-list noLightbox'><li class='av-share-link av-social-link-facebook' ><a target=\"_blank\" aria-label=\"Compartir en Facebook\" href='https:\/\/www.facebook.com\/sharer.php?u=https:\/\/radiorevelacionfm.cl\/?p=11628&#038;t=Inauguran%20lodge%20y%20temporada%20de%20visitantes%20en%20Parque%20Nacional%20Patagonia' aria-hidden='false' data-av_icon='\ue8f3' data-av_iconfont='entypo-fontello' title='' data-avia-related-tooltip='Compartir en Facebook' rel=\"noopener\"><span class='avia_hidden_link_text'>Compartir en Facebook<\/span><\/a><\/li><li class='av-share-link av-social-link-twitter' ><a target=\"_blank\" aria-label=\"Compartir en Twitter\" href='https:\/\/twitter.com\/share?text=Inauguran%20lodge%20y%20temporada%20de%20visitantes%20en%20Parque%20Nacional%20Patagonia&#038;url=https:\/\/radiorevelacionfm.cl\/?p=11628' aria-hidden='false' data-av_icon='\ue8f1' data-av_iconfont='entypo-fontello' title='' data-avia-related-tooltip='Compartir en Twitter' rel=\"noopener\"><span class='avia_hidden_link_text'>Compartir en Twitter<\/span><\/a><\/li><li class='av-share-link av-social-link-whatsapp' ><a target=\"_blank\" aria-label=\"Compartir en Whatsapp\" href='https:\/\/api.whatsapp.com\/send?text=https:\/\/radiorevelacionfm.cl\/?p=11628' aria-hidden='false' data-av_icon='\uf232' data-av_iconfont='entypo-fontello' title='' data-avia-related-tooltip='Compartir en Whatsapp' rel=\"noopener\"><span class='avia_hidden_link_text'>Compartir en Whatsapp<\/span><\/a><\/li><li class='av-share-link av-social-link-linkedin' ><a target=\"_blank\" aria-label=\"Compartir en LinkedIn\" href='https:\/\/linkedin.com\/shareArticle?mini=true&#038;title=Inauguran%20lodge%20y%20temporada%20de%20visitantes%20en%20Parque%20Nacional%20Patagonia&#038;url=https:\/\/radiorevelacionfm.cl\/?p=11628' aria-hidden='false' data-av_icon='\ue8fc' data-av_iconfont='entypo-fontello' title='' data-avia-related-tooltip='Compartir en LinkedIn' rel=\"noopener\"><span class='avia_hidden_link_text'>Compartir en LinkedIn<\/span><\/a><\/li><li class='av-share-link av-social-link-mail' ><a  aria-label=\"Compartir por correo\" href='mailto:?subject=Inauguran%20lodge%20y%20temporada%20de%20visitantes%20en%20Parque%20Nacional%20Patagonia&#038;body=https:\/\/radiorevelacionfm.cl\/?p=11628' aria-hidden='false' data-av_icon='\ue805' data-av_iconfont='entypo-fontello' title='' data-avia-related-tooltip='Compartir por correo'><span class='avia_hidden_link_text'>Compartir por correo<\/span><\/a><\/li><\/ul><\/div><\/div>\n<div  style='height:50px' class='hr hr-invisible   avia-builder-el-8  el_after_av_social_share  el_before_av_comments_list '><span class='hr-inner ' ><span class='hr-inner-style'><\/span><\/span><\/div>\n<div  class='av-buildercomment  av-blog-meta-html-info-disabled av-blog-meta-tag-disabled  '><\/div>\n","protected":false},"excerpt":{"rendered":"","protected":false},"author":1,"featured_media":11629,"comment_status":"open","ping_status":"open","sticky":false,"template":"","format":"standard","meta":{"footnotes":""},"categories":[54],"tags":[],"class_list":["post-11628","post","type-post","status-publish","format-standard","has-post-thumbnail","hentry","category-turismo"],"jetpack_featured_media_url":"https:\/\/radiorevelacionfm.cl\/wp-content\/uploads\/2021\/12\/z9a6695-2_optimized.jpg","_links":{"self":[{"href":"https:\/\/radiorevelacionfm.cl\/index.php?rest_route=\/wp\/v2\/posts\/11628","targetHints":{"allow":["GET"]}}],"collection":[{"href":"https:\/\/radiorevelacionfm.cl\/index.php?rest_route=\/wp\/v2\/posts"}],"about":[{"href":"https:\/\/radiorevelacionfm.cl\/index.php?rest_route=\/wp\/v2\/types\/post"}],"author":[{"embeddable":true,"href":"https:\/\/radiorevelacionfm.cl\/index.php?rest_route=\/wp\/v2\/users\/1"}],"replies":[{"embeddable":true,"href":"https:\/\/radiorevelacionfm.cl\/index.php?rest_route=%2Fwp%2Fv2%2Fcomments&post=11628"}],"version-history":[{"count":2,"href":"https:\/\/radiorevelacionfm.cl\/index.php?rest_route=\/wp\/v2\/posts\/11628\/revisions"}],"predecessor-version":[{"id":11647,"href":"https:\/\/radiorevelacionfm.cl\/index.php?rest_route=\/wp\/v2\/posts\/11628\/revisions\/11647"}],"wp:featuredmedia":[{"embeddable":true,"href":"https:\/\/radiorevelacionfm.cl\/index.php?rest_route=\/wp\/v2\/media\/11629"}],"wp:attachment":[{"href":"https:\/\/radiorevelacionfm.cl\/index.php?rest_route=%2Fwp%2Fv2%2Fmedia&parent=11628"}],"wp:term":[{"taxonomy":"category","embeddable":true,"href":"https:\/\/radiorevelacionfm.cl\/index.php?rest_route=%2Fwp%2Fv2%2Fcategories&post=11628"},{"taxonomy":"post_tag","embeddable":true,"href":"https:\/\/radiorevelacionfm.cl\/index.php?rest_route=%2Fwp%2Fv2%2Ftags&post=11628"}],"curies":[{"name":"wp","href":"https:\/\/api.w.org\/{rel}","templated":true}]}}