{"id":11615,"date":"2021-12-08T00:22:36","date_gmt":"2021-12-08T03:22:36","guid":{"rendered":"https:\/\/radiorevelacionfm.cl\/?p=11615"},"modified":"2021-12-08T00:22:36","modified_gmt":"2021-12-08T03:22:36","slug":"cooperativa-rio-baker-y-gobernadora-regional-acuerdan-trabajo-conjunto","status":"publish","type":"post","link":"https:\/\/radiorevelacionfm.cl\/?p=11615","title":{"rendered":"Cooperativa R\u00edo Baker y Gobernadora Regional acuerdan trabajo conjunto"},"content":{"rendered":"<div class=\"flex_column av_one_full  flex_column_div av-zero-column-padding first  avia-builder-el-0  el_before_av_one_full  avia-builder-el-first  \" style='border-radius:0px; '><div  class='avia-image-container  av-styling-    avia-builder-el-1  avia-builder-el-no-sibling  avia-align-center '  itemprop=\"image\" itemscope=\"itemscope\" itemtype=\"https:\/\/schema.org\/ImageObject\"  ><div class='avia-image-container-inner'><div class='avia-image-overlay-wrap'><img decoding=\"async\" class='wp-image-11616 avia-img-lazy-loading-not-11616 avia_image' src=\"https:\/\/radiorevelacionfm.cl\/wp-content\/uploads\/2021\/12\/Cooperativa-2-2.jpeg\" alt='' title='Cooperativa-2-2' height=\"600\" width=\"901\"  itemprop=\"thumbnailUrl\" srcset=\"https:\/\/radiorevelacionfm.cl\/wp-content\/uploads\/2021\/12\/Cooperativa-2-2.jpeg 901w, https:\/\/radiorevelacionfm.cl\/wp-content\/uploads\/2021\/12\/Cooperativa-2-2-300x200.jpeg 300w, https:\/\/radiorevelacionfm.cl\/wp-content\/uploads\/2021\/12\/Cooperativa-2-2-768x511.jpeg 768w, https:\/\/radiorevelacionfm.cl\/wp-content\/uploads\/2021\/12\/Cooperativa-2-2-705x469.jpeg 705w, https:\/\/radiorevelacionfm.cl\/wp-content\/uploads\/2021\/12\/Cooperativa-2-2-600x400.jpeg 600w\" sizes=\"(max-width: 901px) 100vw, 901px\" \/><\/div><\/div><\/div><\/div><div class=\"flex_column av_one_full  flex_column_div av-zero-column-padding first  avia-builder-el-2  el_after_av_one_full  el_before_av_one_full  column-top-margin\" style='border-radius:0px; '><section class=\"av_textblock_section \"  itemscope=\"itemscope\" itemtype=\"https:\/\/schema.org\/BlogPosting\" itemprop=\"blogPost\" ><div class='avia_textblock  '   itemprop=\"text\" ><p style=\"text-align: center;\"><span style=\"font-size: 18pt;\"><b>Cooperativa R\u00edo Baker y Gobernadora Regional acuerdan trabajo conjunto<\/b><\/span><\/p>\n<div id=\"gtx-trans\" style=\"position: absolute; left: -50px; top: 4.31534px;\">\n<div class=\"gtx-trans-icon\"><\/div>\n<\/div>\n<\/div><\/section><\/div><div class=\"flex_column av_one_full  flex_column_div av-zero-column-padding first  avia-builder-el-4  el_after_av_one_full  el_before_av_hr  column-top-margin\" style='border-radius:0px; '><section class=\"av_textblock_section \"  itemscope=\"itemscope\" itemtype=\"https:\/\/schema.org\/BlogPosting\" itemprop=\"blogPost\" ><div class='avia_textblock  '   itemprop=\"text\" ><p style=\"text-align: justify;\">\u201cTenemos mucha gente en nuestra tierra y nuestra regi\u00f3n que est\u00e1 trabajando firmemente por el desarrollo de cada uno de nuestros territorios. Aqu\u00ed hay un trabajo important\u00edsimo de lo que hace la Cooperativa y la AG, tanto lo que tiene que ver con lana, con madera, con productos veterinarios y distintas l\u00edneas de trabajo para fortalecer nuestro territorio\u201d, afirm\u00f3 la m\u00e1xima autoridad regional, Gobernadora Andrea Mac\u00edas Palma visitando las instalaciones de la Asociaci\u00f3n Gremial R\u00edo Baker en Cochrane.<\/p>\n<p style=\"text-align: justify;\">La Asociaci\u00f3n Gremial R\u00edo Baker re\u00fane a productores de la comuna de Cochrane y tiene por objetivo comercializar asociativamente sus productos. Actualmente comercializan toneladas de lana que son exportadas y madera para le\u00f1a, adem\u00e1s de productos veterinarios disponibles.<\/p>\n<p style=\"text-align: justify;\">\u201cComo AG y Cooperativa R\u00edo Baker estamos muy agradecidos por la visita de nuestra Gobernadora Regional Andrea Mac\u00edas Palma el pasado viernes 26 de noviembre a nuestras instalaciones. Aprovechamos la instancia de que la Gobernadora estuvo en nuestra comuna para poder mostrar nuestras instalaciones. Fue una reuni\u00f3n bastante fruct\u00edfera, donde mostramos todas las l\u00edneas productivas las cuales estamos trabajando hoy en d\u00eda y los desaf\u00edos que nos proponemos en el mediano y en el corto plazo\u201d, afirm\u00f3 Marcelo Haro de la Asociaci\u00f3n.<\/p>\n<p style=\"text-align: justify;\">\u201cNosotros hist\u00f3ricamente hemos trabajado la lana de oveja, sin embargo, estamos implantando nuevas l\u00edneas productivas y la creemos potenciar a\u00fan m\u00e1s como son el trabajo de la le\u00f1a y la madera aserrada. Queremos agradecer el compromiso del Gobierno Regional, porque en esta intensa reuni\u00f3n se nos inform\u00f3 la idea de financiar un proyecto anhelado por nuestra instituci\u00f3n como es la adquisici\u00f3n de maquinaria tanto para el trabajo agr\u00edcola como para el desarrollo de nuestras l\u00edneas productivas. Finalmente aprovechamos la instancia para dar las gracias a la municipalidad de Cochrane y al Consejo Regional, a los Consejeros Regionales de la provincia que estuvieron presentes en dicha instancia y queremos invitarlos a seguir trabajando en esta l\u00ednea del desarrollo productivo para la comuna de Cochrane\u201d, finaliz\u00f3 el representante de la Asociaci\u00f3n.<\/p>\n<div style=\"text-align: justify;\">En la oportunidad tambi\u00e9n se hicieron presentes el alcalde de la comuna, Jorge Calder\u00f3n, y los Consejeros Regionales Carlos Campos y Jorge Abello, quienes comprometieron su apoyo a proyectos que mejoren las oportunidades de la AG.\u00a0<span style=\"color: #888888;\"><br \/>\n<\/span><\/div>\n<\/div><\/section><\/div><div  style='height:50px' class='hr hr-invisible   avia-builder-el-6  el_after_av_one_full  el_before_av_social_share '><span class='hr-inner ' ><span class='hr-inner-style'><\/span><\/span><\/div><\/p>\n<div  class='av-social-sharing-box  avia-builder-el-7  el_after_av_hr  el_before_av_hr  '><div class='av-share-box'><h5 class='av-share-link-description av-no-toc '>Compartir esta noticia<\/h5><ul class='av-share-box-list noLightbox'><li class='av-share-link av-social-link-facebook' ><a target=\"_blank\" aria-label=\"Compartir en Facebook\" href='https:\/\/www.facebook.com\/sharer.php?u=https:\/\/radiorevelacionfm.cl\/?p=11615&#038;t=Cooperativa%20R%C3%ADo%20Baker%20y%20Gobernadora%20Regional%20acuerdan%20trabajo%20conjunto' aria-hidden='false' data-av_icon='\ue8f3' data-av_iconfont='entypo-fontello' title='' data-avia-related-tooltip='Compartir en Facebook' rel=\"noopener\"><span class='avia_hidden_link_text'>Compartir en Facebook<\/span><\/a><\/li><li class='av-share-link av-social-link-twitter' ><a target=\"_blank\" aria-label=\"Compartir en Twitter\" href='https:\/\/twitter.com\/share?text=Cooperativa%20R%C3%ADo%20Baker%20y%20Gobernadora%20Regional%20acuerdan%20trabajo%20conjunto&#038;url=https:\/\/radiorevelacionfm.cl\/?p=11615' aria-hidden='false' data-av_icon='\ue8f1' data-av_iconfont='entypo-fontello' title='' data-avia-related-tooltip='Compartir en Twitter' rel=\"noopener\"><span class='avia_hidden_link_text'>Compartir en Twitter<\/span><\/a><\/li><li class='av-share-link av-social-link-whatsapp' ><a target=\"_blank\" aria-label=\"Compartir en Whatsapp\" href='https:\/\/api.whatsapp.com\/send?text=https:\/\/radiorevelacionfm.cl\/?p=11615' aria-hidden='false' data-av_icon='\uf232' data-av_iconfont='entypo-fontello' title='' data-avia-related-tooltip='Compartir en Whatsapp' rel=\"noopener\"><span class='avia_hidden_link_text'>Compartir en Whatsapp<\/span><\/a><\/li><li class='av-share-link av-social-link-linkedin' ><a target=\"_blank\" aria-label=\"Compartir en LinkedIn\" href='https:\/\/linkedin.com\/shareArticle?mini=true&#038;title=Cooperativa%20R%C3%ADo%20Baker%20y%20Gobernadora%20Regional%20acuerdan%20trabajo%20conjunto&#038;url=https:\/\/radiorevelacionfm.cl\/?p=11615' aria-hidden='false' data-av_icon='\ue8fc' data-av_iconfont='entypo-fontello' title='' data-avia-related-tooltip='Compartir en LinkedIn' rel=\"noopener\"><span class='avia_hidden_link_text'>Compartir en LinkedIn<\/span><\/a><\/li><li class='av-share-link av-social-link-mail' ><a  aria-label=\"Compartir por correo\" href='mailto:?subject=Cooperativa%20R%C3%ADo%20Baker%20y%20Gobernadora%20Regional%20acuerdan%20trabajo%20conjunto&#038;body=https:\/\/radiorevelacionfm.cl\/?p=11615' aria-hidden='false' data-av_icon='\ue805' data-av_iconfont='entypo-fontello' title='' data-avia-related-tooltip='Compartir por correo'><span class='avia_hidden_link_text'>Compartir por correo<\/span><\/a><\/li><\/ul><\/div><\/div>\n<div  style='height:50px' class='hr hr-invisible   avia-builder-el-8  el_after_av_social_share  el_before_av_comments_list '><span class='hr-inner ' ><span class='hr-inner-style'><\/span><\/span><\/div>\n<div  class='av-buildercomment  av-blog-meta-html-info-disabled av-blog-meta-tag-disabled  '><\/div>\n","protected":false},"excerpt":{"rendered":"","protected":false},"author":1,"featured_media":11616,"comment_status":"open","ping_status":"open","sticky":false,"template":"","format":"standard","meta":{"footnotes":""},"categories":[38],"tags":[],"class_list":["post-11615","post","type-post","status-publish","format-standard","has-post-thumbnail","hentry","category-regional"],"jetpack_featured_media_url":"https:\/\/radiorevelacionfm.cl\/wp-content\/uploads\/2021\/12\/Cooperativa-2-2.jpeg","_links":{"self":[{"href":"https:\/\/radiorevelacionfm.cl\/index.php?rest_route=\/wp\/v2\/posts\/11615","targetHints":{"allow":["GET"]}}],"collection":[{"href":"https:\/\/radiorevelacionfm.cl\/index.php?rest_route=\/wp\/v2\/posts"}],"about":[{"href":"https:\/\/radiorevelacionfm.cl\/index.php?rest_route=\/wp\/v2\/types\/post"}],"author":[{"embeddable":true,"href":"https:\/\/radiorevelacionfm.cl\/index.php?rest_route=\/wp\/v2\/users\/1"}],"replies":[{"embeddable":true,"href":"https:\/\/radiorevelacionfm.cl\/index.php?rest_route=%2Fwp%2Fv2%2Fcomments&post=11615"}],"version-history":[{"count":2,"href":"https:\/\/radiorevelacionfm.cl\/index.php?rest_route=\/wp\/v2\/posts\/11615\/revisions"}],"predecessor-version":[{"id":11618,"href":"https:\/\/radiorevelacionfm.cl\/index.php?rest_route=\/wp\/v2\/posts\/11615\/revisions\/11618"}],"wp:featuredmedia":[{"embeddable":true,"href":"https:\/\/radiorevelacionfm.cl\/index.php?rest_route=\/wp\/v2\/media\/11616"}],"wp:attachment":[{"href":"https:\/\/radiorevelacionfm.cl\/index.php?rest_route=%2Fwp%2Fv2%2Fmedia&parent=11615"}],"wp:term":[{"taxonomy":"category","embeddable":true,"href":"https:\/\/radiorevelacionfm.cl\/index.php?rest_route=%2Fwp%2Fv2%2Fcategories&post=11615"},{"taxonomy":"post_tag","embeddable":true,"href":"https:\/\/radiorevelacionfm.cl\/index.php?rest_route=%2Fwp%2Fv2%2Ftags&post=11615"}],"curies":[{"name":"wp","href":"https:\/\/api.w.org\/{rel}","templated":true}]}}