{"id":11611,"date":"2021-12-08T00:05:46","date_gmt":"2021-12-08T03:05:46","guid":{"rendered":"https:\/\/radiorevelacionfm.cl\/?p=11611"},"modified":"2021-12-08T00:05:46","modified_gmt":"2021-12-08T03:05:46","slug":"mas-de-4-mil-ninos-entre-03-y-05-anos-recibiran-su-vacuna-contra-el-covid-19-en-aysen","status":"publish","type":"post","link":"https:\/\/radiorevelacionfm.cl\/?p=11611","title":{"rendered":"M\u00e1s de 4 mil ni\u00f1os entre 03 y 05 a\u00f1os recibir\u00e1n su vacuna contra el COVID-19 en Ays\u00e9n"},"content":{"rendered":"<div class=\"flex_column av_one_full  flex_column_div av-zero-column-padding first  avia-builder-el-0  el_before_av_one_full  avia-builder-el-first  \" style='border-radius:0px; '><div  class='avia-image-container  av-styling-    avia-builder-el-1  avia-builder-el-no-sibling  avia-align-center '  itemprop=\"image\" itemscope=\"itemscope\" itemtype=\"https:\/\/schema.org\/ImageObject\"  ><div class='avia-image-container-inner'><div class='avia-image-overlay-wrap'><img decoding=\"async\" class='wp-image-11612 avia-img-lazy-loading-not-11612 avia_image' src=\"https:\/\/radiorevelacionfm.cl\/wp-content\/uploads\/2021\/12\/vacunacion-nino-2-2.jpg\" alt='' title='vacunaci\u00f3n ni\u00f1o-2-2' height=\"600\" width=\"800\"  itemprop=\"thumbnailUrl\" srcset=\"https:\/\/radiorevelacionfm.cl\/wp-content\/uploads\/2021\/12\/vacunacion-nino-2-2.jpg 800w, https:\/\/radiorevelacionfm.cl\/wp-content\/uploads\/2021\/12\/vacunacion-nino-2-2-300x225.jpg 300w, https:\/\/radiorevelacionfm.cl\/wp-content\/uploads\/2021\/12\/vacunacion-nino-2-2-768x576.jpg 768w, https:\/\/radiorevelacionfm.cl\/wp-content\/uploads\/2021\/12\/vacunacion-nino-2-2-705x529.jpg 705w, https:\/\/radiorevelacionfm.cl\/wp-content\/uploads\/2021\/12\/vacunacion-nino-2-2-600x450.jpg 600w\" sizes=\"(max-width: 800px) 100vw, 800px\" \/><\/div><\/div><\/div><\/div><div class=\"flex_column av_one_full  flex_column_div av-zero-column-padding first  avia-builder-el-2  el_after_av_one_full  el_before_av_one_full  column-top-margin\" style='border-radius:0px; '><section class=\"av_textblock_section \"  itemscope=\"itemscope\" itemtype=\"https:\/\/schema.org\/BlogPosting\" itemprop=\"blogPost\" ><div class='avia_textblock  '   itemprop=\"text\" ><p style=\"text-align: center;\"><span style=\"font-size: 18pt;\"><strong>M\u00e1s de 4 mil ni\u00f1os entre 03 y 05 a\u00f1os recibir\u00e1n su vacuna contra el COVID-19 en Ays\u00e9n<\/strong><\/span><\/p>\n<div id=\"gtx-trans\" style=\"position: absolute; left: -50px; top: 4.31534px;\">\n<div class=\"gtx-trans-icon\"><\/div>\n<\/div>\n<\/div><\/section><\/div><div class=\"flex_column av_one_full  flex_column_div av-zero-column-padding first  avia-builder-el-4  el_after_av_one_full  el_before_av_hr  column-top-margin\" style='border-radius:0px; '><section class=\"av_textblock_section \"  itemscope=\"itemscope\" itemtype=\"https:\/\/schema.org\/BlogPosting\" itemprop=\"blogPost\" ><div class='avia_textblock  '   itemprop=\"text\" ><p style=\"text-align: justify;\">Luego de la aprobaci\u00f3n del Instituto de Salud P\u00fablica (ISP), este lunes comenz\u00f3 la inoculaci\u00f3n contra el COVID-19 para los ni\u00f1os cuyas edades van desde los 03 a 05 a\u00f1os, siendo la prioridad para los d\u00edas 06 y 07 de diciembre los menores que presenten comorbilidades espec\u00edficas, como: \u00abenfermedad pulmonar cr\u00f3nica, enfermedad neurol\u00f3gica, enfermedad renal cr\u00f3nica, enfermedad hep\u00e1tica cr\u00f3nica, enfermedades metab\u00f3licas, cardiopat\u00edas, enfermedad autoinmune, c\u00e1ncer en tratamiento con radioterapia, quimioterapia, terapias hormonales o medidas paliativas de cualquier tipo, inmunodeficiencias, enfermedad mental grave u obesidad severa\u00bb.<\/p>\n<p style=\"text-align: justify;\">Fue as\u00ed como durante un recorrido a un punto de vacunaci\u00f3n, la Seremi de Salud (s), Gloria Beecher, hizo un llamado a la comunidad para que se acerque a los centros de vacunaci\u00f3n.\u00a0 \u201cQueremos hacer un llamado a la comunidad a confiar en las vacunas, en los procesos, en lo cient\u00edfico.\u00a0 En este nuevo grupo se ampl\u00eda la cobertura de 3 y 5 a\u00f1os, por lo que hacemos un llamado a los padres a confiar en este proceso y en los esquemas de vacunaci\u00f3n, donde a nivel regional la poblaci\u00f3n objetivo es de 4 mil 340 ni\u00f1os. Coronavac es la \u00fanica vacuna que se esta aplicando a los menores, la cual fue aprobada por el Instituto de Salud P\u00fablica\u201d.<\/p>\n<p style=\"text-align: justify;\">Similar opini\u00f3n es la que entreg\u00f3 la Delegada Presidencial, Margarita Ossa, quien resalt\u00f3 la importancia de este proceso para las familias con menores de edad.\u00a0 \u201cEste es un momento que hab\u00edamos estado esperando la mayor\u00eda de los padres con mucha ansiedad, es una nueva etapa de todo el proceso de vacunaci\u00f3n, el d\u00eda 06 y 07 comenzamos con los ni\u00f1os que presenten alguna comorbilidad, as\u00ed que el jueves y viernes seguir\u00edamos con el proceso para avanzar con el grupo etario que es muy importante, sino que los ni\u00f1os tambi\u00e9n son vectores, por eso es muy importante vacunarlos y protegerlos a ellos.\u00a0 Esper\u00e1bamos tener la autorizaci\u00f3n con las vacunas para realizar este proceso de forma segura\u201d.<\/p>\n<p style=\"text-align: justify;\">Durante este proceso, Luz Alvarado, Madre de uno de los ni\u00f1os que recibi\u00f3 su vacuna contra el COVID-19, explic\u00f3 la importancia de este proceso en el resguardo de la salud de los ni\u00f1os.\u00a0 \u201cNosotros como familia est\u00e1bamos esperando con ansias que llegara este d\u00eda, porque quer\u00edamos que nuestro hijo Julian igual estuviera vacunado, porque queremos protegerlo, y nos hemos dado cuenta que as\u00ed ha sido hasta el momento porque todos estamos con las vacunas completas y no nos hemos enfermado. Esto tiene un efecto favorable contra el COVID-19 as\u00ed que los pap\u00e1s tienen que venir a vacunar a los ni\u00f1os para que podamos salir de este virus\u201d, puntualiz\u00f3.<\/p>\n<p style=\"text-align: justify;\">Finalmente, el Director (s) del Servicio de Salud, Jaime L\u00f3pez, destac\u00f3 lo relevante de este proceso para una regi\u00f3n como Ays\u00e9n. \u201cEn una regi\u00f3n donde hoy alcanzamos un 9% de positividad, nos parece muy importante avanzar en este segmento de poblaci\u00f3n que act\u00faa como vector, de manera asintom\u00e1tica; por lo tanto, con todas las certezas de las pruebas cient\u00edficas que se han hecho, llamamos a los padres a tomar conciencia para poner todos nuestros esfuerzos para evitar el aumento de contagios. En los pr\u00f3ximos d\u00edas se va a planificar la etapa extramural para acercarnos a los lugares donde se encuentran los ni\u00f1os\u201d.<\/p>\n<p style=\"text-align: justify;\">Cabe se\u00f1alar que este mi\u00e9rcoles, los puntos de vacunaci\u00f3n no atender\u00e1n p\u00fablico, por lo que el proceso de vacunaci\u00f3n se retoma los d\u00edas jueves y viernes para menores entre 3 y 5 a\u00f1os que no presenten \u00a0comorbilidades o enfermedades de base.\u00a0 Durante esta semana tambi\u00e9n se continuar\u00e1 la administraci\u00f3n de dosis de refuerzo para todas las personas que tengan esquema completo hasta el 8 de agosto.<\/p>\n<\/div><\/section><\/div><div  style='height:50px' class='hr hr-invisible   avia-builder-el-6  el_after_av_one_full  el_before_av_social_share '><span class='hr-inner ' ><span class='hr-inner-style'><\/span><\/span><\/div><\/p>\n<div  class='av-social-sharing-box  avia-builder-el-7  el_after_av_hr  el_before_av_hr  '><div class='av-share-box'><h5 class='av-share-link-description av-no-toc '>Compartir esta noticia<\/h5><ul class='av-share-box-list noLightbox'><li class='av-share-link av-social-link-facebook' ><a target=\"_blank\" aria-label=\"Compartir en Facebook\" href='https:\/\/www.facebook.com\/sharer.php?u=https:\/\/radiorevelacionfm.cl\/?p=11611&#038;t=M%C3%A1s%20de%204%20mil%20ni%C3%B1os%20entre%2003%20y%2005%20a%C3%B1os%20recibir%C3%A1n%20su%20vacuna%20contra%20el%20COVID-19%20en%20Ays%C3%A9n' aria-hidden='false' data-av_icon='\ue8f3' data-av_iconfont='entypo-fontello' title='' data-avia-related-tooltip='Compartir en Facebook' rel=\"noopener\"><span class='avia_hidden_link_text'>Compartir en Facebook<\/span><\/a><\/li><li class='av-share-link av-social-link-twitter' ><a target=\"_blank\" aria-label=\"Compartir en Twitter\" href='https:\/\/twitter.com\/share?text=M%C3%A1s%20de%204%20mil%20ni%C3%B1os%20entre%2003%20y%2005%20a%C3%B1os%20recibir%C3%A1n%20su%20vacuna%20contra%20el%20COVID-19%20en%20Ays%C3%A9n&#038;url=https:\/\/radiorevelacionfm.cl\/?p=11611' aria-hidden='false' data-av_icon='\ue8f1' data-av_iconfont='entypo-fontello' title='' data-avia-related-tooltip='Compartir en Twitter' rel=\"noopener\"><span class='avia_hidden_link_text'>Compartir en Twitter<\/span><\/a><\/li><li class='av-share-link av-social-link-whatsapp' ><a target=\"_blank\" aria-label=\"Compartir en Whatsapp\" href='https:\/\/api.whatsapp.com\/send?text=https:\/\/radiorevelacionfm.cl\/?p=11611' aria-hidden='false' data-av_icon='\uf232' data-av_iconfont='entypo-fontello' title='' data-avia-related-tooltip='Compartir en Whatsapp' rel=\"noopener\"><span class='avia_hidden_link_text'>Compartir en Whatsapp<\/span><\/a><\/li><li class='av-share-link av-social-link-linkedin' ><a target=\"_blank\" aria-label=\"Compartir en LinkedIn\" href='https:\/\/linkedin.com\/shareArticle?mini=true&#038;title=M%C3%A1s%20de%204%20mil%20ni%C3%B1os%20entre%2003%20y%2005%20a%C3%B1os%20recibir%C3%A1n%20su%20vacuna%20contra%20el%20COVID-19%20en%20Ays%C3%A9n&#038;url=https:\/\/radiorevelacionfm.cl\/?p=11611' aria-hidden='false' data-av_icon='\ue8fc' data-av_iconfont='entypo-fontello' title='' data-avia-related-tooltip='Compartir en LinkedIn' rel=\"noopener\"><span class='avia_hidden_link_text'>Compartir en LinkedIn<\/span><\/a><\/li><li class='av-share-link av-social-link-mail' ><a  aria-label=\"Compartir por correo\" href='mailto:?subject=M%C3%A1s%20de%204%20mil%20ni%C3%B1os%20entre%2003%20y%2005%20a%C3%B1os%20recibir%C3%A1n%20su%20vacuna%20contra%20el%20COVID-19%20en%20Ays%C3%A9n&#038;body=https:\/\/radiorevelacionfm.cl\/?p=11611' aria-hidden='false' data-av_icon='\ue805' data-av_iconfont='entypo-fontello' title='' data-avia-related-tooltip='Compartir por correo'><span class='avia_hidden_link_text'>Compartir por correo<\/span><\/a><\/li><\/ul><\/div><\/div>\n<div  style='height:50px' class='hr hr-invisible   avia-builder-el-8  el_after_av_social_share  el_before_av_comments_list '><span class='hr-inner ' ><span class='hr-inner-style'><\/span><\/span><\/div>\n<div  class='av-buildercomment  av-blog-meta-html-info-disabled av-blog-meta-tag-disabled  '><\/div>\n","protected":false},"excerpt":{"rendered":"","protected":false},"author":1,"featured_media":11612,"comment_status":"open","ping_status":"open","sticky":false,"template":"","format":"standard","meta":{"footnotes":""},"categories":[46],"tags":[],"class_list":["post-11611","post","type-post","status-publish","format-standard","has-post-thumbnail","hentry","category-salud"],"jetpack_featured_media_url":"https:\/\/radiorevelacionfm.cl\/wp-content\/uploads\/2021\/12\/vacunacion-nino-2-2.jpg","_links":{"self":[{"href":"https:\/\/radiorevelacionfm.cl\/index.php?rest_route=\/wp\/v2\/posts\/11611","targetHints":{"allow":["GET"]}}],"collection":[{"href":"https:\/\/radiorevelacionfm.cl\/index.php?rest_route=\/wp\/v2\/posts"}],"about":[{"href":"https:\/\/radiorevelacionfm.cl\/index.php?rest_route=\/wp\/v2\/types\/post"}],"author":[{"embeddable":true,"href":"https:\/\/radiorevelacionfm.cl\/index.php?rest_route=\/wp\/v2\/users\/1"}],"replies":[{"embeddable":true,"href":"https:\/\/radiorevelacionfm.cl\/index.php?rest_route=%2Fwp%2Fv2%2Fcomments&post=11611"}],"version-history":[{"count":2,"href":"https:\/\/radiorevelacionfm.cl\/index.php?rest_route=\/wp\/v2\/posts\/11611\/revisions"}],"predecessor-version":[{"id":11614,"href":"https:\/\/radiorevelacionfm.cl\/index.php?rest_route=\/wp\/v2\/posts\/11611\/revisions\/11614"}],"wp:featuredmedia":[{"embeddable":true,"href":"https:\/\/radiorevelacionfm.cl\/index.php?rest_route=\/wp\/v2\/media\/11612"}],"wp:attachment":[{"href":"https:\/\/radiorevelacionfm.cl\/index.php?rest_route=%2Fwp%2Fv2%2Fmedia&parent=11611"}],"wp:term":[{"taxonomy":"category","embeddable":true,"href":"https:\/\/radiorevelacionfm.cl\/index.php?rest_route=%2Fwp%2Fv2%2Fcategories&post=11611"},{"taxonomy":"post_tag","embeddable":true,"href":"https:\/\/radiorevelacionfm.cl\/index.php?rest_route=%2Fwp%2Fv2%2Ftags&post=11611"}],"curies":[{"name":"wp","href":"https:\/\/api.w.org\/{rel}","templated":true}]}}