{"id":11606,"date":"2021-12-07T23:23:35","date_gmt":"2021-12-08T02:23:35","guid":{"rendered":"https:\/\/radiorevelacionfm.cl\/?p=11606"},"modified":"2021-12-07T23:23:59","modified_gmt":"2021-12-08T02:23:59","slug":"condores-rehabilitados-seran-trasladados-a-parque-nacional-patagonia-para-ser-liberados","status":"publish","type":"post","link":"https:\/\/radiorevelacionfm.cl\/?p=11606","title":{"rendered":"C\u00f3ndores rehabilitados ser\u00e1n trasladados a Parque Nacional Patagonia para ser liberados"},"content":{"rendered":"<div class=\"flex_column av_one_full  flex_column_div av-zero-column-padding first  avia-builder-el-0  el_before_av_one_full  avia-builder-el-first  \" style='border-radius:0px; '><div  class='avia-image-container  av-styling-    avia-builder-el-1  avia-builder-el-no-sibling  avia-align-center '  itemprop=\"image\" itemscope=\"itemscope\" itemtype=\"https:\/\/schema.org\/ImageObject\"  ><div class='avia-image-container-inner'><div class='avia-image-overlay-wrap'><img decoding=\"async\" class='wp-image-11607 avia-img-lazy-loading-not-11607 avia_image' src=\"https:\/\/radiorevelacionfm.cl\/wp-content\/uploads\/2021\/12\/Credito-Archivo-fotografico-Fundacion-Rewilding-Chile-2-2.jpg\" alt='' title='Cr\u00e9dito Archivo fotogr\u00e1fico Fundaci\u00f3n Rewilding Chile-2-2' height=\"600\" width=\"903\"  itemprop=\"thumbnailUrl\" srcset=\"https:\/\/radiorevelacionfm.cl\/wp-content\/uploads\/2021\/12\/Credito-Archivo-fotografico-Fundacion-Rewilding-Chile-2-2.jpg 903w, https:\/\/radiorevelacionfm.cl\/wp-content\/uploads\/2021\/12\/Credito-Archivo-fotografico-Fundacion-Rewilding-Chile-2-2-300x199.jpg 300w, https:\/\/radiorevelacionfm.cl\/wp-content\/uploads\/2021\/12\/Credito-Archivo-fotografico-Fundacion-Rewilding-Chile-2-2-768x510.jpg 768w, https:\/\/radiorevelacionfm.cl\/wp-content\/uploads\/2021\/12\/Credito-Archivo-fotografico-Fundacion-Rewilding-Chile-2-2-705x468.jpg 705w, https:\/\/radiorevelacionfm.cl\/wp-content\/uploads\/2021\/12\/Credito-Archivo-fotografico-Fundacion-Rewilding-Chile-2-2-600x399.jpg 600w\" sizes=\"(max-width: 903px) 100vw, 903px\" \/><\/div><\/div><\/div><\/div><div class=\"flex_column av_one_full  flex_column_div av-zero-column-padding first  avia-builder-el-2  el_after_av_one_full  el_before_av_one_full  column-top-margin\" style='border-radius:0px; '><section class=\"av_textblock_section \"  itemscope=\"itemscope\" itemtype=\"https:\/\/schema.org\/BlogPosting\" itemprop=\"blogPost\" ><div class='avia_textblock  '   itemprop=\"text\" ><p style=\"text-align: center;\"><span style=\"font-size: 18pt;\"><b>C\u00f3ndores rehabilitados ser\u00e1n trasladados a Parque Nacional Patagonia para ser liberados<\/b><\/span><\/p>\n<div id=\"gtx-trans\" style=\"position: absolute; left: -50px; top: 4.31534px;\">\n<div class=\"gtx-trans-icon\"><\/div>\n<\/div>\n<\/div><\/section><\/div><\/p>\n<div class=\"flex_column av_one_full  flex_column_div av-zero-column-padding first  avia-builder-el-4  el_after_av_one_full  el_before_av_hr  column-top-margin\" style='border-radius:0px; '><section class=\"av_textblock_section \"  itemscope=\"itemscope\" itemtype=\"https:\/\/schema.org\/BlogPosting\" itemprop=\"blogPost\" ><div class='avia_textblock  '   itemprop=\"text\" ><p style=\"text-align: justify;\">Se trata de dos ejemplares que fueron rescatados en 2020, y que ser\u00e1n trasladados el 13 de diciembre para iniciar su \u00faltima etapa de aclimataci\u00f3n antes de ser liberados en el Parque Nacional Patagonia, ubicado en una de las regiones que alberga m\u00e1s c\u00f3ndores en Sudam\u00e9rica.<\/p>\n<p style=\"text-align: justify;\">Una de las aves voladoras m\u00e1s grandes del mundo y especie emblem\u00e1tica de Chile y las culturas andinas, se encuentra amenazada por la acci\u00f3n humana. La caza, la ingesta de t\u00f3xicos, la colisi\u00f3n con tendidos el\u00e9ctricos y la disminuci\u00f3n de sus fuentes de alimento, son algunos de los factores que han producido una considerable disminuci\u00f3n de sus poblaciones. Por lo anterior, Proyecto Manku de AvesChile, junto a Fundaci\u00f3n MERI, han desarrollando un trabajo sistem\u00e1tico por la conservaci\u00f3n del c\u00f3ndor, al que se ha unido Fundaci\u00f3n Rewilding Chile, el legado de Tompkins Conservation, en una alianza colaborativa que busca fortalecer la protecci\u00f3n, la investigaci\u00f3n y la educaci\u00f3n de la especie en la Patagonia.<\/p>\n<p style=\"text-align: justify;\">\u201cEl Parque Nacional Patagonia constituye un epicentro clave, siendo un corredor muy utilizado por las poblaciones de c\u00f3ndores de la zona. Esta es una oportunidad \u00fanica para que la sociedad en general comprenda mejor el que cumple esta especie carro\u00f1era en los ecosistemas, el valor de las \u00e1reas protegidas, as\u00ed como la importancia de desarrollar pr\u00e1cticas de coexistencia con los c\u00f3ndores\u201d, explica Cristi\u00e1n Saucedo, Director de Programa Vida Silvestre de Fundaci\u00f3n Rewilding Chile.<\/p>\n<p style=\"text-align: justify;\"><strong>C\u00f3ndores y comunidad<\/strong><\/p>\n<p style=\"text-align: justify;\">Pumal\u00edn y Liqui\u00f1e, una macho y una hembra juveniles, fueron bautizados por los lugares en donde fueron encontrados con graves da\u00f1os que les imped\u00edan volar. Luego de ser atendidos en la cl\u00ednica veterinaria del Zool\u00f3gico Nacional, y trasladados al Centro de Rehabilitaci\u00f3n de Aves Rapaces<em>(CRAR) <\/em>ubicado en Talagante, se encuentran preparados para iniciar un viaje que los llevar\u00e1 a su futuro hogar: el Parque Nacional Patagonia, en la Regi\u00f3n de Ays\u00e9n.<\/p>\n<p style=\"text-align: justify;\">En esta \u00e1rea protegida, ambos c\u00f3ndores pasar\u00e1n dos meses en una etapa de \u201cpre-liberaci\u00f3n\u201d, periodo que busca la aclimataci\u00f3n en su h\u00e1bitat natural, y que permitir\u00e1 aumentar la posibilidad de \u00e9xito una vez que sean liberados.<\/p>\n<p style=\"text-align: justify;\">Este hito, que se tiene proyectado para enero de 2022, ser\u00e1 una instancia abierta a la comunidad que pretende contribuir a la concientizaci\u00f3n respecto al valor natural y cultural de esta especie. El trabajo est\u00e1 siendo reforzado a trav\u00e9s de un programa de educaci\u00f3n ambiental, una serie de talleres y charlas con \u00e9nfasis en las localidades aleda\u00f1as al Parque Nacional Patagonia. Mediante la implementaci\u00f3n de metodolog\u00edas l\u00fadicas dise\u00f1adas para escolares, se ha reflexionado en torno a la forma en que el humano se vincula y afecta el h\u00e1bitat del c\u00f3ndor. Adem\u00e1s, el martes 14 de diciembre a las 19 horas en el centro cultural de Cochrane, se realizar\u00e1 una charla gratuita dirigida por Cristian Saucedo.<\/p>\n<p style=\"text-align: justify;\">\u201cEn la Patagonia est\u00e1n las poblaciones m\u00e1s numerosas de c\u00f3ndores, por tanto, un deterioro de su condici\u00f3n compromete a la especie a nivel global. Las comunidades humanas de la Patagonia conviven con los c\u00f3ndores y de su relaci\u00f3n depende en gran medida el futuro de la especie. Los ni\u00f1os son el segmento m\u00e1s receptivo de la sociedad al mensaje de conservaci\u00f3n de la naturaleza\u201d, asegura Eduardo Pavez, director del Programa de Conservaci\u00f3n del C\u00f3ndor Andino de AvesChile.<\/p>\n<p style=\"text-align: justify;\">Una vez liberados, los ejemplares seguir\u00e1n siendo monitoreados por medio de transmisores satelitales, lo que permitir\u00e1 contribuir al conocimiento del c\u00f3ndor -sus patrones de uso del espacio, zonas de nidificaci\u00f3n, dieta, presencia de contaminantes, comportamiento y amenazas- e impulsar futuras investigaciones que fomenten su conservaci\u00f3n.<\/p>\n<p style=\"text-align: justify;\">Para poder desarrollar todo este trabajo, se est\u00e1 desarrollando una campa\u00f1a de levantamiento de fondos a trav\u00e9s de la p\u00e1gina web de Rewilding Chile (<a href=\"https:\/\/www.rewildingchile.org\/dona\/\" data-saferedirecturl=\"https:\/\/www.google.com\/url?q=https:\/\/www.rewildingchile.org\/dona\/&amp;source=gmail&amp;ust=1639012632269000&amp;usg=AOvVaw3dXnBID6aIkfrpIVZqWpxB\">https:\/\/www.rewildingchile.org\/dona<\/a>). Todo lo recaudado ir\u00e1 destinado directamente a la ejecuci\u00f3n de este proyecto, desde la alimentaci\u00f3n de los c\u00f3ndores, su cuidado y acompa\u00f1amiento durante el tiempo de aclimataci\u00f3n y monitoreo luego de su liberaci\u00f3n.<\/p>\n<p style=\"text-align: justify;\">\u00a1S\u00famate al vuelo de la conservaci\u00f3n!<\/p>\n<\/div><\/section><\/div>\n<div  style='height:50px' class='hr hr-invisible   avia-builder-el-6  el_after_av_one_full  el_before_av_social_share '><span class='hr-inner ' ><span class='hr-inner-style'><\/span><\/span><\/div>\n<div  class='av-social-sharing-box  avia-builder-el-7  el_after_av_hr  el_before_av_hr  '><div class='av-share-box'><h5 class='av-share-link-description av-no-toc '>Compartir esta noticia<\/h5><ul class='av-share-box-list noLightbox'><li class='av-share-link av-social-link-facebook' ><a target=\"_blank\" aria-label=\"Compartir en Facebook\" href='https:\/\/www.facebook.com\/sharer.php?u=https:\/\/radiorevelacionfm.cl\/?p=11606&#038;t=C%C3%B3ndores%20rehabilitados%20ser%C3%A1n%20trasladados%20a%20Parque%20Nacional%20Patagonia%20para%20ser%20liberados' aria-hidden='false' data-av_icon='\ue8f3' data-av_iconfont='entypo-fontello' title='' data-avia-related-tooltip='Compartir en Facebook' rel=\"noopener\"><span class='avia_hidden_link_text'>Compartir en Facebook<\/span><\/a><\/li><li class='av-share-link av-social-link-twitter' ><a target=\"_blank\" aria-label=\"Compartir en Twitter\" href='https:\/\/twitter.com\/share?text=C%C3%B3ndores%20rehabilitados%20ser%C3%A1n%20trasladados%20a%20Parque%20Nacional%20Patagonia%20para%20ser%20liberados&#038;url=https:\/\/radiorevelacionfm.cl\/?p=11606' aria-hidden='false' data-av_icon='\ue8f1' data-av_iconfont='entypo-fontello' title='' data-avia-related-tooltip='Compartir en Twitter' rel=\"noopener\"><span class='avia_hidden_link_text'>Compartir en Twitter<\/span><\/a><\/li><li class='av-share-link av-social-link-whatsapp' ><a target=\"_blank\" aria-label=\"Compartir en Whatsapp\" href='https:\/\/api.whatsapp.com\/send?text=https:\/\/radiorevelacionfm.cl\/?p=11606' aria-hidden='false' data-av_icon='\uf232' data-av_iconfont='entypo-fontello' title='' data-avia-related-tooltip='Compartir en Whatsapp' rel=\"noopener\"><span class='avia_hidden_link_text'>Compartir en Whatsapp<\/span><\/a><\/li><li class='av-share-link av-social-link-linkedin' ><a target=\"_blank\" aria-label=\"Compartir en LinkedIn\" href='https:\/\/linkedin.com\/shareArticle?mini=true&#038;title=C%C3%B3ndores%20rehabilitados%20ser%C3%A1n%20trasladados%20a%20Parque%20Nacional%20Patagonia%20para%20ser%20liberados&#038;url=https:\/\/radiorevelacionfm.cl\/?p=11606' aria-hidden='false' data-av_icon='\ue8fc' data-av_iconfont='entypo-fontello' title='' data-avia-related-tooltip='Compartir en LinkedIn' rel=\"noopener\"><span class='avia_hidden_link_text'>Compartir en LinkedIn<\/span><\/a><\/li><li class='av-share-link av-social-link-mail' ><a  aria-label=\"Compartir por correo\" href='mailto:?subject=C%C3%B3ndores%20rehabilitados%20ser%C3%A1n%20trasladados%20a%20Parque%20Nacional%20Patagonia%20para%20ser%20liberados&#038;body=https:\/\/radiorevelacionfm.cl\/?p=11606' aria-hidden='false' data-av_icon='\ue805' data-av_iconfont='entypo-fontello' title='' data-avia-related-tooltip='Compartir por correo'><span class='avia_hidden_link_text'>Compartir por correo<\/span><\/a><\/li><\/ul><\/div><\/div>\n<div  style='height:50px' class='hr hr-invisible   avia-builder-el-8  el_after_av_social_share  el_before_av_comments_list '><span class='hr-inner ' ><span class='hr-inner-style'><\/span><\/span><\/div>\n<div  class='av-buildercomment  av-blog-meta-html-info-disabled av-blog-meta-tag-disabled  '><\/div>\n","protected":false},"excerpt":{"rendered":"","protected":false},"author":1,"featured_media":11607,"comment_status":"open","ping_status":"open","sticky":false,"template":"","format":"standard","meta":{"footnotes":""},"categories":[38],"tags":[],"class_list":["post-11606","post","type-post","status-publish","format-standard","has-post-thumbnail","hentry","category-regional"],"jetpack_featured_media_url":"https:\/\/radiorevelacionfm.cl\/wp-content\/uploads\/2021\/12\/Credito-Archivo-fotografico-Fundacion-Rewilding-Chile-2-2.jpg","_links":{"self":[{"href":"https:\/\/radiorevelacionfm.cl\/index.php?rest_route=\/wp\/v2\/posts\/11606","targetHints":{"allow":["GET"]}}],"collection":[{"href":"https:\/\/radiorevelacionfm.cl\/index.php?rest_route=\/wp\/v2\/posts"}],"about":[{"href":"https:\/\/radiorevelacionfm.cl\/index.php?rest_route=\/wp\/v2\/types\/post"}],"author":[{"embeddable":true,"href":"https:\/\/radiorevelacionfm.cl\/index.php?rest_route=\/wp\/v2\/users\/1"}],"replies":[{"embeddable":true,"href":"https:\/\/radiorevelacionfm.cl\/index.php?rest_route=%2Fwp%2Fv2%2Fcomments&post=11606"}],"version-history":[{"count":3,"href":"https:\/\/radiorevelacionfm.cl\/index.php?rest_route=\/wp\/v2\/posts\/11606\/revisions"}],"predecessor-version":[{"id":11609,"href":"https:\/\/radiorevelacionfm.cl\/index.php?rest_route=\/wp\/v2\/posts\/11606\/revisions\/11609"}],"wp:featuredmedia":[{"embeddable":true,"href":"https:\/\/radiorevelacionfm.cl\/index.php?rest_route=\/wp\/v2\/media\/11607"}],"wp:attachment":[{"href":"https:\/\/radiorevelacionfm.cl\/index.php?rest_route=%2Fwp%2Fv2%2Fmedia&parent=11606"}],"wp:term":[{"taxonomy":"category","embeddable":true,"href":"https:\/\/radiorevelacionfm.cl\/index.php?rest_route=%2Fwp%2Fv2%2Fcategories&post=11606"},{"taxonomy":"post_tag","embeddable":true,"href":"https:\/\/radiorevelacionfm.cl\/index.php?rest_route=%2Fwp%2Fv2%2Ftags&post=11606"}],"curies":[{"name":"wp","href":"https:\/\/api.w.org\/{rel}","templated":true}]}}