{"id":11602,"date":"2021-12-07T23:05:14","date_gmt":"2021-12-08T02:05:14","guid":{"rendered":"https:\/\/radiorevelacionfm.cl\/?p=11602"},"modified":"2021-12-07T23:05:14","modified_gmt":"2021-12-08T02:05:14","slug":"mesa-regional-de-prevencion-de-incendios-forestales-se-reune-para-coordinar-trabajo","status":"publish","type":"post","link":"https:\/\/radiorevelacionfm.cl\/?p=11602","title":{"rendered":"Mesa regional de prevenci\u00f3n de incendios forestales se re\u00fane para coordinar trabajo"},"content":{"rendered":"<div class=\"flex_column av_one_full  flex_column_div av-zero-column-padding first  avia-builder-el-0  el_before_av_one_full  avia-builder-el-first  \" style='border-radius:0px; '><div  class='avia-image-container  av-styling-    avia-builder-el-1  avia-builder-el-no-sibling  avia-align-center '  itemprop=\"image\" itemscope=\"itemscope\" itemtype=\"https:\/\/schema.org\/ImageObject\"  ><div class='avia-image-container-inner'><div class='avia-image-overlay-wrap'><img decoding=\"async\" class='wp-image-11603 avia-img-lazy-loading-not-11603 avia_image' src=\"https:\/\/radiorevelacionfm.cl\/wp-content\/uploads\/2021\/12\/Captura-de-Pantalla-2021-11-25-a-las-15.35.45-2-2.jpg\" alt='' title='Captura de Pantalla 2021-11-25 a la(s) 15.35.45-2-2' height=\"600\" width=\"1085\"  itemprop=\"thumbnailUrl\" srcset=\"https:\/\/radiorevelacionfm.cl\/wp-content\/uploads\/2021\/12\/Captura-de-Pantalla-2021-11-25-a-las-15.35.45-2-2.jpg 1085w, https:\/\/radiorevelacionfm.cl\/wp-content\/uploads\/2021\/12\/Captura-de-Pantalla-2021-11-25-a-las-15.35.45-2-2-300x166.jpg 300w, https:\/\/radiorevelacionfm.cl\/wp-content\/uploads\/2021\/12\/Captura-de-Pantalla-2021-11-25-a-las-15.35.45-2-2-1030x570.jpg 1030w, https:\/\/radiorevelacionfm.cl\/wp-content\/uploads\/2021\/12\/Captura-de-Pantalla-2021-11-25-a-las-15.35.45-2-2-768x425.jpg 768w, https:\/\/radiorevelacionfm.cl\/wp-content\/uploads\/2021\/12\/Captura-de-Pantalla-2021-11-25-a-las-15.35.45-2-2-705x390.jpg 705w, https:\/\/radiorevelacionfm.cl\/wp-content\/uploads\/2021\/12\/Captura-de-Pantalla-2021-11-25-a-las-15.35.45-2-2-600x332.jpg 600w\" sizes=\"(max-width: 1085px) 100vw, 1085px\" \/><\/div><\/div><\/div><\/div><div class=\"flex_column av_one_full  flex_column_div av-zero-column-padding first  avia-builder-el-2  el_after_av_one_full  el_before_av_one_full  column-top-margin\" style='border-radius:0px; '><section class=\"av_textblock_section \"  itemscope=\"itemscope\" itemtype=\"https:\/\/schema.org\/BlogPosting\" itemprop=\"blogPost\" ><div class='avia_textblock  '   itemprop=\"text\" ><p style=\"text-align: center;\"><strong><span style=\"font-size: 18pt;\">Mesa regional de prevenci\u00f3n de incendios forestales se re\u00fane para coordinar trabajo<\/span><\/strong><\/p>\n<div id=\"gtx-trans\" style=\"position: absolute; left: -50px; top: 4.31534px;\">\n<div class=\"gtx-trans-icon\"><\/div>\n<\/div>\n<\/div><\/section><\/div><div class=\"flex_column av_one_full  flex_column_div av-zero-column-padding first  avia-builder-el-4  el_after_av_one_full  el_before_av_hr  column-top-margin\" style='border-radius:0px; '><section class=\"av_textblock_section \"  itemscope=\"itemscope\" itemtype=\"https:\/\/schema.org\/BlogPosting\" itemprop=\"blogPost\" ><div class='avia_textblock  '   itemprop=\"text\" ><p style=\"text-align: justify;\">La gesti\u00f3n de prevenci\u00f3n de incendios forestales requiere de un trabajo permanente y con vinculaci\u00f3n territorial, elementos que se vieron alterados por la situaci\u00f3n de pandemia. Para hacer frente a este inconveniente y dar cumplimiento a la labor de prevenci\u00f3n, desde el a\u00f1o pasado se estableci\u00f3 como estrategia conformar una mesa de prevenci\u00f3n regional que funciona bajo la modalidad telem\u00e1tica.<\/p>\n<p style=\"text-align: justify;\">En efecto, junto a Onemi regional se planific\u00f3 el trabajo regional con vinculaci\u00f3n comunal, lo que ha resultado muy eficaz como herramienta de adaptaci\u00f3n para seguir trabajando durante la emergencia sanitaria, ya que ha facilitado trabajar en tiempo real y directo con distintas comunidades e instituciones al mismo tiempo.<\/p>\n<p style=\"text-align: justify;\">\u201cLa \u00faltima reuni\u00f3n de la mesa de prevenci\u00f3n fue realizada en el mes de agosto, en donde el principal producto era la confecci\u00f3n de los planes de protecci\u00f3n de las comunas de Cochrane, Chile Chico y de Ays\u00e9n, los cuales en la presente oportunidad se informan como operativos y en funcionamiento. Seg\u00fan comenta Juan Eduardo Barrientos,\u00a0 Jefe de Secci\u00f3n Prevenci\u00f3n Incendios Forestales de la Corporaci\u00f3n Nacional Forestal y quien encabez\u00f3 esta mesa telem\u00e1tica.<\/p>\n<p style=\"text-align: justify;\">En la oportunidad tambi\u00e9n se coment\u00f3 respecto de la necesidad de anticipaci\u00f3n a situaciones que se visualizan complejas, indic\u00f3 por ejemplo que \u201cDetectamos que se est\u00e1 iniciando \u00a0el aumento de visitas en la regi\u00f3n, lo que puede generar \u00a0uso del fuego en lugares no habilitados y por ende se aumenta el riesgo de incendios forestales\u201d.<\/p>\n<p style=\"text-align: justify;\">Otro gran elemento de trabajo que se ha trabajado en la mesa de prevenci\u00f3n tiene que ver con \u00a0restricciones importantes en el verano del uso del fuego para faenas silvoagropecuarias, las cuales a partir del 15 de diciembre y hasta el 15 de marzo no se podr\u00e1n ejecutar.<\/p>\n<p style=\"text-align: justify;\">Por su parte Andr\u00e9s Bobadilla Labarca, director regional de CONAF Ays\u00e9n, se\u00f1al\u00f3 que es importante tener claridad del escenario que se puede tener en periodo estival, por lo que es muy necesario un trabajo mancomunado con diferentes entidades adem\u00e1s de reforzar los canales de comunicaci\u00f3n entre ellas.<\/p>\n<p style=\"text-align: justify;\">\u201cEl conformar esta mesa telem\u00e1tica ha sido muynteresante porque se trabaja en tiempo real, adem\u00e1s ha permitido evaluar cuales son los elementos o la variable m\u00e1s importante que vamos a tener que atender en forma anticipada respecto a la temporada estival que viene que trae asociado riesgo de incendio, sobre todo en comunas del \u00e1rea oriental de la regi\u00f3n de Ays\u00e9n como lo son Lago Verde, Coyhaique, Cochrane, Iba\u00f1ez y Chile Chico, porque son las que tienen la prioridad en cuanto a planes de prevenci\u00f3n por su clima\u201d\u00a0 argument\u00f3 el director .<\/p>\n<p style=\"text-align: justify;\">Es preciso recordar que la ciudadan\u00eda puede cooperar en denunciar quemas no autorizadas como tambi\u00e9n incendios forestales llamando al 130 de CONAF o tambi\u00e9n a los n\u00fameros de emergencia como el 132, 133 o 134 porque prevenir un incendio forestal es m\u00e1s f\u00e1cil que combatirlo.<\/p>\n<\/div><\/section><\/div><div  style='height:50px' class='hr hr-invisible   avia-builder-el-6  el_after_av_one_full  el_before_av_social_share '><span class='hr-inner ' ><span class='hr-inner-style'><\/span><\/span><\/div><\/p>\n<div  class='av-social-sharing-box  avia-builder-el-7  el_after_av_hr  el_before_av_hr  '><div class='av-share-box'><h5 class='av-share-link-description av-no-toc '>Compartir esta noticia<\/h5><ul class='av-share-box-list noLightbox'><li class='av-share-link av-social-link-facebook' ><a target=\"_blank\" aria-label=\"Compartir en Facebook\" href='https:\/\/www.facebook.com\/sharer.php?u=https:\/\/radiorevelacionfm.cl\/?p=11602&#038;t=Mesa%20regional%20de%20prevenci%C3%B3n%20de%20incendios%20forestales%20se%20re%C3%BAne%20para%20coordinar%20trabajo' aria-hidden='false' data-av_icon='\ue8f3' data-av_iconfont='entypo-fontello' title='' data-avia-related-tooltip='Compartir en Facebook' rel=\"noopener\"><span class='avia_hidden_link_text'>Compartir en Facebook<\/span><\/a><\/li><li class='av-share-link av-social-link-twitter' ><a target=\"_blank\" aria-label=\"Compartir en Twitter\" href='https:\/\/twitter.com\/share?text=Mesa%20regional%20de%20prevenci%C3%B3n%20de%20incendios%20forestales%20se%20re%C3%BAne%20para%20coordinar%20trabajo&#038;url=https:\/\/radiorevelacionfm.cl\/?p=11602' aria-hidden='false' data-av_icon='\ue8f1' data-av_iconfont='entypo-fontello' title='' data-avia-related-tooltip='Compartir en Twitter' rel=\"noopener\"><span class='avia_hidden_link_text'>Compartir en Twitter<\/span><\/a><\/li><li class='av-share-link av-social-link-whatsapp' ><a target=\"_blank\" aria-label=\"Compartir en Whatsapp\" href='https:\/\/api.whatsapp.com\/send?text=https:\/\/radiorevelacionfm.cl\/?p=11602' aria-hidden='false' data-av_icon='\uf232' data-av_iconfont='entypo-fontello' title='' data-avia-related-tooltip='Compartir en Whatsapp' rel=\"noopener\"><span class='avia_hidden_link_text'>Compartir en Whatsapp<\/span><\/a><\/li><li class='av-share-link av-social-link-linkedin' ><a target=\"_blank\" aria-label=\"Compartir en LinkedIn\" href='https:\/\/linkedin.com\/shareArticle?mini=true&#038;title=Mesa%20regional%20de%20prevenci%C3%B3n%20de%20incendios%20forestales%20se%20re%C3%BAne%20para%20coordinar%20trabajo&#038;url=https:\/\/radiorevelacionfm.cl\/?p=11602' aria-hidden='false' data-av_icon='\ue8fc' data-av_iconfont='entypo-fontello' title='' data-avia-related-tooltip='Compartir en LinkedIn' rel=\"noopener\"><span class='avia_hidden_link_text'>Compartir en LinkedIn<\/span><\/a><\/li><li class='av-share-link av-social-link-mail' ><a  aria-label=\"Compartir por correo\" href='mailto:?subject=Mesa%20regional%20de%20prevenci%C3%B3n%20de%20incendios%20forestales%20se%20re%C3%BAne%20para%20coordinar%20trabajo&#038;body=https:\/\/radiorevelacionfm.cl\/?p=11602' aria-hidden='false' data-av_icon='\ue805' data-av_iconfont='entypo-fontello' title='' data-avia-related-tooltip='Compartir por correo'><span class='avia_hidden_link_text'>Compartir por correo<\/span><\/a><\/li><\/ul><\/div><\/div>\n<div  style='height:50px' class='hr hr-invisible   avia-builder-el-8  el_after_av_social_share  el_before_av_comments_list '><span class='hr-inner ' ><span class='hr-inner-style'><\/span><\/span><\/div>\n<div  class='av-buildercomment  av-blog-meta-html-info-disabled av-blog-meta-tag-disabled  '><\/div>\n","protected":false},"excerpt":{"rendered":"","protected":false},"author":1,"featured_media":11603,"comment_status":"open","ping_status":"open","sticky":false,"template":"","format":"standard","meta":{"footnotes":""},"categories":[38],"tags":[],"class_list":["post-11602","post","type-post","status-publish","format-standard","has-post-thumbnail","hentry","category-regional"],"jetpack_featured_media_url":"https:\/\/radiorevelacionfm.cl\/wp-content\/uploads\/2021\/12\/Captura-de-Pantalla-2021-11-25-a-las-15.35.45-2-2.jpg","_links":{"self":[{"href":"https:\/\/radiorevelacionfm.cl\/index.php?rest_route=\/wp\/v2\/posts\/11602","targetHints":{"allow":["GET"]}}],"collection":[{"href":"https:\/\/radiorevelacionfm.cl\/index.php?rest_route=\/wp\/v2\/posts"}],"about":[{"href":"https:\/\/radiorevelacionfm.cl\/index.php?rest_route=\/wp\/v2\/types\/post"}],"author":[{"embeddable":true,"href":"https:\/\/radiorevelacionfm.cl\/index.php?rest_route=\/wp\/v2\/users\/1"}],"replies":[{"embeddable":true,"href":"https:\/\/radiorevelacionfm.cl\/index.php?rest_route=%2Fwp%2Fv2%2Fcomments&post=11602"}],"version-history":[{"count":2,"href":"https:\/\/radiorevelacionfm.cl\/index.php?rest_route=\/wp\/v2\/posts\/11602\/revisions"}],"predecessor-version":[{"id":11605,"href":"https:\/\/radiorevelacionfm.cl\/index.php?rest_route=\/wp\/v2\/posts\/11602\/revisions\/11605"}],"wp:featuredmedia":[{"embeddable":true,"href":"https:\/\/radiorevelacionfm.cl\/index.php?rest_route=\/wp\/v2\/media\/11603"}],"wp:attachment":[{"href":"https:\/\/radiorevelacionfm.cl\/index.php?rest_route=%2Fwp%2Fv2%2Fmedia&parent=11602"}],"wp:term":[{"taxonomy":"category","embeddable":true,"href":"https:\/\/radiorevelacionfm.cl\/index.php?rest_route=%2Fwp%2Fv2%2Fcategories&post=11602"},{"taxonomy":"post_tag","embeddable":true,"href":"https:\/\/radiorevelacionfm.cl\/index.php?rest_route=%2Fwp%2Fv2%2Ftags&post=11602"}],"curies":[{"name":"wp","href":"https:\/\/api.w.org\/{rel}","templated":true}]}}