{"id":11598,"date":"2021-12-07T22:40:41","date_gmt":"2021-12-08T01:40:41","guid":{"rendered":"https:\/\/radiorevelacionfm.cl\/?p=11598"},"modified":"2021-12-07T22:40:41","modified_gmt":"2021-12-08T01:40:41","slug":"intervencion-navidena-da-inicio-a-las-festividades-con-ornamentacion-unica-en-la-region","status":"publish","type":"post","link":"https:\/\/radiorevelacionfm.cl\/?p=11598","title":{"rendered":"Intervenci\u00f3n navide\u00f1a da inicio a las festividades con ornamentaci\u00f3n \u00fanica en la regi\u00f3n"},"content":{"rendered":"<div class=\"flex_column av_one_full  flex_column_div av-zero-column-padding first  avia-builder-el-0  el_before_av_one_full  avia-builder-el-first  \" style='border-radius:0px; '><div  class='avia-image-container  av-styling-    avia-builder-el-1  avia-builder-el-no-sibling  avia-align-center '  itemprop=\"image\" itemscope=\"itemscope\" itemtype=\"https:\/\/schema.org\/ImageObject\"  ><div class='avia-image-container-inner'><div class='avia-image-overlay-wrap'><img decoding=\"async\" class='wp-image-11599 avia-img-lazy-loading-not-11599 avia_image' src=\"https:\/\/radiorevelacionfm.cl\/wp-content\/uploads\/2021\/12\/inauguracion-intervencion-navidena-foto-5-2_optimized.jpg\" alt='' title='inauguraci\u00f3n-intervenci\u00f3n-navide\u00f1a---foto-5-2_optimized' height=\"600\" width=\"900\"  itemprop=\"thumbnailUrl\" srcset=\"https:\/\/radiorevelacionfm.cl\/wp-content\/uploads\/2021\/12\/inauguracion-intervencion-navidena-foto-5-2_optimized.jpg 900w, https:\/\/radiorevelacionfm.cl\/wp-content\/uploads\/2021\/12\/inauguracion-intervencion-navidena-foto-5-2_optimized-300x200.jpg 300w, https:\/\/radiorevelacionfm.cl\/wp-content\/uploads\/2021\/12\/inauguracion-intervencion-navidena-foto-5-2_optimized-768x512.jpg 768w, https:\/\/radiorevelacionfm.cl\/wp-content\/uploads\/2021\/12\/inauguracion-intervencion-navidena-foto-5-2_optimized-705x470.jpg 705w, https:\/\/radiorevelacionfm.cl\/wp-content\/uploads\/2021\/12\/inauguracion-intervencion-navidena-foto-5-2_optimized-600x400.jpg 600w\" sizes=\"(max-width: 900px) 100vw, 900px\" \/><\/div><\/div><\/div><\/div><div class=\"flex_column av_one_full  flex_column_div av-zero-column-padding first  avia-builder-el-2  el_after_av_one_full  el_before_av_one_full  column-top-margin\" style='border-radius:0px; '><section class=\"av_textblock_section \"  itemscope=\"itemscope\" itemtype=\"https:\/\/schema.org\/BlogPosting\" itemprop=\"blogPost\" ><div class='avia_textblock  '   itemprop=\"text\" ><p style=\"text-align: center;\"><strong><span style=\"font-size: 18pt;\">Intervenci\u00f3n navide\u00f1a da inicio a las festividades con ornamentaci\u00f3n \u00fanica en la regi\u00f3n<\/span><\/strong><\/p>\n<div id=\"gtx-trans\" style=\"position: absolute; left: -50px; top: 4.31534px;\">\n<div class=\"gtx-trans-icon\"><\/div>\n<\/div>\n<\/div><\/section><\/div><div class=\"flex_column av_one_full  flex_column_div av-zero-column-padding first  avia-builder-el-4  el_after_av_one_full  el_before_av_hr  column-top-margin\" style='border-radius:0px; '><section class=\"av_textblock_section \"  itemscope=\"itemscope\" itemtype=\"https:\/\/schema.org\/BlogPosting\" itemprop=\"blogPost\" ><div class='avia_textblock  '   itemprop=\"text\" ><p style=\"text-align: justify;\">La actividad que marc\u00f3 un hito en la Regi\u00f3n de Ays\u00e9n ad portas de las festividades navide\u00f1as y fin de a\u00f1o, posibilit\u00f3 una instancia de recogimiento y encuentro para la comunidad local, la cual cont\u00f3 con la participaci\u00f3n cultural de la Mesa Comunal del Folclor para amenizar la instancia a trav\u00e9s de diversos villancicos.<\/p>\n<p style=\"text-align: justify;\">En un intenso trabajo que despleg\u00f3 la casa edilicia de Ays\u00e9n a trav\u00e9s de la Direcci\u00f3n de Aseo, Ornato y Medio Ambiente (DAOMA), se desarrollaron distintas intervenciones a espacios p\u00fablicos para adornar por medio de formas y figuras recubiertas de luces led gran parte del territorio. La inauguraci\u00f3n estuvo a cargo del alcalde Julio Uribe Alvarado, quien adem\u00e1s aprovech\u00f3 la instancia para agradecer a los concejales que aprobaron la modificaci\u00f3n presupuestaria para llevar adelante la actividad.<\/p>\n<p style=\"text-align: justify;\">Estrellas, personas, \u00e1rboles, pesebres, pascueros, entre otras figuras, marcan hoy una acci\u00f3n in\u00e9dita en la regi\u00f3n y que tiene a Puerto Ays\u00e9n conmovido para vivir con mucha alegr\u00eda las celebraciones navide\u00f1as y de fin de a\u00f1o. Estas labores comenzaron desde el mes de octubre, tras la aprobaci\u00f3n de recursos por parte del Honorable Concejo Municipal de Ays\u00e9n e incluyeron extensas jornadas de trabajo. Un compromiso que fue transversalmente valorado por la gente de Ays\u00e9n en la ceremonia de encendido efectuada desde la Plaza de Armas de Puerto Ays\u00e9n.<\/p>\n<p style=\"text-align: justify;\">En este sentido, el alcalde de Ays\u00e9n Julio Uribe Alvarado, felicit\u00f3 a todo el personal de DAOMA. \u201cHan trabajado muchas horas para que esto pueda ser realidad, durante varios meses, desde que se aprobaron los recursos gracias al Concejo Municipal\u201d. Fue as\u00ed como tambi\u00e9n, el l\u00edder comunal apreci\u00f3 la decisi\u00f3n adoptada por los concejales: Tatiana Villarroel, Jorge Figueroa y Gabriel Mu\u00f1oz, quienes votaron a favor de hacer esto para la comunidad.<\/p>\n<p style=\"text-align: justify;\">Uribe Alvarado, adem\u00e1s agreg\u00f3 que \u201cla familia hoy d\u00eda lo est\u00e1 disfrutando, tenemos un Ays\u00e9n adornado. El mejor trabajo brindado por el equipo municipal es la uni\u00f3n y espiritualidad que hoy se ven reflejados en estos \u00e1ngeles, en la familia del ni\u00f1o Dios y eso no tenemos que perderlo de vista. As\u00ed es que, es importante aprovechar estos d\u00edas\u201d.<\/p>\n<p style=\"text-align: justify;\">Por su parte, el director de Aseo, Ornato y Medio Ambiente del municipio aysenino, Jorge Hurtado Pinela, declar\u00f3 su felicidad ante la materializaci\u00f3n de esta iniciativa \u201caqu\u00ed se ve graficado muchas horas de trabajo y sacrificio puestas a disposici\u00f3n de la comunidad, existen muchas personas a las cuales agradecer, sobre todo al equipo de DAOMA, entre los el\u00e9ctricos, soldadores, maestros, choferes, \u00e1reas verdes, los programas empleos. Hay mucha gente involucrada, agradecer igual a los departamentos y direcciones del municipio; estoy bastante contento con el resultado y esto es para la comuna, para todos nosotros los ayseninos, hoy por hoy la ciudad se ve m\u00e1s embellecida a\u00fan\u201d expres\u00f3 el personero municipal.<\/p>\n<p style=\"text-align: justify;\">Entre los asistentes a la actividad se encontraba el Convencional Constituyente, Tomas Laibe, quien se mostr\u00f3 gratamente sorprendido por el accionar municipal, enfatizando que \u201ca veces esperamos a que se hagan tremendos actos culturales, con grandes artistas y la verdad es que esto nos demuestra que peque\u00f1os gestos, nos pueden ayudar a que la gente se encuentre, que la comunidad se fortalezca; son las iniciativas que necesitamos\u201d. Todo esto a su juicio, contribuye con la necesidad de las comunidades de volver a encontrarse en el actual contexto, felicitando al alcalde y al concejo por este tipo de iniciativas.<\/p>\n<p style=\"text-align: justify;\">Finalmente, Alba, vecina de la localidad, quien presenci\u00f3 la inauguraci\u00f3n indic\u00f3 que su asistencia tiene relaci\u00f3n con los gustos expresados por sus ni\u00f1os en este tipo de actividades, manifestando de igual manera, su impresi\u00f3n positiva ante el intenso despliegue efectuado por el municipio y que incluy\u00f3 aumentar la luminosidad de la principal avenida de la ciudad, emplazada en la calle Sargento Aldea.<\/p>\n<\/div><\/section><\/div><div  style='height:50px' class='hr hr-invisible   avia-builder-el-6  el_after_av_one_full  el_before_av_social_share '><span class='hr-inner ' ><span class='hr-inner-style'><\/span><\/span><\/div><\/p>\n<div  class='av-social-sharing-box  avia-builder-el-7  el_after_av_hr  el_before_av_hr  '><div class='av-share-box'><h5 class='av-share-link-description av-no-toc '>Compartir esta noticia<\/h5><ul class='av-share-box-list noLightbox'><li class='av-share-link av-social-link-facebook' ><a target=\"_blank\" aria-label=\"Compartir en Facebook\" href='https:\/\/www.facebook.com\/sharer.php?u=https:\/\/radiorevelacionfm.cl\/?p=11598&#038;t=Intervenci%C3%B3n%20navide%C3%B1a%20da%20inicio%20a%20las%20festividades%20con%20ornamentaci%C3%B3n%20%C3%BAnica%20en%20la%20regi%C3%B3n' aria-hidden='false' data-av_icon='\ue8f3' data-av_iconfont='entypo-fontello' title='' data-avia-related-tooltip='Compartir en Facebook' rel=\"noopener\"><span class='avia_hidden_link_text'>Compartir en Facebook<\/span><\/a><\/li><li class='av-share-link av-social-link-twitter' ><a target=\"_blank\" aria-label=\"Compartir en Twitter\" href='https:\/\/twitter.com\/share?text=Intervenci%C3%B3n%20navide%C3%B1a%20da%20inicio%20a%20las%20festividades%20con%20ornamentaci%C3%B3n%20%C3%BAnica%20en%20la%20regi%C3%B3n&#038;url=https:\/\/radiorevelacionfm.cl\/?p=11598' aria-hidden='false' data-av_icon='\ue8f1' data-av_iconfont='entypo-fontello' title='' data-avia-related-tooltip='Compartir en Twitter' rel=\"noopener\"><span class='avia_hidden_link_text'>Compartir en Twitter<\/span><\/a><\/li><li class='av-share-link av-social-link-whatsapp' ><a target=\"_blank\" aria-label=\"Compartir en Whatsapp\" href='https:\/\/api.whatsapp.com\/send?text=https:\/\/radiorevelacionfm.cl\/?p=11598' aria-hidden='false' data-av_icon='\uf232' data-av_iconfont='entypo-fontello' title='' data-avia-related-tooltip='Compartir en Whatsapp' rel=\"noopener\"><span class='avia_hidden_link_text'>Compartir en Whatsapp<\/span><\/a><\/li><li class='av-share-link av-social-link-linkedin' ><a target=\"_blank\" aria-label=\"Compartir en LinkedIn\" href='https:\/\/linkedin.com\/shareArticle?mini=true&#038;title=Intervenci%C3%B3n%20navide%C3%B1a%20da%20inicio%20a%20las%20festividades%20con%20ornamentaci%C3%B3n%20%C3%BAnica%20en%20la%20regi%C3%B3n&#038;url=https:\/\/radiorevelacionfm.cl\/?p=11598' aria-hidden='false' data-av_icon='\ue8fc' data-av_iconfont='entypo-fontello' title='' data-avia-related-tooltip='Compartir en LinkedIn' rel=\"noopener\"><span class='avia_hidden_link_text'>Compartir en LinkedIn<\/span><\/a><\/li><li class='av-share-link av-social-link-mail' ><a  aria-label=\"Compartir por correo\" href='mailto:?subject=Intervenci%C3%B3n%20navide%C3%B1a%20da%20inicio%20a%20las%20festividades%20con%20ornamentaci%C3%B3n%20%C3%BAnica%20en%20la%20regi%C3%B3n&#038;body=https:\/\/radiorevelacionfm.cl\/?p=11598' aria-hidden='false' data-av_icon='\ue805' data-av_iconfont='entypo-fontello' title='' data-avia-related-tooltip='Compartir por correo'><span class='avia_hidden_link_text'>Compartir por correo<\/span><\/a><\/li><\/ul><\/div><\/div>\n<div  style='height:50px' class='hr hr-invisible   avia-builder-el-8  el_after_av_social_share  el_before_av_comments_list '><span class='hr-inner ' ><span class='hr-inner-style'><\/span><\/span><\/div>\n<div  class='av-buildercomment  av-blog-meta-html-info-disabled av-blog-meta-tag-disabled  '><\/div>\n","protected":false},"excerpt":{"rendered":"","protected":false},"author":1,"featured_media":11599,"comment_status":"open","ping_status":"open","sticky":false,"template":"","format":"standard","meta":{"footnotes":""},"categories":[38],"tags":[],"class_list":["post-11598","post","type-post","status-publish","format-standard","has-post-thumbnail","hentry","category-regional"],"jetpack_featured_media_url":"https:\/\/radiorevelacionfm.cl\/wp-content\/uploads\/2021\/12\/inauguracion-intervencion-navidena-foto-5-2_optimized.jpg","_links":{"self":[{"href":"https:\/\/radiorevelacionfm.cl\/index.php?rest_route=\/wp\/v2\/posts\/11598","targetHints":{"allow":["GET"]}}],"collection":[{"href":"https:\/\/radiorevelacionfm.cl\/index.php?rest_route=\/wp\/v2\/posts"}],"about":[{"href":"https:\/\/radiorevelacionfm.cl\/index.php?rest_route=\/wp\/v2\/types\/post"}],"author":[{"embeddable":true,"href":"https:\/\/radiorevelacionfm.cl\/index.php?rest_route=\/wp\/v2\/users\/1"}],"replies":[{"embeddable":true,"href":"https:\/\/radiorevelacionfm.cl\/index.php?rest_route=%2Fwp%2Fv2%2Fcomments&post=11598"}],"version-history":[{"count":2,"href":"https:\/\/radiorevelacionfm.cl\/index.php?rest_route=\/wp\/v2\/posts\/11598\/revisions"}],"predecessor-version":[{"id":11601,"href":"https:\/\/radiorevelacionfm.cl\/index.php?rest_route=\/wp\/v2\/posts\/11598\/revisions\/11601"}],"wp:featuredmedia":[{"embeddable":true,"href":"https:\/\/radiorevelacionfm.cl\/index.php?rest_route=\/wp\/v2\/media\/11599"}],"wp:attachment":[{"href":"https:\/\/radiorevelacionfm.cl\/index.php?rest_route=%2Fwp%2Fv2%2Fmedia&parent=11598"}],"wp:term":[{"taxonomy":"category","embeddable":true,"href":"https:\/\/radiorevelacionfm.cl\/index.php?rest_route=%2Fwp%2Fv2%2Fcategories&post=11598"},{"taxonomy":"post_tag","embeddable":true,"href":"https:\/\/radiorevelacionfm.cl\/index.php?rest_route=%2Fwp%2Fv2%2Ftags&post=11598"}],"curies":[{"name":"wp","href":"https:\/\/api.w.org\/{rel}","templated":true}]}}