{"id":11595,"date":"2021-12-07T22:05:20","date_gmt":"2021-12-08T01:05:20","guid":{"rendered":"https:\/\/radiorevelacionfm.cl\/?p=11595"},"modified":"2021-12-07T22:05:20","modified_gmt":"2021-12-08T01:05:20","slug":"proyecto-que-disminuye-el-impuesto-especifico-a-los-combustibles-en-zonas-extremas-es-declarado-admisible","status":"publish","type":"post","link":"https:\/\/radiorevelacionfm.cl\/?p=11595","title":{"rendered":"Proyecto que disminuye el impuesto espec\u00edfico a los combustibles en zonas extremas es declarado admisible"},"content":{"rendered":"<div class=\"flex_column av_one_full  flex_column_div av-zero-column-padding first  avia-builder-el-0  el_before_av_one_full  avia-builder-el-first  \" style='border-radius:0px; '><div  class='avia-image-container  av-styling-    avia-builder-el-1  avia-builder-el-no-sibling  avia-align-center '  itemprop=\"image\" itemscope=\"itemscope\" itemtype=\"https:\/\/schema.org\/ImageObject\"  ><div class='avia-image-container-inner'><div class='avia-image-overlay-wrap'><img decoding=\"async\" class='wp-image-6047 avia-img-lazy-loading-not-6047 avia_image' src=\"https:\/\/radiorevelacionfm.cl\/wp-content\/uploads\/2021\/07\/Combustibles.jpg\" alt='' title='Combustibles' height=\"600\" width=\"900\"  itemprop=\"thumbnailUrl\" srcset=\"https:\/\/radiorevelacionfm.cl\/wp-content\/uploads\/2021\/07\/Combustibles.jpg 900w, https:\/\/radiorevelacionfm.cl\/wp-content\/uploads\/2021\/07\/Combustibles-300x200.jpg 300w, https:\/\/radiorevelacionfm.cl\/wp-content\/uploads\/2021\/07\/Combustibles-768x512.jpg 768w, https:\/\/radiorevelacionfm.cl\/wp-content\/uploads\/2021\/07\/Combustibles-705x470.jpg 705w, https:\/\/radiorevelacionfm.cl\/wp-content\/uploads\/2021\/07\/Combustibles-600x400.jpg 600w\" sizes=\"(max-width: 900px) 100vw, 900px\" \/><\/div><\/div><\/div><\/div><div class=\"flex_column av_one_full  flex_column_div av-zero-column-padding first  avia-builder-el-2  el_after_av_one_full  el_before_av_one_full  column-top-margin\" style='border-radius:0px; '><section class=\"av_textblock_section \"  itemscope=\"itemscope\" itemtype=\"https:\/\/schema.org\/BlogPosting\" itemprop=\"blogPost\" ><div class='avia_textblock  '   itemprop=\"text\" ><h2 class=\"title\" style=\"text-align: center;\"><span style=\"font-size: 18pt; color: #ffcc00;\">Proyecto que disminuye el impuesto espec\u00edfico a los combustibles en zonas extremas es declarado admisible<\/span><\/h2>\n<div id=\"gtx-trans\" style=\"position: absolute; left: -50px; top: 4.31534px;\">\n<div class=\"gtx-trans-icon\"><\/div>\n<\/div>\n<\/div><\/section><\/div><div class=\"flex_column av_one_full  flex_column_div av-zero-column-padding first  avia-builder-el-4  el_after_av_one_full  el_before_av_hr  column-top-margin\" style='border-radius:0px; '><section class=\"av_textblock_section \"  itemscope=\"itemscope\" itemtype=\"https:\/\/schema.org\/BlogPosting\" itemprop=\"blogPost\" ><div class='avia_textblock  '   itemprop=\"text\" ><p style=\"text-align: justify;\">La iniciativa sorte\u00f3 su primer obst\u00e1culo luego que la mesa de la C\u00e1mara lo declarara inadmisible. Tras intervenci\u00f3n del diputado, la sala aprob\u00f3 su admisibilidad.<\/p>\n<p style=\"text-align: justify;\">El proyecto presentado por el Diputado Miguel \u00c1ngel Calisto que disminuye en un 50% el impuesto espec\u00edfico a los combustibles en las Zonas Extremas sorte\u00f3 con \u00e9xito su primer obst\u00e1culo, esto despu\u00e9s que la mesa de la C\u00e1mara lo declarar\u00e1 inadmisible, por lo que tuvo que ser votado por la sala, quienes finalmente aprobaron su admisibilidad, dando paso a su tramitaci\u00f3n legislativa.<\/p>\n<p style=\"text-align: justify;\">Seg\u00fan el diputado Calisto, \u201ccon un grupo transversal de parlamentarios de distintas bancadas, presentamos un proyecto de ley para disminuir el Impuesto espec\u00edfico a los Combustibles, pero enfocado\u00a0a las zonas extremas. Anteriormente, en la C\u00e1mara de Diputados se revisaron dos proyectos que ten\u00edan una mirada m\u00e1s nacional\u201d.<\/p>\n<p style=\"text-align: justify;\">\u201cNosotros estamos apelando a la necesidad que tienen las Zonas Extremas de tener un trato diferenciado respecto a otras partes de Chile, tomando en cuenta los altos costos de vida que tienen que afrontar las chilenas y chilenos que viven en estos territorios aislados, tanto en el extremo norte, en el extremo sur y el territorio insular\u201d, se\u00f1al\u00f3.<\/p>\n<p style=\"text-align: justify;\">El legislador indic\u00f3 que \u201ccreemos que esta propuesta, que tiene como fin una rebaja del impuesto espec\u00edfico, de manera transitoria, responsable, pueda de alguna manera compensar los altos costos que tiene las familias de las Zonas Extremas, quienes llegan a pagar incluso 1500 pesos por litro de combustible. Esto refleja que est\u00e1n en absoluta desigualdad territorial, respecto a otros chilenos que viven en la zona central\u201d.<\/p>\n<p style=\"text-align: justify;\">\u201cEn Chile no hay personas ni grupos privilegiados, tal como lo dice el art\u00edculo 19 numeral dos de nuestra Constituci\u00f3n, donde se apela a la igualdad ante la ley. Esta iniciativa va en esa l\u00ednea, para garantizar que en nuestro pa\u00eds no hay grupos privilegiados y que todos los chilenos tenemos los mismos derechos\u201d, inform\u00f3.<\/p>\n<p style=\"text-align: justify;\">Finalmente, el diputado Calisto asegur\u00f3 que \u201ctambi\u00e9n en su art\u00edculo quinto, nuestra Carta Magna se\u00f1ala que el ejercicio de la soberan\u00eda reconoce como limitaci\u00f3n el respeto a los derechos esenciales que emanan de la naturaleza humana. Nosotros estamos convencidos que este proyecto que disminuye el impuesto espec\u00edfico ayuda a garantizar la igualdad ante la ley, y sobre todo, los chilenos que viven en estos territorios no se sientan desplazados ni chilenos de segunda clase\u201d.<\/p>\n<\/div><\/section><\/div><div  style='height:50px' class='hr hr-invisible   avia-builder-el-6  el_after_av_one_full  el_before_av_social_share '><span class='hr-inner ' ><span class='hr-inner-style'><\/span><\/span><\/div><\/p>\n<div  class='av-social-sharing-box  avia-builder-el-7  el_after_av_hr  el_before_av_hr  '><div class='av-share-box'><h5 class='av-share-link-description av-no-toc '>Compartir esta noticia<\/h5><ul class='av-share-box-list noLightbox'><li class='av-share-link av-social-link-facebook' ><a target=\"_blank\" aria-label=\"Compartir en Facebook\" href='https:\/\/www.facebook.com\/sharer.php?u=https:\/\/radiorevelacionfm.cl\/?p=11595&#038;t=Proyecto%20que%20disminuye%20el%20impuesto%20espec%C3%ADfico%20a%20los%20combustibles%20en%20zonas%20extremas%20es%20declarado%20admisible' aria-hidden='false' data-av_icon='\ue8f3' data-av_iconfont='entypo-fontello' title='' data-avia-related-tooltip='Compartir en Facebook' rel=\"noopener\"><span class='avia_hidden_link_text'>Compartir en Facebook<\/span><\/a><\/li><li class='av-share-link av-social-link-twitter' ><a target=\"_blank\" aria-label=\"Compartir en Twitter\" href='https:\/\/twitter.com\/share?text=Proyecto%20que%20disminuye%20el%20impuesto%20espec%C3%ADfico%20a%20los%20combustibles%20en%20zonas%20extremas%20es%20declarado%20admisible&#038;url=https:\/\/radiorevelacionfm.cl\/?p=11595' aria-hidden='false' data-av_icon='\ue8f1' data-av_iconfont='entypo-fontello' title='' data-avia-related-tooltip='Compartir en Twitter' rel=\"noopener\"><span class='avia_hidden_link_text'>Compartir en Twitter<\/span><\/a><\/li><li class='av-share-link av-social-link-whatsapp' ><a target=\"_blank\" aria-label=\"Compartir en Whatsapp\" href='https:\/\/api.whatsapp.com\/send?text=https:\/\/radiorevelacionfm.cl\/?p=11595' aria-hidden='false' data-av_icon='\uf232' data-av_iconfont='entypo-fontello' title='' data-avia-related-tooltip='Compartir en Whatsapp' rel=\"noopener\"><span class='avia_hidden_link_text'>Compartir en Whatsapp<\/span><\/a><\/li><li class='av-share-link av-social-link-linkedin' ><a target=\"_blank\" aria-label=\"Compartir en LinkedIn\" href='https:\/\/linkedin.com\/shareArticle?mini=true&#038;title=Proyecto%20que%20disminuye%20el%20impuesto%20espec%C3%ADfico%20a%20los%20combustibles%20en%20zonas%20extremas%20es%20declarado%20admisible&#038;url=https:\/\/radiorevelacionfm.cl\/?p=11595' aria-hidden='false' data-av_icon='\ue8fc' data-av_iconfont='entypo-fontello' title='' data-avia-related-tooltip='Compartir en LinkedIn' rel=\"noopener\"><span class='avia_hidden_link_text'>Compartir en LinkedIn<\/span><\/a><\/li><li class='av-share-link av-social-link-mail' ><a  aria-label=\"Compartir por correo\" href='mailto:?subject=Proyecto%20que%20disminuye%20el%20impuesto%20espec%C3%ADfico%20a%20los%20combustibles%20en%20zonas%20extremas%20es%20declarado%20admisible&#038;body=https:\/\/radiorevelacionfm.cl\/?p=11595' aria-hidden='false' data-av_icon='\ue805' data-av_iconfont='entypo-fontello' title='' data-avia-related-tooltip='Compartir por correo'><span class='avia_hidden_link_text'>Compartir por correo<\/span><\/a><\/li><\/ul><\/div><\/div>\n<div  style='height:50px' class='hr hr-invisible   avia-builder-el-8  el_after_av_social_share  el_before_av_comments_list '><span class='hr-inner ' ><span class='hr-inner-style'><\/span><\/span><\/div>\n<div  class='av-buildercomment  av-blog-meta-html-info-disabled av-blog-meta-tag-disabled  '><\/div>\n","protected":false},"excerpt":{"rendered":"","protected":false},"author":1,"featured_media":6047,"comment_status":"open","ping_status":"open","sticky":false,"template":"","format":"standard","meta":{"footnotes":""},"categories":[35],"tags":[],"class_list":["post-11595","post","type-post","status-publish","format-standard","has-post-thumbnail","hentry","category-politica"],"jetpack_featured_media_url":"https:\/\/radiorevelacionfm.cl\/wp-content\/uploads\/2021\/07\/Combustibles.jpg","_links":{"self":[{"href":"https:\/\/radiorevelacionfm.cl\/index.php?rest_route=\/wp\/v2\/posts\/11595","targetHints":{"allow":["GET"]}}],"collection":[{"href":"https:\/\/radiorevelacionfm.cl\/index.php?rest_route=\/wp\/v2\/posts"}],"about":[{"href":"https:\/\/radiorevelacionfm.cl\/index.php?rest_route=\/wp\/v2\/types\/post"}],"author":[{"embeddable":true,"href":"https:\/\/radiorevelacionfm.cl\/index.php?rest_route=\/wp\/v2\/users\/1"}],"replies":[{"embeddable":true,"href":"https:\/\/radiorevelacionfm.cl\/index.php?rest_route=%2Fwp%2Fv2%2Fcomments&post=11595"}],"version-history":[{"count":2,"href":"https:\/\/radiorevelacionfm.cl\/index.php?rest_route=\/wp\/v2\/posts\/11595\/revisions"}],"predecessor-version":[{"id":11597,"href":"https:\/\/radiorevelacionfm.cl\/index.php?rest_route=\/wp\/v2\/posts\/11595\/revisions\/11597"}],"wp:featuredmedia":[{"embeddable":true,"href":"https:\/\/radiorevelacionfm.cl\/index.php?rest_route=\/wp\/v2\/media\/6047"}],"wp:attachment":[{"href":"https:\/\/radiorevelacionfm.cl\/index.php?rest_route=%2Fwp%2Fv2%2Fmedia&parent=11595"}],"wp:term":[{"taxonomy":"category","embeddable":true,"href":"https:\/\/radiorevelacionfm.cl\/index.php?rest_route=%2Fwp%2Fv2%2Fcategories&post=11595"},{"taxonomy":"post_tag","embeddable":true,"href":"https:\/\/radiorevelacionfm.cl\/index.php?rest_route=%2Fwp%2Fv2%2Ftags&post=11595"}],"curies":[{"name":"wp","href":"https:\/\/api.w.org\/{rel}","templated":true}]}}