{"id":11591,"date":"2021-12-07T20:27:48","date_gmt":"2021-12-07T23:27:48","guid":{"rendered":"https:\/\/radiorevelacionfm.cl\/?p=11591"},"modified":"2021-12-07T20:27:48","modified_gmt":"2021-12-07T23:27:48","slug":"cosam-celebro-su-5to-aniversario-e-inauguro-huerto-comunitario","status":"publish","type":"post","link":"https:\/\/radiorevelacionfm.cl\/?p=11591","title":{"rendered":"COSAM celebr\u00f3 su 5to. Aniversario e inaugur\u00f3 Huerto Comunitario"},"content":{"rendered":"<div class=\"flex_column av_one_full  flex_column_div av-zero-column-padding first  avia-builder-el-0  el_before_av_one_full  avia-builder-el-first  \" style='border-radius:0px; '><div  class='avia-image-container  av-styling-    avia-builder-el-1  avia-builder-el-no-sibling  avia-align-center '  itemprop=\"image\" itemscope=\"itemscope\" itemtype=\"https:\/\/schema.org\/ImageObject\"  ><div class='avia-image-container-inner'><div class='avia-image-overlay-wrap'><img decoding=\"async\" class='wp-image-11592 avia-img-lazy-loading-not-11592 avia_image' src=\"https:\/\/radiorevelacionfm.cl\/wp-content\/uploads\/2021\/12\/img_20211206_114459-2_optimized.jpg\" alt='' title='img_20211206_114459-2_optimized' height=\"600\" width=\"1067\"  itemprop=\"thumbnailUrl\" srcset=\"https:\/\/radiorevelacionfm.cl\/wp-content\/uploads\/2021\/12\/img_20211206_114459-2_optimized.jpg 1067w, https:\/\/radiorevelacionfm.cl\/wp-content\/uploads\/2021\/12\/img_20211206_114459-2_optimized-300x169.jpg 300w, https:\/\/radiorevelacionfm.cl\/wp-content\/uploads\/2021\/12\/img_20211206_114459-2_optimized-1030x579.jpg 1030w, https:\/\/radiorevelacionfm.cl\/wp-content\/uploads\/2021\/12\/img_20211206_114459-2_optimized-768x432.jpg 768w, https:\/\/radiorevelacionfm.cl\/wp-content\/uploads\/2021\/12\/img_20211206_114459-2_optimized-705x396.jpg 705w, https:\/\/radiorevelacionfm.cl\/wp-content\/uploads\/2021\/12\/img_20211206_114459-2_optimized-600x337.jpg 600w\" sizes=\"(max-width: 1067px) 100vw, 1067px\" \/><\/div><\/div><\/div><\/div><div class=\"flex_column av_one_full  flex_column_div av-zero-column-padding first  avia-builder-el-2  el_after_av_one_full  el_before_av_one_full  column-top-margin\" style='border-radius:0px; '><section class=\"av_textblock_section \"  itemscope=\"itemscope\" itemtype=\"https:\/\/schema.org\/BlogPosting\" itemprop=\"blogPost\" ><div class='avia_textblock  '   itemprop=\"text\" ><h2 class=\"title\" style=\"text-align: center;\"><span style=\"font-size: 18pt; color: #ffcc00;\">COSAM celebr\u00f3 su 5to. Aniversario e inaugur\u00f3 Huerto Comunitario<\/span><\/h2>\n<div id=\"gtx-trans\" style=\"position: absolute; left: -50px; top: 4.31534px;\">\n<div class=\"gtx-trans-icon\"><\/div>\n<\/div>\n<\/div><\/section><\/div><div class=\"flex_column av_one_full  flex_column_div av-zero-column-padding first  avia-builder-el-4  el_after_av_one_full  el_before_av_hr  column-top-margin\" style='border-radius:0px; '><section class=\"av_textblock_section \"  itemscope=\"itemscope\" itemtype=\"https:\/\/schema.org\/BlogPosting\" itemprop=\"blogPost\" ><div class='avia_textblock  '   itemprop=\"text\" ><p style=\"text-align: justify;\">Con motivo del quinto aniversario del Centro de Salud Mental (COSAM) Coyhaique y en\u00a0compa\u00f1\u00eda de autoridades de la red asistencial, usuarios y voluntarios, se realiz\u00f3 el lunes 06 de\u00a0diciembre, la inauguraci\u00f3n del Huerto Comunitario, iniciativa formulada y ejecutada por el\u00a0Consejo Consultivo Colectivamente de este dispositivo de atenci\u00f3n.<\/p>\n<p style=\"text-align: justify;\">El modelo comunitario de atenci\u00f3n en Salud Mental desarrollado por el Servicio de Salud\u00a0Ays\u00e9n a trav\u00e9s del COSAM, presta especial importancia a la persona, su familia y en el impacto\u00a0que esta condici\u00f3n de salud tiene en su entorno; as\u00ed tambi\u00e9n, en c\u00f3mo este, contribuye a la\u00a0recuperaci\u00f3n de las personas, favorece la inclusi\u00f3n sociocomunitaria y provee las condiciones\u00a0que contribuyen al pleno ejercicio de sus derechos y bienestar socioemocional.<\/p>\n<p style=\"text-align: justify;\">En ese sentido, y teniendo claro los objetivos del dispositivo de atenci\u00f3n y el trabajo que ha\u00a0implicado implementarlo, Jaime L\u00f3pez Quintana, Director (S) del Servicio de Salud Ays\u00e9n, fue\u00a0enf\u00e1tico en se\u00f1alar la importancia que ha tenido en el contexto de la actual pandemia \u201cpara\u00a0nosotros como Servicio de Salud Ays\u00e9n, no ha pasado en vano el contar con un Centro de\u00a0Salud Mental Comunitario, y que hoy d\u00eda en sus cinco a\u00f1os podemos ver una integraci\u00f3n muy\u00a0importante con la comunidad. Esta integraci\u00f3n es necesaria, sobre todo en un contexto en que\u00a0despu\u00e9s de dos a\u00f1os en que hemos cambiado nuestra forma de relacionarnos, de mirarnos a\u00a0los ojos, solamente y no ver nuestro rostro, de no poder estrechar la mano, no poder abrazar\u00a0como lo hac\u00edamos antes con nuestros amigos o personas cercanas, sin duda nos va a pasar la\u00a0cuenta, en materia de salud mental\u201d.<\/p>\n<p style=\"text-align: justify;\">M\u00e1s all\u00e1, sobre la inauguraci\u00f3n del proyecto de Huerto Comunitario, el directivo se\u00f1al\u00f3 \u201cqu\u00e9\u00a0bueno que tengamos hoy d\u00eda un dispositivo que no solamente cumple cinco a\u00f1os madurando\u00a0como comunidad terap\u00e9utica de la regi\u00f3n de Ays\u00e9n, sino que con un gran compromiso\u00a0expresado en lo que ha hecho su Consejo Consultivo, con un proyecto que adem\u00e1s integra los\u00a0elementos propios de la naturaleza para poder contribuir terap\u00e9uticamente a quienes acuden\u00a0a este recinto\u201d.<\/p>\n<p style=\"text-align: justify;\"><strong>La importancia del proyecto<\/strong><\/p>\n<p style=\"text-align: justify;\">Por su parte, Pedro Godoy, Director del Centro de Salud Mental Comunitario Coyhaique, con\u00a0motivo de este aniversario, y de lo que significa la ejecuci\u00f3n de esta iniciativa a nivel local,\u00a0se\u00f1al\u00f3 que \u201cdesarrollamos un programa de trabajo el que consiste en que la comunidad\u00a0genere huertos que puedan hacer uso de nuestros usuarios, de nuestra comunidad, de\u00a0nuestros vecinos y que adem\u00e1s pueda tener el beneficio de acercarse a la naturaleza, de poder\u00a0tener un acercamiento a distintos tipos de plantas, de tal manera de que no s\u00f3lo nos\u00a0centremos en la calidad de vida dentro de las prestaciones que entregamos como Servicio,\u00a0sino que tambi\u00e9n tiene que ver con el hecho de preocuparse de los espacios, de la\u00a0alimentaci\u00f3n y as\u00ed tambi\u00e9n de poder, en comunidad, estar entregando espacios para el\u00a0convivir de mejor manera. Estamos en nuestro quinto aniversario y quisimos celebrarlo de esta\u00a0manera, con la comunidad y con proyectos que lo realizan ellos, enfatiz\u00f3\u201d.<\/p>\n<p style=\"text-align: justify;\">Referente al reci\u00e9n inaugurado Huerto Comunitario, Nelson Jerez Castillo, presidente del\u00a0Consejo Consultivo Colectivamente, ejecutante de la iniciativa, indic\u00f3 que la iniciativa naci\u00f3\u00a0\u201ccuando fuimos a una escuela de salud mental. All\u00ed pudimos aprender la importancia que tiene\u00a0la instituci\u00f3n para poder acudir a las personas que est\u00e1n con problemas en salud mental.<\/p>\n<p style=\"text-align: justify;\">Nosotros hicimos este Consejo Consultivo para poder apoyar al personal ac\u00e1, para postular a\u00a0proyectos, aprovechando los dineros que da el Gobierno y poder darle un mejor confort a la\u00a0gente que lo necesita. Esto est\u00e1 abierto a la comunidad, aqu\u00ed pueden venir las personas, poner\u00a0unas semillas, unas flores, venir a buscar algunos cilantros o lechugas, con tal que traigan las\u00a0semillas ac\u00e1, cosa que podamos mantener todo esto y que sea rec\u00edproco \u201c, concluy\u00f3 el\u00a0dirigente.<\/p>\n<\/div><\/section><\/div><div  style='height:50px' class='hr hr-invisible   avia-builder-el-6  el_after_av_one_full  el_before_av_social_share '><span class='hr-inner ' ><span class='hr-inner-style'><\/span><\/span><\/div><\/p>\n<div  class='av-social-sharing-box  avia-builder-el-7  el_after_av_hr  el_before_av_hr  '><div class='av-share-box'><h5 class='av-share-link-description av-no-toc '>Compartir esta noticia<\/h5><ul class='av-share-box-list noLightbox'><li class='av-share-link av-social-link-facebook' ><a target=\"_blank\" aria-label=\"Compartir en Facebook\" href='https:\/\/www.facebook.com\/sharer.php?u=https:\/\/radiorevelacionfm.cl\/?p=11591&#038;t=COSAM%20celebr%C3%B3%20su%205to.%20Aniversario%20e%20inaugur%C3%B3%20Huerto%20Comunitario' aria-hidden='false' data-av_icon='\ue8f3' data-av_iconfont='entypo-fontello' title='' data-avia-related-tooltip='Compartir en Facebook' rel=\"noopener\"><span class='avia_hidden_link_text'>Compartir en Facebook<\/span><\/a><\/li><li class='av-share-link av-social-link-twitter' ><a target=\"_blank\" aria-label=\"Compartir en Twitter\" href='https:\/\/twitter.com\/share?text=COSAM%20celebr%C3%B3%20su%205to.%20Aniversario%20e%20inaugur%C3%B3%20Huerto%20Comunitario&#038;url=https:\/\/radiorevelacionfm.cl\/?p=11591' aria-hidden='false' data-av_icon='\ue8f1' data-av_iconfont='entypo-fontello' title='' data-avia-related-tooltip='Compartir en Twitter' rel=\"noopener\"><span class='avia_hidden_link_text'>Compartir en Twitter<\/span><\/a><\/li><li class='av-share-link av-social-link-whatsapp' ><a target=\"_blank\" aria-label=\"Compartir en Whatsapp\" href='https:\/\/api.whatsapp.com\/send?text=https:\/\/radiorevelacionfm.cl\/?p=11591' aria-hidden='false' data-av_icon='\uf232' data-av_iconfont='entypo-fontello' title='' data-avia-related-tooltip='Compartir en Whatsapp' rel=\"noopener\"><span class='avia_hidden_link_text'>Compartir en Whatsapp<\/span><\/a><\/li><li class='av-share-link av-social-link-linkedin' ><a target=\"_blank\" aria-label=\"Compartir en LinkedIn\" href='https:\/\/linkedin.com\/shareArticle?mini=true&#038;title=COSAM%20celebr%C3%B3%20su%205to.%20Aniversario%20e%20inaugur%C3%B3%20Huerto%20Comunitario&#038;url=https:\/\/radiorevelacionfm.cl\/?p=11591' aria-hidden='false' data-av_icon='\ue8fc' data-av_iconfont='entypo-fontello' title='' data-avia-related-tooltip='Compartir en LinkedIn' rel=\"noopener\"><span class='avia_hidden_link_text'>Compartir en LinkedIn<\/span><\/a><\/li><li class='av-share-link av-social-link-mail' ><a  aria-label=\"Compartir por correo\" href='mailto:?subject=COSAM%20celebr%C3%B3%20su%205to.%20Aniversario%20e%20inaugur%C3%B3%20Huerto%20Comunitario&#038;body=https:\/\/radiorevelacionfm.cl\/?p=11591' aria-hidden='false' data-av_icon='\ue805' data-av_iconfont='entypo-fontello' title='' data-avia-related-tooltip='Compartir por correo'><span class='avia_hidden_link_text'>Compartir por correo<\/span><\/a><\/li><\/ul><\/div><\/div>\n<div  style='height:50px' class='hr hr-invisible   avia-builder-el-8  el_after_av_social_share  el_before_av_comments_list '><span class='hr-inner ' ><span class='hr-inner-style'><\/span><\/span><\/div>\n<div  class='av-buildercomment  av-blog-meta-html-info-disabled av-blog-meta-tag-disabled  '><\/div>\n","protected":false},"excerpt":{"rendered":"","protected":false},"author":1,"featured_media":11592,"comment_status":"open","ping_status":"open","sticky":false,"template":"","format":"standard","meta":{"footnotes":""},"categories":[46],"tags":[],"class_list":["post-11591","post","type-post","status-publish","format-standard","has-post-thumbnail","hentry","category-salud"],"jetpack_featured_media_url":"https:\/\/radiorevelacionfm.cl\/wp-content\/uploads\/2021\/12\/img_20211206_114459-2_optimized.jpg","_links":{"self":[{"href":"https:\/\/radiorevelacionfm.cl\/index.php?rest_route=\/wp\/v2\/posts\/11591","targetHints":{"allow":["GET"]}}],"collection":[{"href":"https:\/\/radiorevelacionfm.cl\/index.php?rest_route=\/wp\/v2\/posts"}],"about":[{"href":"https:\/\/radiorevelacionfm.cl\/index.php?rest_route=\/wp\/v2\/types\/post"}],"author":[{"embeddable":true,"href":"https:\/\/radiorevelacionfm.cl\/index.php?rest_route=\/wp\/v2\/users\/1"}],"replies":[{"embeddable":true,"href":"https:\/\/radiorevelacionfm.cl\/index.php?rest_route=%2Fwp%2Fv2%2Fcomments&post=11591"}],"version-history":[{"count":2,"href":"https:\/\/radiorevelacionfm.cl\/index.php?rest_route=\/wp\/v2\/posts\/11591\/revisions"}],"predecessor-version":[{"id":11594,"href":"https:\/\/radiorevelacionfm.cl\/index.php?rest_route=\/wp\/v2\/posts\/11591\/revisions\/11594"}],"wp:featuredmedia":[{"embeddable":true,"href":"https:\/\/radiorevelacionfm.cl\/index.php?rest_route=\/wp\/v2\/media\/11592"}],"wp:attachment":[{"href":"https:\/\/radiorevelacionfm.cl\/index.php?rest_route=%2Fwp%2Fv2%2Fmedia&parent=11591"}],"wp:term":[{"taxonomy":"category","embeddable":true,"href":"https:\/\/radiorevelacionfm.cl\/index.php?rest_route=%2Fwp%2Fv2%2Fcategories&post=11591"},{"taxonomy":"post_tag","embeddable":true,"href":"https:\/\/radiorevelacionfm.cl\/index.php?rest_route=%2Fwp%2Fv2%2Ftags&post=11591"}],"curies":[{"name":"wp","href":"https:\/\/api.w.org\/{rel}","templated":true}]}}