{"id":11587,"date":"2021-12-06T22:12:04","date_gmt":"2021-12-07T01:12:04","guid":{"rendered":"https:\/\/radiorevelacionfm.cl\/?p=11587"},"modified":"2021-12-06T22:12:04","modified_gmt":"2021-12-07T01:12:04","slug":"inician-vacunacion-contra-el-covid-19-en-menores-de-3-a-5-anos-en-la-region-de-aysen","status":"publish","type":"post","link":"https:\/\/radiorevelacionfm.cl\/?p=11587","title":{"rendered":"Inician vacunaci\u00f3n contra el Covid-19 en menores de 3 a 5 a\u00f1os en la regi\u00f3n de Ays\u00e9n"},"content":{"rendered":"<div class=\"flex_column av_one_full  flex_column_div av-zero-column-padding first  avia-builder-el-0  el_before_av_one_full  avia-builder-el-first  \" style='border-radius:0px; '><div  class='avia-image-container  av-styling-    avia-builder-el-1  avia-builder-el-no-sibling  avia-align-center '  itemprop=\"image\" itemscope=\"itemscope\" itemtype=\"https:\/\/schema.org\/ImageObject\"  ><div class='avia-image-container-inner'><div class='avia-image-overlay-wrap'><img decoding=\"async\" class='wp-image-11588 avia-img-lazy-loading-not-11588 avia_image' src=\"https:\/\/radiorevelacionfm.cl\/wp-content\/uploads\/2021\/12\/Prensa-Vacunacion1-2021-12-06-1-1.jpeg\" alt='' title='Prensa Vacunacion1 2021-12-06 (1) (1)' height=\"600\" width=\"1067\"  itemprop=\"thumbnailUrl\" srcset=\"https:\/\/radiorevelacionfm.cl\/wp-content\/uploads\/2021\/12\/Prensa-Vacunacion1-2021-12-06-1-1.jpeg 1067w, https:\/\/radiorevelacionfm.cl\/wp-content\/uploads\/2021\/12\/Prensa-Vacunacion1-2021-12-06-1-1-300x169.jpeg 300w, https:\/\/radiorevelacionfm.cl\/wp-content\/uploads\/2021\/12\/Prensa-Vacunacion1-2021-12-06-1-1-1030x579.jpeg 1030w, https:\/\/radiorevelacionfm.cl\/wp-content\/uploads\/2021\/12\/Prensa-Vacunacion1-2021-12-06-1-1-768x432.jpeg 768w, https:\/\/radiorevelacionfm.cl\/wp-content\/uploads\/2021\/12\/Prensa-Vacunacion1-2021-12-06-1-1-705x396.jpeg 705w, https:\/\/radiorevelacionfm.cl\/wp-content\/uploads\/2021\/12\/Prensa-Vacunacion1-2021-12-06-1-1-600x337.jpeg 600w\" sizes=\"(max-width: 1067px) 100vw, 1067px\" \/><\/div><\/div><\/div><\/div><div class=\"flex_column av_one_full  flex_column_div av-zero-column-padding first  avia-builder-el-2  el_after_av_one_full  el_before_av_one_full  column-top-margin\" style='border-radius:0px; '><section class=\"av_textblock_section \"  itemscope=\"itemscope\" itemtype=\"https:\/\/schema.org\/BlogPosting\" itemprop=\"blogPost\" ><div class='avia_textblock  '   itemprop=\"text\" ><p style=\"text-align: center;\"><strong><span style=\"font-size: 18pt;\">Inician vacunaci\u00f3n contra el Covid-19 en menores de 3 a 5 a\u00f1os en la regi\u00f3n de Ays\u00e9n<\/span><\/strong><\/p>\n<div id=\"gtx-trans\" style=\"position: absolute; left: -50px; top: 4.31534px;\">\n<div class=\"gtx-trans-icon\"><\/div>\n<\/div>\n<\/div><\/section><\/div><div class=\"flex_column av_one_full  flex_column_div av-zero-column-padding first  avia-builder-el-4  el_after_av_one_full  el_before_av_hr  column-top-margin\" style='border-radius:0px; '><section class=\"av_textblock_section \"  itemscope=\"itemscope\" itemtype=\"https:\/\/schema.org\/BlogPosting\" itemprop=\"blogPost\" ><div class='avia_textblock  '   itemprop=\"text\" ><p style=\"text-align: justify;\">Este lunes 6 de diciembre se inici\u00f3 en la regi\u00f3n de Ays\u00e9n el proceso de vacunaci\u00f3n contra el Covid-19 en la poblaci\u00f3n que comprende los 3 a 5 a\u00f1os de edad. Seg\u00fan explicaron desde el ministerio de Salud, la meta es poner inocular con la dosis Coronavac y proteger as\u00ed a m\u00e1s de 4.300 personas.<\/p>\n<p style=\"text-align: justify;\">Hasta el gimnasio municipal de Coyhaique lleg\u00f3 la Delegada Presidencial Regional, Margarita Ossa Rojas, junto a las autoridades de salud para ver el proceso, se\u00f1alando posteriormente que \u201ces un momento que est\u00e1bamos esperando, la mayor\u00eda de los padres sobre todo, con mucha ansiedad, y es una nueva etapa de todo el proceso de vacunaci\u00f3n y hoy comenzamos con ni\u00f1os con comorbilidad y as\u00ed avanzar con este grupo etario y es tremendamente importante protegerlos y seguir con esta vacunaci\u00f3n segura\u201d, indic\u00f3.<\/p>\n<p style=\"text-align: justify;\">En esa misma l\u00ednea, la Delegada Ossa insisti\u00f3 en el llamado al resto de la poblaci\u00f3n a continuar con su proceso de inmunizaci\u00f3n, se\u00f1alando que \u201cencarecemos el llamado respecto de la dosis de refuerzo; hemos ido avanzando, pero no el que esperamos y debemos recordar que todos podemos ser vectores\u201d, agreg\u00f3.<\/p>\n<p style=\"text-align: justify;\">Desde la seremi de Salud, su subrogante, Gloria Beecher, hizo un llamado similar poniendo \u00e9nfasis en el buen resultado de las vacunas aplicadas en el pa\u00eds desde marzo a la fecha.<\/p>\n<p style=\"text-align: justify;\">\u201cQueremos hacer un llamado a la comunidad, a confiar en las vacunas, en los proceso, en lo cient\u00edfico. Nosotros como seremi de salud estamos tratando de coordinar. Con este grupo se nos ampl\u00eda la cobertura de 3 a 5 a\u00f1os, tal como dec\u00eda la delegada hoy y ma\u00f1ana martes tenemos solamente los puntos de vacunaci\u00f3n para los ni\u00f1os con comorbilidad el d\u00eda jueves y viernes se ampl\u00eda a todos los ni\u00f1os y hacemos nuevamente un llamado a los padres a confiar en los esquemas de vacunaci\u00f3n\u201d, indic\u00f3.<\/p>\n<p style=\"text-align: justify;\"><strong>Positividad<\/strong><\/p>\n<p style=\"text-align: justify;\">El llamado a cumplir con el proceso de vacunaci\u00f3n ha sido un\u00e1nime por parte de las autoridades, m\u00e1s, si se tiene en cuenta de que a d\u00eda de hoy la positividad regional alcanza el 9%, seg\u00fan explic\u00f3 Jaime L\u00f3pez.<\/p>\n<p style=\"text-align: justify;\">\u201cNos parece muy importante avanzar en este segmento de la poblaci\u00f3n que act\u00faa como vector y que muchas de las veces han hecho la infecci\u00f3n de manera asintom\u00e1tica y con todas las pruebas cient\u00edficas llamamos a los padres a tomar conciencia de lo que significa que tengamos el 9% de positividad y mantener a raya el efecto de contagio en poblaci\u00f3n a\u00fan no vacunada\u201d.<\/p>\n<p style=\"text-align: justify;\">A fin de hacer m\u00e1s efectivo el proceso, las autoridades indicaron que se mantendr\u00e1n los mimos puntos de vacunaci\u00f3n pero que adem\u00e1s, se estar\u00eda evaluando una etapa extra mural y acercarse a otros lugares para hacer m\u00e1s efectivo el proceso de vacunaci\u00f3n.<\/p>\n<\/div><\/section><\/div><div  style='height:50px' class='hr hr-invisible   avia-builder-el-6  el_after_av_one_full  el_before_av_social_share '><span class='hr-inner ' ><span class='hr-inner-style'><\/span><\/span><\/div><\/p>\n<div  class='av-social-sharing-box  avia-builder-el-7  el_after_av_hr  el_before_av_hr  '><div class='av-share-box'><h5 class='av-share-link-description av-no-toc '>Compartir esta noticia<\/h5><ul class='av-share-box-list noLightbox'><li class='av-share-link av-social-link-facebook' ><a target=\"_blank\" aria-label=\"Compartir en Facebook\" href='https:\/\/www.facebook.com\/sharer.php?u=https:\/\/radiorevelacionfm.cl\/?p=11587&#038;t=Inician%20vacunaci%C3%B3n%20contra%20el%20Covid-19%20en%20menores%20de%203%20a%205%20a%C3%B1os%20en%20la%20regi%C3%B3n%20de%20Ays%C3%A9n' aria-hidden='false' data-av_icon='\ue8f3' data-av_iconfont='entypo-fontello' title='' data-avia-related-tooltip='Compartir en Facebook' rel=\"noopener\"><span class='avia_hidden_link_text'>Compartir en Facebook<\/span><\/a><\/li><li class='av-share-link av-social-link-twitter' ><a target=\"_blank\" aria-label=\"Compartir en Twitter\" href='https:\/\/twitter.com\/share?text=Inician%20vacunaci%C3%B3n%20contra%20el%20Covid-19%20en%20menores%20de%203%20a%205%20a%C3%B1os%20en%20la%20regi%C3%B3n%20de%20Ays%C3%A9n&#038;url=https:\/\/radiorevelacionfm.cl\/?p=11587' aria-hidden='false' data-av_icon='\ue8f1' data-av_iconfont='entypo-fontello' title='' data-avia-related-tooltip='Compartir en Twitter' rel=\"noopener\"><span class='avia_hidden_link_text'>Compartir en Twitter<\/span><\/a><\/li><li class='av-share-link av-social-link-whatsapp' ><a target=\"_blank\" aria-label=\"Compartir en Whatsapp\" href='https:\/\/api.whatsapp.com\/send?text=https:\/\/radiorevelacionfm.cl\/?p=11587' aria-hidden='false' data-av_icon='\uf232' data-av_iconfont='entypo-fontello' title='' data-avia-related-tooltip='Compartir en Whatsapp' rel=\"noopener\"><span class='avia_hidden_link_text'>Compartir en Whatsapp<\/span><\/a><\/li><li class='av-share-link av-social-link-linkedin' ><a target=\"_blank\" aria-label=\"Compartir en LinkedIn\" href='https:\/\/linkedin.com\/shareArticle?mini=true&#038;title=Inician%20vacunaci%C3%B3n%20contra%20el%20Covid-19%20en%20menores%20de%203%20a%205%20a%C3%B1os%20en%20la%20regi%C3%B3n%20de%20Ays%C3%A9n&#038;url=https:\/\/radiorevelacionfm.cl\/?p=11587' aria-hidden='false' data-av_icon='\ue8fc' data-av_iconfont='entypo-fontello' title='' data-avia-related-tooltip='Compartir en LinkedIn' rel=\"noopener\"><span class='avia_hidden_link_text'>Compartir en LinkedIn<\/span><\/a><\/li><li class='av-share-link av-social-link-mail' ><a  aria-label=\"Compartir por correo\" href='mailto:?subject=Inician%20vacunaci%C3%B3n%20contra%20el%20Covid-19%20en%20menores%20de%203%20a%205%20a%C3%B1os%20en%20la%20regi%C3%B3n%20de%20Ays%C3%A9n&#038;body=https:\/\/radiorevelacionfm.cl\/?p=11587' aria-hidden='false' data-av_icon='\ue805' data-av_iconfont='entypo-fontello' title='' data-avia-related-tooltip='Compartir por correo'><span class='avia_hidden_link_text'>Compartir por correo<\/span><\/a><\/li><\/ul><\/div><\/div>\n<div  style='height:50px' class='hr hr-invisible   avia-builder-el-8  el_after_av_social_share  el_before_av_comments_list '><span class='hr-inner ' ><span class='hr-inner-style'><\/span><\/span><\/div>\n<div  class='av-buildercomment  av-blog-meta-html-info-disabled av-blog-meta-tag-disabled  '><\/div>\n","protected":false},"excerpt":{"rendered":"","protected":false},"author":1,"featured_media":11588,"comment_status":"open","ping_status":"open","sticky":false,"template":"","format":"standard","meta":{"footnotes":""},"categories":[38],"tags":[],"class_list":["post-11587","post","type-post","status-publish","format-standard","has-post-thumbnail","hentry","category-regional"],"jetpack_featured_media_url":"https:\/\/radiorevelacionfm.cl\/wp-content\/uploads\/2021\/12\/Prensa-Vacunacion1-2021-12-06-1-1.jpeg","_links":{"self":[{"href":"https:\/\/radiorevelacionfm.cl\/index.php?rest_route=\/wp\/v2\/posts\/11587","targetHints":{"allow":["GET"]}}],"collection":[{"href":"https:\/\/radiorevelacionfm.cl\/index.php?rest_route=\/wp\/v2\/posts"}],"about":[{"href":"https:\/\/radiorevelacionfm.cl\/index.php?rest_route=\/wp\/v2\/types\/post"}],"author":[{"embeddable":true,"href":"https:\/\/radiorevelacionfm.cl\/index.php?rest_route=\/wp\/v2\/users\/1"}],"replies":[{"embeddable":true,"href":"https:\/\/radiorevelacionfm.cl\/index.php?rest_route=%2Fwp%2Fv2%2Fcomments&post=11587"}],"version-history":[{"count":2,"href":"https:\/\/radiorevelacionfm.cl\/index.php?rest_route=\/wp\/v2\/posts\/11587\/revisions"}],"predecessor-version":[{"id":11590,"href":"https:\/\/radiorevelacionfm.cl\/index.php?rest_route=\/wp\/v2\/posts\/11587\/revisions\/11590"}],"wp:featuredmedia":[{"embeddable":true,"href":"https:\/\/radiorevelacionfm.cl\/index.php?rest_route=\/wp\/v2\/media\/11588"}],"wp:attachment":[{"href":"https:\/\/radiorevelacionfm.cl\/index.php?rest_route=%2Fwp%2Fv2%2Fmedia&parent=11587"}],"wp:term":[{"taxonomy":"category","embeddable":true,"href":"https:\/\/radiorevelacionfm.cl\/index.php?rest_route=%2Fwp%2Fv2%2Fcategories&post=11587"},{"taxonomy":"post_tag","embeddable":true,"href":"https:\/\/radiorevelacionfm.cl\/index.php?rest_route=%2Fwp%2Fv2%2Ftags&post=11587"}],"curies":[{"name":"wp","href":"https:\/\/api.w.org\/{rel}","templated":true}]}}