{"id":11579,"date":"2021-12-06T21:24:49","date_gmt":"2021-12-07T00:24:49","guid":{"rendered":"https:\/\/radiorevelacionfm.cl\/?p=11579"},"modified":"2021-12-06T21:24:49","modified_gmt":"2021-12-07T00:24:49","slug":"sence-invita-a-feria-laboral-presencial-este-jueves-9-de-diciembre-en-coyhaique","status":"publish","type":"post","link":"https:\/\/radiorevelacionfm.cl\/?p=11579","title":{"rendered":"Sence invita a Feria Laboral presencial este jueves 9 de diciembre en Coyhaique"},"content":{"rendered":"<div class=\"flex_column av_one_full  flex_column_div av-zero-column-padding first  avia-builder-el-0  el_before_av_one_full  avia-builder-el-first  \" style='border-radius:0px; '><div  class='avia-image-container  av-styling-    avia-builder-el-1  avia-builder-el-no-sibling  avia-align-center '  itemprop=\"image\" itemscope=\"itemscope\" itemtype=\"https:\/\/schema.org\/ImageObject\"  ><div class='avia-image-container-inner'><div class='avia-image-overlay-wrap'><img decoding=\"async\" class='wp-image-11580 avia-img-lazy-loading-not-11580 avia_image' src=\"https:\/\/radiorevelacionfm.cl\/wp-content\/uploads\/2021\/12\/Feria-3-1-1.jpg\" alt='' title='Feria 3 (1) (1)' height=\"600\" width=\"929\"  itemprop=\"thumbnailUrl\" srcset=\"https:\/\/radiorevelacionfm.cl\/wp-content\/uploads\/2021\/12\/Feria-3-1-1.jpg 929w, https:\/\/radiorevelacionfm.cl\/wp-content\/uploads\/2021\/12\/Feria-3-1-1-300x194.jpg 300w, https:\/\/radiorevelacionfm.cl\/wp-content\/uploads\/2021\/12\/Feria-3-1-1-768x496.jpg 768w, https:\/\/radiorevelacionfm.cl\/wp-content\/uploads\/2021\/12\/Feria-3-1-1-705x455.jpg 705w, https:\/\/radiorevelacionfm.cl\/wp-content\/uploads\/2021\/12\/Feria-3-1-1-600x388.jpg 600w\" sizes=\"(max-width: 929px) 100vw, 929px\" \/><\/div><\/div><\/div><\/div><div class=\"flex_column av_one_full  flex_column_div av-zero-column-padding first  avia-builder-el-2  el_after_av_one_full  el_before_av_one_full  column-top-margin\" style='border-radius:0px; '><section class=\"av_textblock_section \"  itemscope=\"itemscope\" itemtype=\"https:\/\/schema.org\/BlogPosting\" itemprop=\"blogPost\" ><div class='avia_textblock  '   itemprop=\"text\" ><p style=\"text-align: center;\"><strong><span style=\"font-size: 18pt;\">Sence invita a Feria Laboral presencial este jueves 9 de diciembre en Coyhaique<\/span><\/strong><\/p>\n<\/div><\/section><\/div><div class=\"flex_column av_one_full  flex_column_div av-zero-column-padding first  avia-builder-el-4  el_after_av_one_full  el_before_av_hr  column-top-margin\" style='border-radius:0px; '><section class=\"av_textblock_section \"  itemscope=\"itemscope\" itemtype=\"https:\/\/schema.org\/BlogPosting\" itemprop=\"blogPost\" ><div class='avia_textblock  '   itemprop=\"text\" ><p style=\"text-align: justify;\">Por primera vez en dos a\u00f1os, el Servicio Nacional de Empleo, SENCE, tendr\u00e1 una Feria Laboral presencial, en Coyhaique, donde se ofrecer\u00e1 una gama de ofertas laborales en donde participar\u00e1n m\u00e1s de 10 empresas de la regi\u00f3n con oferta laboral.<\/p>\n<p style=\"text-align: justify;\"><span lang=\"es-419\">As\u00ed lo destac\u00f3 la directora regional del Servicio Nacional de Capacitaci\u00f3n y Empleo, SENCE, Katherine Kingma \u00abLos queremos invitar a nuestra Feria Laboral Presencial luego de casi 2 a\u00f1os de pandemia, este jueves 9 de diciembre en el paseo Horn de Coyhaique entre las 10 y las 5 de la tarde. Tendremos una muy variada oferta laboral, de empresas de distintos rubros, tanto empresas regionales como de presencia nacional, tambi\u00e9n contaremos con apoyo de otros servicios p\u00fablicos para que puedan asistir a nuestros usuarios y usuarias en todos sus requerimientos, adem\u00e1s se estar\u00e1n elaborando curriculum vitae e imprimiendo. Por \u00faltimo, si desean acelerar el proceso de postulaci\u00f3n, quienes asistan a la feria pueden ingresar a nuestro Facebook de SENCE Ays\u00e9n y escanear el c\u00f3digo QR y quedan previamente inscritos\u00bb concluy\u00f3.<\/span><\/p>\n<p style=\"text-align: justify;\"><span lang=\"es-419\">Por su parte la Seremi del Trabajo y Previsi\u00f3n Social de Ays\u00e9n, Andrea Ponce, destac\u00f3 esta iniciativa que se enmarca en la pol\u00edtica p\u00fablica que est\u00e1 impulsando el Ministerio del Trabajo en lo que es reactivaci\u00f3n laboral \u00abComo ya saben el IFE laboral se ampli\u00f3 hasta marzo y esta es una muy buena noticia para quienes est\u00e9n buscando un empleo, ya que adem\u00e1s de insertarse en el mundo laboral, pueden postular al IFE Laboral y as\u00ed obtendr\u00e1n un aporte por 3 meses, que es un apoyo financiero aparte del sueldo que puede llegar hasta los 250 mil en algunos casos. Como Ministerio estamos muy conscientes que han sido tiempos dif\u00edciles, sobre todo en materia laboral y adem\u00e1s sabemos que son las mujeres las que se han visto m\u00e1s afectadas en esta pandemia y en la desaceleraci\u00f3n laboral\u00bb concluy\u00f3.<\/span><\/p>\n<p style=\"text-align: justify;\"><span lang=\"es-419\">La Feria de Empleo ser\u00e1 este 09 de diciembre a partir de las 10 de la ma\u00f1ana hasta las 5 de la tarde en el paseo Horn de la ciudad de Coyhaique<\/span>.<\/p>\n<\/div><\/section><\/div><div  style='height:50px' class='hr hr-invisible   avia-builder-el-6  el_after_av_one_full  el_before_av_social_share '><span class='hr-inner ' ><span class='hr-inner-style'><\/span><\/span><\/div><\/p>\n<div  class='av-social-sharing-box  avia-builder-el-7  el_after_av_hr  el_before_av_hr  '><div class='av-share-box'><h5 class='av-share-link-description av-no-toc '>Compartir esta noticia<\/h5><ul class='av-share-box-list noLightbox'><li class='av-share-link av-social-link-facebook' ><a target=\"_blank\" aria-label=\"Compartir en Facebook\" href='https:\/\/www.facebook.com\/sharer.php?u=https:\/\/radiorevelacionfm.cl\/?p=11579&#038;t=Sence%20invita%20a%20Feria%20Laboral%20presencial%20este%20jueves%209%20de%20diciembre%20en%20Coyhaique' aria-hidden='false' data-av_icon='\ue8f3' data-av_iconfont='entypo-fontello' title='' data-avia-related-tooltip='Compartir en Facebook' rel=\"noopener\"><span class='avia_hidden_link_text'>Compartir en Facebook<\/span><\/a><\/li><li class='av-share-link av-social-link-twitter' ><a target=\"_blank\" aria-label=\"Compartir en Twitter\" href='https:\/\/twitter.com\/share?text=Sence%20invita%20a%20Feria%20Laboral%20presencial%20este%20jueves%209%20de%20diciembre%20en%20Coyhaique&#038;url=https:\/\/radiorevelacionfm.cl\/?p=11579' aria-hidden='false' data-av_icon='\ue8f1' data-av_iconfont='entypo-fontello' title='' data-avia-related-tooltip='Compartir en Twitter' rel=\"noopener\"><span class='avia_hidden_link_text'>Compartir en Twitter<\/span><\/a><\/li><li class='av-share-link av-social-link-whatsapp' ><a target=\"_blank\" aria-label=\"Compartir en Whatsapp\" href='https:\/\/api.whatsapp.com\/send?text=https:\/\/radiorevelacionfm.cl\/?p=11579' aria-hidden='false' data-av_icon='\uf232' data-av_iconfont='entypo-fontello' title='' data-avia-related-tooltip='Compartir en Whatsapp' rel=\"noopener\"><span class='avia_hidden_link_text'>Compartir en Whatsapp<\/span><\/a><\/li><li class='av-share-link av-social-link-linkedin' ><a target=\"_blank\" aria-label=\"Compartir en LinkedIn\" href='https:\/\/linkedin.com\/shareArticle?mini=true&#038;title=Sence%20invita%20a%20Feria%20Laboral%20presencial%20este%20jueves%209%20de%20diciembre%20en%20Coyhaique&#038;url=https:\/\/radiorevelacionfm.cl\/?p=11579' aria-hidden='false' data-av_icon='\ue8fc' data-av_iconfont='entypo-fontello' title='' data-avia-related-tooltip='Compartir en LinkedIn' rel=\"noopener\"><span class='avia_hidden_link_text'>Compartir en LinkedIn<\/span><\/a><\/li><li class='av-share-link av-social-link-mail' ><a  aria-label=\"Compartir por correo\" href='mailto:?subject=Sence%20invita%20a%20Feria%20Laboral%20presencial%20este%20jueves%209%20de%20diciembre%20en%20Coyhaique&#038;body=https:\/\/radiorevelacionfm.cl\/?p=11579' aria-hidden='false' data-av_icon='\ue805' data-av_iconfont='entypo-fontello' title='' data-avia-related-tooltip='Compartir por correo'><span class='avia_hidden_link_text'>Compartir por correo<\/span><\/a><\/li><\/ul><\/div><\/div>\n<div  style='height:50px' class='hr hr-invisible   avia-builder-el-8  el_after_av_social_share  el_before_av_comments_list '><span class='hr-inner ' ><span class='hr-inner-style'><\/span><\/span><\/div>\n<div  class='av-buildercomment  av-blog-meta-html-info-disabled av-blog-meta-tag-disabled  '><\/div>\n","protected":false},"excerpt":{"rendered":"","protected":false},"author":1,"featured_media":11580,"comment_status":"open","ping_status":"open","sticky":false,"template":"","format":"standard","meta":{"footnotes":""},"categories":[56],"tags":[],"class_list":["post-11579","post","type-post","status-publish","format-standard","has-post-thumbnail","hentry","category-trabajo"],"jetpack_featured_media_url":"https:\/\/radiorevelacionfm.cl\/wp-content\/uploads\/2021\/12\/Feria-3-1-1.jpg","_links":{"self":[{"href":"https:\/\/radiorevelacionfm.cl\/index.php?rest_route=\/wp\/v2\/posts\/11579","targetHints":{"allow":["GET"]}}],"collection":[{"href":"https:\/\/radiorevelacionfm.cl\/index.php?rest_route=\/wp\/v2\/posts"}],"about":[{"href":"https:\/\/radiorevelacionfm.cl\/index.php?rest_route=\/wp\/v2\/types\/post"}],"author":[{"embeddable":true,"href":"https:\/\/radiorevelacionfm.cl\/index.php?rest_route=\/wp\/v2\/users\/1"}],"replies":[{"embeddable":true,"href":"https:\/\/radiorevelacionfm.cl\/index.php?rest_route=%2Fwp%2Fv2%2Fcomments&post=11579"}],"version-history":[{"count":2,"href":"https:\/\/radiorevelacionfm.cl\/index.php?rest_route=\/wp\/v2\/posts\/11579\/revisions"}],"predecessor-version":[{"id":11582,"href":"https:\/\/radiorevelacionfm.cl\/index.php?rest_route=\/wp\/v2\/posts\/11579\/revisions\/11582"}],"wp:featuredmedia":[{"embeddable":true,"href":"https:\/\/radiorevelacionfm.cl\/index.php?rest_route=\/wp\/v2\/media\/11580"}],"wp:attachment":[{"href":"https:\/\/radiorevelacionfm.cl\/index.php?rest_route=%2Fwp%2Fv2%2Fmedia&parent=11579"}],"wp:term":[{"taxonomy":"category","embeddable":true,"href":"https:\/\/radiorevelacionfm.cl\/index.php?rest_route=%2Fwp%2Fv2%2Fcategories&post=11579"},{"taxonomy":"post_tag","embeddable":true,"href":"https:\/\/radiorevelacionfm.cl\/index.php?rest_route=%2Fwp%2Fv2%2Ftags&post=11579"}],"curies":[{"name":"wp","href":"https:\/\/api.w.org\/{rel}","templated":true}]}}