{"id":11574,"date":"2021-12-06T17:24:02","date_gmt":"2021-12-06T20:24:02","guid":{"rendered":"https:\/\/radiorevelacionfm.cl\/?p=11574"},"modified":"2021-12-06T17:24:02","modified_gmt":"2021-12-06T20:24:02","slug":"inauguran-pavimentacion-desde-puyuhuapi-al-puente-el-pangue-en-la-ruta-7-norte","status":"publish","type":"post","link":"https:\/\/radiorevelacionfm.cl\/?p=11574","title":{"rendered":"Inauguran pavimentaci\u00f3n desde Puyuhuapi al puente El Pangue en la ruta 7 norte"},"content":{"rendered":"<div class=\"flex_column av_one_full  flex_column_div av-zero-column-padding first  avia-builder-el-0  el_before_av_one_full  avia-builder-el-first  \" style='border-radius:0px; '><div  class='avia-image-container  av-styling-    avia-builder-el-1  avia-builder-el-no-sibling  avia-align-center '  itemprop=\"image\" itemscope=\"itemscope\" itemtype=\"https:\/\/schema.org\/ImageObject\"  ><div class='avia-image-container-inner'><div class='avia-image-overlay-wrap'><img decoding=\"async\" class='wp-image-11575 avia-img-lazy-loading-not-11575 avia_image' src=\"https:\/\/radiorevelacionfm.cl\/wp-content\/uploads\/2021\/12\/uno-3-1_optimized.jpg\" alt='' title='uno-3-(1)_optimized' height=\"600\" width=\"1438\"  itemprop=\"thumbnailUrl\" srcset=\"https:\/\/radiorevelacionfm.cl\/wp-content\/uploads\/2021\/12\/uno-3-1_optimized.jpg 1438w, https:\/\/radiorevelacionfm.cl\/wp-content\/uploads\/2021\/12\/uno-3-1_optimized-300x125.jpg 300w, https:\/\/radiorevelacionfm.cl\/wp-content\/uploads\/2021\/12\/uno-3-1_optimized-1030x430.jpg 1030w, https:\/\/radiorevelacionfm.cl\/wp-content\/uploads\/2021\/12\/uno-3-1_optimized-768x320.jpg 768w, https:\/\/radiorevelacionfm.cl\/wp-content\/uploads\/2021\/12\/uno-3-1_optimized-705x294.jpg 705w, https:\/\/radiorevelacionfm.cl\/wp-content\/uploads\/2021\/12\/uno-3-1_optimized-600x250.jpg 600w\" sizes=\"(max-width: 1438px) 100vw, 1438px\" \/><\/div><\/div><\/div><\/div><div class=\"flex_column av_one_full  flex_column_div av-zero-column-padding first  avia-builder-el-2  el_after_av_one_full  el_before_av_one_full  column-top-margin\" style='border-radius:0px; '><section class=\"av_textblock_section \"  itemscope=\"itemscope\" itemtype=\"https:\/\/schema.org\/BlogPosting\" itemprop=\"blogPost\" ><div class='avia_textblock  '   itemprop=\"text\" ><p style=\"text-align: center;\"><strong><span style=\"font-size: 18pt;\">Inauguran pavimentaci\u00f3n desde Puyuhuapi al puente El Pangue en la ruta 7 norte<\/span><\/strong><\/p>\n<div id=\"gtx-trans\" style=\"position: absolute; left: -50px; top: 4.31534px;\">\n<div class=\"gtx-trans-icon\"><\/div>\n<\/div>\n<\/div><\/section><\/div><div class=\"flex_column av_one_full  flex_column_div av-zero-column-padding first  avia-builder-el-4  el_after_av_one_full  el_before_av_hr  column-top-margin\" style='border-radius:0px; '><section class=\"av_textblock_section \"  itemscope=\"itemscope\" itemtype=\"https:\/\/schema.org\/BlogPosting\" itemprop=\"blogPost\" ><div class='avia_textblock  '   itemprop=\"text\" ><p style=\"text-align: justify;\">Hasta Puyuhuapi viajaron recientemente la Delegada Presidencial Regional Margarita Ossa Rojas, el Gobernador Regional (S) \u00d3scar del Solar, el Secretario Regional Ministerial de Obras P\u00fablicas, N\u00e9stor Mera Mu\u00f1oz y el Director Regional de Vialidad MOP Jaime Alarc\u00f3n\u00a0 para inaugurar junto a la comunidad, al Alcalde de la comuna de Cisnes Francisco Roncagliolo, el Senador David Sandoval y Concejales de la comuna la pavimentaci\u00f3n de 14 kil\u00f3metros de la Ruta 7 Norte, entre el puente El Pangue y la Localidad de Puyuhuapi.<\/p>\n<p style=\"text-align: justify;\">Esta pavimentaci\u00f3n consider\u00f3 una inversi\u00f3n del Gobierno Regional de Ays\u00e9n de $9.648 millones y contempl\u00f3 la construcci\u00f3n de obras de saneamiento y drenaje; de seguridad vial con la instalaci\u00f3n de se\u00f1ales verticales, demarcaci\u00f3n del pavimento y colocaci\u00f3n de barreras mixtas de metal-madera y defensas met\u00e1licas; obras fluviales de protecci\u00f3n de riberas mediante la construcci\u00f3n de enrocados de protecci\u00f3n en el puente El Muelle, Arroyo Santanas y Ciruelillo; y entregar estabilidad en los taludes con la instalaci\u00f3n de mallas pasivas, entre otros, as\u00ed lo coment\u00f3 en di\u00e1logo abierto con todos los asistentes, la Delegada Presidencial Regional Margarita Ossa, qui\u00e9n destac\u00f3 la importancia de esta pavimentaci\u00f3n, \u201cestamos muy contentos porque estamos inaugurando estos 14 km de pavimentaci\u00f3n lo que es una preciosa noticia porque la verdad es que todos los aqu\u00ed presentes quienes hoy nos acompa\u00f1an hemos compartido un mismo discurso que es el discurso de un trabajo colaborativo que es muy importante y que se enmarca dentro del convenio de programaci\u00f3n que tiene el Gobierno Regional con el Ministerio de Obras P\u00fablicas, pero sobre todo en estos cuatro a\u00f1os de gobierno hemos cumplido un compromiso que era justamente avanzar en la conectividad y la pavimentaci\u00f3n de nuestra regi\u00f3n en aras de la modernidad, en aras de poder dar la dignidad que corresponde a nuestra poblaci\u00f3n de lo que significa tener una buena conectividad, as\u00ed que la verdad es que lo que prima en esta inauguraci\u00f3n es la felicidad, estar muy contentos porque este efectivamente, es un avance\u201d.<\/p>\n<p style=\"text-align: justify;\">Por su parte, el Gobernador Regional (S) \u00d3scar del Solar destac\u00f3 \u201cesta es una obra que es financiada por el Gobierno Regional, pero no tan s\u00f3lo como Gobierno Regional, sino\u00a0 tambi\u00e9n es trabajo de\u00a0 los Consejeros Regionales quienes levantan su mano y aprueban con su voto este tipo de financiamiento, y c\u00f3mo no hacerlo si la Ruta 7 es la columna vertebral de nuestra regi\u00f3n y es el camino que en realidad abre hartas\u00a0 expectativas para el desarrollo tur\u00edstico, el desarrollo productivo, comercial, social y humano de los distintos habitantes de la regi\u00f3n\u201d.<\/p>\n<p style=\"text-align: justify;\">Luego de hacer un recorrido por las obras acompa\u00f1ado por los vecinos, el SEREMI del MOP \u00a0hizo un balance en materia de pavimentaci\u00f3n tanto en la comuna como en la regi\u00f3n de Ays\u00e9n, anunciando adem\u00e1s importantes obras a realizar. Al respecto se\u00f1al\u00f3 \u201cestamos muy contentos por la inauguraci\u00f3n de estos 14 kil\u00f3metros de pavimentaci\u00f3n que unen a Puyuhuapi con La Junta, despu\u00e9s de muchos a\u00f1os de espera hoy d\u00eda los vecinos ven concretado un hermoso sue\u00f1o, y ese sue\u00f1o es parte de un proyecto mucho mayor que nosotros hemos realizado conjuntamente con el Gobierno Regional de Ays\u00e9n mediante un Convenio de Programaci\u00f3n en donde hemos incorporado 100 kil\u00f3metros de pavimentaci\u00f3n. Como Ministerio de Obras P\u00fablicas estamos viviendo minutos que son de mucha alegr\u00eda, porque estamos entregando el fruto del esfuerzo y trabajo que hemos realizado por mucho tiempo y estamos contentos porque, adem\u00e1s de haber terminado este tramo de pavimento, tambi\u00e9n en la comuna de Cisnes tenemos dos obras m\u00e1s de pavimentaci\u00f3n de la Ruta 7 Norte que actualmente se est\u00e1n ejecutando en toda la zona del Queulat, y en la Ruta 7 Sur estamos trabajando en Cochrane con 5 kil\u00f3metros de pavimento, en Puerto R\u00edo Tranquilo con 14 km m\u00e1s de pavimentaci\u00f3n y\u00a0 estamos pr\u00f3ximos a entregar terreno en el sector de Cerro Castillo con m\u00e1s obras de pavimentaci\u00f3n, lo que ha sido un sello de nuestra gesti\u00f3n y en el gobierno del presidente Sebasti\u00e1n Pi\u00f1era. Hoy tambi\u00e9n estamos muy contentos porque adicionalmente, hemos podido licitar nuevamente las obras b\u00e1sicas del sector Cuesta Queulat\/cuesta Las Peras\u00a0 en una extensi\u00f3n de 5,5 km \u00a0y con una inversi\u00f3n presupuestada de $12 mil millones, as\u00ed que ha sido un esfuerzo presupuestario y humano enorme, pero bien vale la pena porque nuestra Carretera Austral es la que nos permite conectarnos de norte a sur en la regi\u00f3n de Ays\u00e9n y tambi\u00e9n posibilita el tan ansiado desarrollo econ\u00f3mico, productivo, social que buscamos quienes vivimos en ella\u201d.<\/p>\n<p style=\"text-align: justify;\">El Alcalde de la comuna de Cisnes, Francisco Roncagliolo destac\u00f3 que estas obras son muy relevantes y que se han podido concretar gracias a la uni\u00f3n de muchas voluntades. \u201cHa sido muy significativo lo que hemos logrado, que entre todos al final del d\u00eda hemos colaborado para que esto salga y las voluntades de todos hicieron que este proyecto se hiciera r\u00e1pido en una \u00e9poca muy dif\u00edcil, sobre todo en pandemia y que tambi\u00e9n le abriera las puertas a otros proyectos que tambi\u00e9n fueran igual de r\u00e1pido y f\u00e1ciles sobre todo en su adjudicaci\u00f3n, as\u00ed que contento de que en estos cuatro a\u00f1os hemos logrado lo que\u00a0 nuestra comuna ha querido y eso ha sido gracias al aporte de cada uno de ustedes\u201d<\/p>\n<p style=\"text-align: justify;\">Al ser consultada Paola Rodr\u00edguez, presidenta de la Junta de Vecinos de Puyuhuapi respecto a estos trabajos ya terminados, la dirigente se\u00f1al\u00f3 \u00a0\u201ceste proceso es de plena felicidad, son sue\u00f1os que se van cumpliendo y completando en el tiempo. Pensar en el a\u00f1o 83 cuando esto s\u00f3lo era una v\u00eda de penetraci\u00f3n y nos demor\u00e1bamos hasta 12 horas para llegar a Coyhaique y hoy d\u00eda nos demoramos 3 a 3.5 horas, son sue\u00f1os que se van cumpliendo y estas cosas nos van alegrando. Algo que nos ocurri\u00f3 en estos dos a\u00f1os de pandemia -que fueron bien especiales- es que en nuestra comuna hubo un trabajo importante, hubo un trabajo minucioso y que dio sus frutos. Aqu\u00ed hab\u00eda una preocupaci\u00f3n, sab\u00edamos que no \u00edbamos a estar bien en el tema del turismo, sab\u00edamos que se nos ven\u00eda complicado el cierre de la regi\u00f3n, m\u00e1s la paralizaci\u00f3n y afortunadamente aprendimos a trabajar con la empresa y pudimos vencer este miedo a este Covid y generar toda una cadena productiva dentro de nuestra localidad y dentro de la comuna, porque no s\u00f3lo los vecinos de Puyuhuapi se vieron beneficiados con estos trabajos, sino tambi\u00e9n cu\u00e1ntas familias no dejaron de recibir su sueldo, cu\u00e1nta\u00a0 gente tuvo la oportunidad de mejorar sus emprendimientos gracias a estas obras. Esto es mucho m\u00e1s que el pavimento en s\u00ed, es mucho m\u00e1s potente y marca m\u00e1s a las comunidades este tipo de trabajos. Simplemente agradecer y decirles que de verdad este ha sido un tremendo avance, nos va a quedar muy poquito, pero los vecinos est\u00e1n muy felices y lo agradecen much\u00edsimo, es verdad, es real\u201d.<\/p>\n<\/div><\/section><\/div><div  style='height:50px' class='hr hr-invisible   avia-builder-el-6  el_after_av_one_full  el_before_av_social_share '><span class='hr-inner ' ><span class='hr-inner-style'><\/span><\/span><\/div><\/p>\n<div  class='av-social-sharing-box  avia-builder-el-7  el_after_av_hr  el_before_av_hr  '><div class='av-share-box'><h5 class='av-share-link-description av-no-toc '>Compartir esta noticia<\/h5><ul class='av-share-box-list noLightbox'><li class='av-share-link av-social-link-facebook' ><a target=\"_blank\" aria-label=\"Compartir en Facebook\" href='https:\/\/www.facebook.com\/sharer.php?u=https:\/\/radiorevelacionfm.cl\/?p=11574&#038;t=Inauguran%20pavimentaci%C3%B3n%20desde%20Puyuhuapi%20al%20puente%20El%20Pangue%20en%20la%20ruta%207%20norte' aria-hidden='false' data-av_icon='\ue8f3' data-av_iconfont='entypo-fontello' title='' data-avia-related-tooltip='Compartir en Facebook' rel=\"noopener\"><span class='avia_hidden_link_text'>Compartir en Facebook<\/span><\/a><\/li><li class='av-share-link av-social-link-twitter' ><a target=\"_blank\" aria-label=\"Compartir en Twitter\" href='https:\/\/twitter.com\/share?text=Inauguran%20pavimentaci%C3%B3n%20desde%20Puyuhuapi%20al%20puente%20El%20Pangue%20en%20la%20ruta%207%20norte&#038;url=https:\/\/radiorevelacionfm.cl\/?p=11574' aria-hidden='false' data-av_icon='\ue8f1' data-av_iconfont='entypo-fontello' title='' data-avia-related-tooltip='Compartir en Twitter' rel=\"noopener\"><span class='avia_hidden_link_text'>Compartir en Twitter<\/span><\/a><\/li><li class='av-share-link av-social-link-whatsapp' ><a target=\"_blank\" aria-label=\"Compartir en Whatsapp\" href='https:\/\/api.whatsapp.com\/send?text=https:\/\/radiorevelacionfm.cl\/?p=11574' aria-hidden='false' data-av_icon='\uf232' data-av_iconfont='entypo-fontello' title='' data-avia-related-tooltip='Compartir en Whatsapp' rel=\"noopener\"><span class='avia_hidden_link_text'>Compartir en Whatsapp<\/span><\/a><\/li><li class='av-share-link av-social-link-linkedin' ><a target=\"_blank\" aria-label=\"Compartir en LinkedIn\" href='https:\/\/linkedin.com\/shareArticle?mini=true&#038;title=Inauguran%20pavimentaci%C3%B3n%20desde%20Puyuhuapi%20al%20puente%20El%20Pangue%20en%20la%20ruta%207%20norte&#038;url=https:\/\/radiorevelacionfm.cl\/?p=11574' aria-hidden='false' data-av_icon='\ue8fc' data-av_iconfont='entypo-fontello' title='' data-avia-related-tooltip='Compartir en LinkedIn' rel=\"noopener\"><span class='avia_hidden_link_text'>Compartir en LinkedIn<\/span><\/a><\/li><li class='av-share-link av-social-link-mail' ><a  aria-label=\"Compartir por correo\" href='mailto:?subject=Inauguran%20pavimentaci%C3%B3n%20desde%20Puyuhuapi%20al%20puente%20El%20Pangue%20en%20la%20ruta%207%20norte&#038;body=https:\/\/radiorevelacionfm.cl\/?p=11574' aria-hidden='false' data-av_icon='\ue805' data-av_iconfont='entypo-fontello' title='' data-avia-related-tooltip='Compartir por correo'><span class='avia_hidden_link_text'>Compartir por correo<\/span><\/a><\/li><\/ul><\/div><\/div>\n<div  style='height:50px' class='hr hr-invisible   avia-builder-el-8  el_after_av_social_share  el_before_av_comments_list '><span class='hr-inner ' ><span class='hr-inner-style'><\/span><\/span><\/div>\n<div  class='av-buildercomment  av-blog-meta-html-info-disabled av-blog-meta-tag-disabled  '><\/div>\n","protected":false},"excerpt":{"rendered":"","protected":false},"author":1,"featured_media":11575,"comment_status":"open","ping_status":"open","sticky":false,"template":"","format":"standard","meta":{"footnotes":""},"categories":[38],"tags":[],"class_list":["post-11574","post","type-post","status-publish","format-standard","has-post-thumbnail","hentry","category-regional"],"jetpack_featured_media_url":"https:\/\/radiorevelacionfm.cl\/wp-content\/uploads\/2021\/12\/uno-3-1_optimized.jpg","_links":{"self":[{"href":"https:\/\/radiorevelacionfm.cl\/index.php?rest_route=\/wp\/v2\/posts\/11574","targetHints":{"allow":["GET"]}}],"collection":[{"href":"https:\/\/radiorevelacionfm.cl\/index.php?rest_route=\/wp\/v2\/posts"}],"about":[{"href":"https:\/\/radiorevelacionfm.cl\/index.php?rest_route=\/wp\/v2\/types\/post"}],"author":[{"embeddable":true,"href":"https:\/\/radiorevelacionfm.cl\/index.php?rest_route=\/wp\/v2\/users\/1"}],"replies":[{"embeddable":true,"href":"https:\/\/radiorevelacionfm.cl\/index.php?rest_route=%2Fwp%2Fv2%2Fcomments&post=11574"}],"version-history":[{"count":2,"href":"https:\/\/radiorevelacionfm.cl\/index.php?rest_route=\/wp\/v2\/posts\/11574\/revisions"}],"predecessor-version":[{"id":11578,"href":"https:\/\/radiorevelacionfm.cl\/index.php?rest_route=\/wp\/v2\/posts\/11574\/revisions\/11578"}],"wp:featuredmedia":[{"embeddable":true,"href":"https:\/\/radiorevelacionfm.cl\/index.php?rest_route=\/wp\/v2\/media\/11575"}],"wp:attachment":[{"href":"https:\/\/radiorevelacionfm.cl\/index.php?rest_route=%2Fwp%2Fv2%2Fmedia&parent=11574"}],"wp:term":[{"taxonomy":"category","embeddable":true,"href":"https:\/\/radiorevelacionfm.cl\/index.php?rest_route=%2Fwp%2Fv2%2Fcategories&post=11574"},{"taxonomy":"post_tag","embeddable":true,"href":"https:\/\/radiorevelacionfm.cl\/index.php?rest_route=%2Fwp%2Fv2%2Ftags&post=11574"}],"curies":[{"name":"wp","href":"https:\/\/api.w.org\/{rel}","templated":true}]}}