{"id":11569,"date":"2021-12-06T16:58:25","date_gmt":"2021-12-06T19:58:25","guid":{"rendered":"https:\/\/radiorevelacionfm.cl\/?p=11569"},"modified":"2021-12-06T16:58:25","modified_gmt":"2021-12-06T19:58:25","slug":"jinete-coyhaiquino-clasifica-al-festival-de-doma-y-folklore-de-jesus-maria-en-argentina","status":"publish","type":"post","link":"https:\/\/radiorevelacionfm.cl\/?p=11569","title":{"rendered":"Jinete Coyhaiquino clasifica al festival de doma y folklore de Jes\u00fas Mar\u00eda en Argentina"},"content":{"rendered":"<div class=\"flex_column av_one_full  flex_column_div av-zero-column-padding first  avia-builder-el-0  el_before_av_one_full  avia-builder-el-first  \" style='border-radius:0px; '><div  class='avia-image-container  av-styling-    avia-builder-el-1  avia-builder-el-no-sibling  avia-align-center '  itemprop=\"image\" itemscope=\"itemscope\" itemtype=\"https:\/\/schema.org\/ImageObject\"  ><div class='avia-image-container-inner'><div class='avia-image-overlay-wrap'><img decoding=\"async\" class='wp-image-11570 avia-img-lazy-loading-not-11570 avia_image' src=\"https:\/\/radiorevelacionfm.cl\/wp-content\/uploads\/2021\/12\/Hector-Silva-Jinete-Coyhaique-5-1-1.jpeg\" alt='' title='Hector Silva Jinete Coyhaique (5) (1) (1)' height=\"600\" width=\"900\"  itemprop=\"thumbnailUrl\" srcset=\"https:\/\/radiorevelacionfm.cl\/wp-content\/uploads\/2021\/12\/Hector-Silva-Jinete-Coyhaique-5-1-1.jpeg 900w, https:\/\/radiorevelacionfm.cl\/wp-content\/uploads\/2021\/12\/Hector-Silva-Jinete-Coyhaique-5-1-1-300x200.jpeg 300w, https:\/\/radiorevelacionfm.cl\/wp-content\/uploads\/2021\/12\/Hector-Silva-Jinete-Coyhaique-5-1-1-768x512.jpeg 768w, https:\/\/radiorevelacionfm.cl\/wp-content\/uploads\/2021\/12\/Hector-Silva-Jinete-Coyhaique-5-1-1-705x470.jpeg 705w, https:\/\/radiorevelacionfm.cl\/wp-content\/uploads\/2021\/12\/Hector-Silva-Jinete-Coyhaique-5-1-1-600x400.jpeg 600w\" sizes=\"(max-width: 900px) 100vw, 900px\" \/><\/div><\/div><\/div><\/div><div class=\"flex_column av_one_full  flex_column_div av-zero-column-padding first  avia-builder-el-2  el_after_av_one_full  el_before_av_one_full  column-top-margin\" style='border-radius:0px; '><section class=\"av_textblock_section \"  itemscope=\"itemscope\" itemtype=\"https:\/\/schema.org\/BlogPosting\" itemprop=\"blogPost\" ><div class='avia_textblock  '   itemprop=\"text\" ><p style=\"text-align: center;\"><strong><span style=\"font-size: 18pt;\">Jinete Coyhaiquino clasifica al festival de doma y folklore de Jes\u00fas Mar\u00eda en Argentina<\/span><\/strong><\/p>\n<div id=\"gtx-trans\" style=\"position: absolute; left: -50px; top: 4.31534px;\">\n<div class=\"gtx-trans-icon\"><\/div>\n<\/div>\n<\/div><\/section><\/div><div class=\"flex_column av_one_full  flex_column_div av-zero-column-padding first  avia-builder-el-4  el_after_av_one_full  el_before_av_hr  column-top-margin\" style='border-radius:0px; '><section class=\"av_textblock_section \"  itemscope=\"itemscope\" itemtype=\"https:\/\/schema.org\/BlogPosting\" itemprop=\"blogPost\" ><div class='avia_textblock  '   itemprop=\"text\" ><p style=\"text-align: justify;\">El 4 y 5 de diciembre se realiz\u00f3 la XVIII versi\u00f3n del Clasificatorio de Chile a Jes\u00fas Mar\u00eda 2022, organizado por el Club de Jineteadas Rigor y Coraje, instancia en donde se eligieron los 4 jinetes que representar\u00e1n a Chile en las Categor\u00edas Crina Limpia, Grupa Surera y Bastos con Encimera. El evento se realiz\u00f3 en el Campo de Doma Felipe Vidal N\u00fa\u00f1ez de la Estancia San Jorge, Puerto Natales<\/p>\n<p style=\"text-align: justify;\">En la oportunidad participaron 11 jinetes Ayseninos, oriundos de la comuna de Chile Chico, Coyhaique y Lago Verde, los cuales llegaron por sus propios medios hasta la aislada regi\u00f3n de Magallanes.<\/p>\n<p style=\"text-align: justify;\">La actividad tuvo como payador a Jonathan Hern\u00e1ndez, Erick Oyarz\u00fan y los relatos de H\u00e9ctor Cejas, que con su canto improvisado les dieron vida a las 100 montas de ambas jornada.<\/p>\n<p style=\"text-align: justify;\">Felipe Vidal, Presidente del Club organizador, manifest\u00f3 \u201cdespu\u00e9s de 2 largos a\u00f1os de pandemia se han vuelto a organizar eventos de jineteada. Hoy, contamos con 1.500 personas que nos est\u00e1n acompa\u00f1ando y nos parece interesante la presencia de la delegaci\u00f3n de la regi\u00f3n de Ays\u00e9n, as\u00ed como tambi\u00e9n la presencia de un jinete de Linares, Chait\u00e9n, m\u00e1s los jinetes locales de Natales \u00ab.<\/p>\n<p style=\"text-align: justify;\"><strong>CLASIFICACI\u00d3N<\/strong><\/p>\n<p style=\"text-align: justify;\">En la Clasificaci\u00f3n se disputaron 3 categor\u00edas: Crina Limpia, Grupa Surera y Bastos con Encimera adem\u00e1s de un suplente que apoyar\u00e1 ante cualquier inconveniente la participaci\u00f3n de Chile quedando, la representaci\u00f3n con los siguientes Jinetes.<\/p>\n<ul style=\"text-align: justify;\">\n<li>Grupa Surera: Rafael Loaiza \u2013 Puerto Natales<\/li>\n<li>Bastos con Encimera: Emanuel Vidal \u2013 Puerto Natales<\/li>\n<li>Crina Limpia: Juan Mu\u00f1oz \u2013 Puerto Natales<\/li>\n<li>Suplente: H\u00e9ctor Silva Mancilla \u2013 Coyhaique<\/li>\n<\/ul>\n<p style=\"text-align: justify;\">\u201cEstoy demasiado emocionado, no me lo esperaba, las dos jornadas la viv\u00ed al cien por ciento. Esta vez llegu\u00e9 como las veces anteriores con las ganas de que quer\u00eda ganar, siempre esforz\u00e1ndome y dando lo mejor.\u00a0 Yo quer\u00eda tener mi lugar, siempre luch\u00e9 para ganarme un puesto y hoy se me da la oportunidad as\u00ed que muy feliz y emocionado. Este logro se lo quiero dedicar a mi familia, mi abuela que es mi hincha n\u00famero 1, mis amigos que siempre est\u00e1n. Llegar a Jes\u00fas Mar\u00eda es un sue\u00f1o que tiene uno de peque\u00f1o porque es el festival m\u00e1s grande de jineteadas ahora podr\u00e9 cumplirlo y representar mi pa\u00eds y regi\u00f3n\u201d expres\u00f3 en la oportunidad el jinete Coyhaiquino, H\u00e9ctor Silva Mancilla.<\/p>\n<p style=\"text-align: justify;\">En tanto para el organizador de este clasificatorio,\u00a0 Felipe Vidal cerr\u00f3 la jornada indicando que fue \u201cUn balance positivo, un a\u00f1o m\u00e1s en este clasificatorio como Club de Jineteadas Rigor y Coraje, creo que los jinetes que clasificaron se ganaron su derecho y sin duda dejar\u00e1n bien representado su pa\u00eds a partir del 7 al 17 de enero 2022,\u00a0 en d\u00f3nde comienza esta participaci\u00f3n en la Provincia de C\u00f3rdoba Argentina (..) el Jinete H\u00e9ctor Silva es muy parejo en las tres categor\u00edas y seguro es una buena representaci\u00f3n solo me queda agradecer al p\u00fablico por acompa\u00f1arnos en este clasificatorio y espero que estos 4 jinetes tengan una buena participaci\u00f3n y regresen sanos a casa\u201d.<\/p>\n<\/div><\/section><\/div><div  style='height:50px' class='hr hr-invisible   avia-builder-el-6  el_after_av_one_full  el_before_av_social_share '><span class='hr-inner ' ><span class='hr-inner-style'><\/span><\/span><\/div><\/p>\n<div  class='av-social-sharing-box  avia-builder-el-7  el_after_av_hr  el_before_av_hr  '><div class='av-share-box'><h5 class='av-share-link-description av-no-toc '>Compartir esta noticia<\/h5><ul class='av-share-box-list noLightbox'><li class='av-share-link av-social-link-facebook' ><a target=\"_blank\" aria-label=\"Compartir en Facebook\" href='https:\/\/www.facebook.com\/sharer.php?u=https:\/\/radiorevelacionfm.cl\/?p=11569&#038;t=Jinete%20Coyhaiquino%20clasifica%20al%20festival%20de%20doma%20y%20folklore%20de%20Jes%C3%BAs%20Mar%C3%ADa%20en%20Argentina' aria-hidden='false' data-av_icon='\ue8f3' data-av_iconfont='entypo-fontello' title='' data-avia-related-tooltip='Compartir en Facebook' rel=\"noopener\"><span class='avia_hidden_link_text'>Compartir en Facebook<\/span><\/a><\/li><li class='av-share-link av-social-link-twitter' ><a target=\"_blank\" aria-label=\"Compartir en Twitter\" href='https:\/\/twitter.com\/share?text=Jinete%20Coyhaiquino%20clasifica%20al%20festival%20de%20doma%20y%20folklore%20de%20Jes%C3%BAs%20Mar%C3%ADa%20en%20Argentina&#038;url=https:\/\/radiorevelacionfm.cl\/?p=11569' aria-hidden='false' data-av_icon='\ue8f1' data-av_iconfont='entypo-fontello' title='' data-avia-related-tooltip='Compartir en Twitter' rel=\"noopener\"><span class='avia_hidden_link_text'>Compartir en Twitter<\/span><\/a><\/li><li class='av-share-link av-social-link-whatsapp' ><a target=\"_blank\" aria-label=\"Compartir en Whatsapp\" href='https:\/\/api.whatsapp.com\/send?text=https:\/\/radiorevelacionfm.cl\/?p=11569' aria-hidden='false' data-av_icon='\uf232' data-av_iconfont='entypo-fontello' title='' data-avia-related-tooltip='Compartir en Whatsapp' rel=\"noopener\"><span class='avia_hidden_link_text'>Compartir en Whatsapp<\/span><\/a><\/li><li class='av-share-link av-social-link-linkedin' ><a target=\"_blank\" aria-label=\"Compartir en LinkedIn\" href='https:\/\/linkedin.com\/shareArticle?mini=true&#038;title=Jinete%20Coyhaiquino%20clasifica%20al%20festival%20de%20doma%20y%20folklore%20de%20Jes%C3%BAs%20Mar%C3%ADa%20en%20Argentina&#038;url=https:\/\/radiorevelacionfm.cl\/?p=11569' aria-hidden='false' data-av_icon='\ue8fc' data-av_iconfont='entypo-fontello' title='' data-avia-related-tooltip='Compartir en LinkedIn' rel=\"noopener\"><span class='avia_hidden_link_text'>Compartir en LinkedIn<\/span><\/a><\/li><li class='av-share-link av-social-link-mail' ><a  aria-label=\"Compartir por correo\" href='mailto:?subject=Jinete%20Coyhaiquino%20clasifica%20al%20festival%20de%20doma%20y%20folklore%20de%20Jes%C3%BAs%20Mar%C3%ADa%20en%20Argentina&#038;body=https:\/\/radiorevelacionfm.cl\/?p=11569' aria-hidden='false' data-av_icon='\ue805' data-av_iconfont='entypo-fontello' title='' data-avia-related-tooltip='Compartir por correo'><span class='avia_hidden_link_text'>Compartir por correo<\/span><\/a><\/li><\/ul><\/div><\/div>\n<div  style='height:50px' class='hr hr-invisible   avia-builder-el-8  el_after_av_social_share  el_before_av_comments_list '><span class='hr-inner ' ><span class='hr-inner-style'><\/span><\/span><\/div>\n<div  class='av-buildercomment  av-blog-meta-html-info-disabled av-blog-meta-tag-disabled  '><\/div>\n","protected":false},"excerpt":{"rendered":"","protected":false},"author":1,"featured_media":11570,"comment_status":"open","ping_status":"open","sticky":false,"template":"","format":"standard","meta":{"footnotes":""},"categories":[38],"tags":[],"class_list":["post-11569","post","type-post","status-publish","format-standard","has-post-thumbnail","hentry","category-regional"],"jetpack_featured_media_url":"https:\/\/radiorevelacionfm.cl\/wp-content\/uploads\/2021\/12\/Hector-Silva-Jinete-Coyhaique-5-1-1.jpeg","_links":{"self":[{"href":"https:\/\/radiorevelacionfm.cl\/index.php?rest_route=\/wp\/v2\/posts\/11569","targetHints":{"allow":["GET"]}}],"collection":[{"href":"https:\/\/radiorevelacionfm.cl\/index.php?rest_route=\/wp\/v2\/posts"}],"about":[{"href":"https:\/\/radiorevelacionfm.cl\/index.php?rest_route=\/wp\/v2\/types\/post"}],"author":[{"embeddable":true,"href":"https:\/\/radiorevelacionfm.cl\/index.php?rest_route=\/wp\/v2\/users\/1"}],"replies":[{"embeddable":true,"href":"https:\/\/radiorevelacionfm.cl\/index.php?rest_route=%2Fwp%2Fv2%2Fcomments&post=11569"}],"version-history":[{"count":2,"href":"https:\/\/radiorevelacionfm.cl\/index.php?rest_route=\/wp\/v2\/posts\/11569\/revisions"}],"predecessor-version":[{"id":11572,"href":"https:\/\/radiorevelacionfm.cl\/index.php?rest_route=\/wp\/v2\/posts\/11569\/revisions\/11572"}],"wp:featuredmedia":[{"embeddable":true,"href":"https:\/\/radiorevelacionfm.cl\/index.php?rest_route=\/wp\/v2\/media\/11570"}],"wp:attachment":[{"href":"https:\/\/radiorevelacionfm.cl\/index.php?rest_route=%2Fwp%2Fv2%2Fmedia&parent=11569"}],"wp:term":[{"taxonomy":"category","embeddable":true,"href":"https:\/\/radiorevelacionfm.cl\/index.php?rest_route=%2Fwp%2Fv2%2Fcategories&post=11569"},{"taxonomy":"post_tag","embeddable":true,"href":"https:\/\/radiorevelacionfm.cl\/index.php?rest_route=%2Fwp%2Fv2%2Ftags&post=11569"}],"curies":[{"name":"wp","href":"https:\/\/api.w.org\/{rel}","templated":true}]}}