{"id":11565,"date":"2021-12-06T16:40:18","date_gmt":"2021-12-06T19:40:18","guid":{"rendered":"https:\/\/radiorevelacionfm.cl\/?p=11565"},"modified":"2021-12-06T16:40:18","modified_gmt":"2021-12-06T19:40:18","slug":"escuela-amanda-labarca-de-raul-marin-balmaceda-recibio-mas-de-284-millones-para-la-conservacion-de-su-establecimiento","status":"publish","type":"post","link":"https:\/\/radiorevelacionfm.cl\/?p=11565","title":{"rendered":"Escuela Amanda Labarca de Ra\u00fal Mar\u00edn Balmaceda recibi\u00f3 m\u00e1s de $284 millones para la conservaci\u00f3n de su establecimiento"},"content":{"rendered":"<div class=\"flex_column av_one_full  flex_column_div av-zero-column-padding first  avia-builder-el-0  el_before_av_one_full  avia-builder-el-first  \" style='border-radius:0px; '><div  class='avia-image-container  av-styling-    avia-builder-el-1  avia-builder-el-no-sibling  avia-align-center '  itemprop=\"image\" itemscope=\"itemscope\" itemtype=\"https:\/\/schema.org\/ImageObject\"  ><div class='avia-image-container-inner'><div class='avia-image-overlay-wrap'><img decoding=\"async\" class='wp-image-11566 avia-img-lazy-loading-not-11566 avia_image' src=\"https:\/\/radiorevelacionfm.cl\/wp-content\/uploads\/2021\/12\/Raul-Marin-2i-1-1.jpg\" alt='' title='Ra\u00fal Mar\u00edn 2i (1) (1)' height=\"600\" width=\"997\"  itemprop=\"thumbnailUrl\" srcset=\"https:\/\/radiorevelacionfm.cl\/wp-content\/uploads\/2021\/12\/Raul-Marin-2i-1-1.jpg 997w, https:\/\/radiorevelacionfm.cl\/wp-content\/uploads\/2021\/12\/Raul-Marin-2i-1-1-300x181.jpg 300w, https:\/\/radiorevelacionfm.cl\/wp-content\/uploads\/2021\/12\/Raul-Marin-2i-1-1-768x462.jpg 768w, https:\/\/radiorevelacionfm.cl\/wp-content\/uploads\/2021\/12\/Raul-Marin-2i-1-1-705x424.jpg 705w, https:\/\/radiorevelacionfm.cl\/wp-content\/uploads\/2021\/12\/Raul-Marin-2i-1-1-600x361.jpg 600w\" sizes=\"(max-width: 997px) 100vw, 997px\" \/><\/div><\/div><\/div><\/div><div class=\"flex_column av_one_full  flex_column_div av-zero-column-padding first  avia-builder-el-2  el_after_av_one_full  el_before_av_one_full  column-top-margin\" style='border-radius:0px; '><section class=\"av_textblock_section \"  itemscope=\"itemscope\" itemtype=\"https:\/\/schema.org\/BlogPosting\" itemprop=\"blogPost\" ><div class='avia_textblock  '   itemprop=\"text\" ><p style=\"text-align: center;\"><span style=\"font-size: 18pt;\"><b>Escuela Amanda Labarca de Ra\u00fal Mar\u00edn Balmaceda recibi\u00f3 m\u00e1s de $284 millones para la conservaci\u00f3n de su establecimiento<\/b><\/span><\/p>\n<div id=\"gtx-trans\" style=\"position: absolute; left: -50px; top: 4.31534px;\">\n<div class=\"gtx-trans-icon\"><\/div>\n<\/div>\n<\/div><\/section><\/div><div class=\"flex_column av_one_full  flex_column_div av-zero-column-padding first  avia-builder-el-4  el_after_av_one_full  el_before_av_hr  column-top-margin\" style='border-radius:0px; '><section class=\"av_textblock_section \"  itemscope=\"itemscope\" itemtype=\"https:\/\/schema.org\/BlogPosting\" itemprop=\"blogPost\" ><div class='avia_textblock  '   itemprop=\"text\" ><p class=\"v1MsoNormal\" style=\"text-align: justify;\">Hasta\u00a0 Ra\u00fal Mar\u00edn Balmaceda, localidad costera de la comuna de Cisnes lleg\u00f3 el Seremi Sergio Becerra Mera para entregar recursos del Ministerio de Educaci\u00f3n por un monto de $284.500.000 pesos del Fondo de Conservaci\u00f3n de Infraestructura, que permitir\u00e1n el mejoramiento de la Escuela B\u00e1sica Amanda Labarca Huberstone,\u00a0 adjudicado en la convocatoria 2021.<\/p>\n<p class=\"v1MsoNormal\" style=\"text-align: justify;\">A la ceremonia de entrega simb\u00f3lica de recursos del Mineduc asistieron el Alcalde de Cisnes Francisco Roncagliolo Lep\u00edo, la Jefa del Departamento Municipal de Educaci\u00f3n Loreto Contreras, el profesor encargado de la escuela beneficiaria Marcelo Godoy,\u00a0\u00a0junto a apoderados y estudiantes del plantel.<\/p>\n<p class=\"v1MsoNormal\" style=\"text-align: justify;\">El proyecto adjudicado consiste en la reparaci\u00f3n y mejoramiento de los revestimientos interiores y exteriores, pisos, cielos, port\u00f3n vehicular, techumbres, muros, pavimentos, cubiertas, ventanas, servicios higi\u00e9nicos, puertas, canaletas y bajadas de aguas lluvias del recinto educacional. Tambi\u00e9n se habilitar\u00e1 y mejorar\u00e1 los accesos interiores y exteriores del recinto educacional.<\/p>\n<p class=\"v1MsoNormal\" style=\"text-align: justify;\">El Seremi Sergio Becerra Mera, al hacer entrega de los recursos coment\u00f3 que estos provienen de una Convocatoria de Conservaciones, del Fondo de Infraestructura Escolar de la Direcci\u00f3n de Educaci\u00f3n P\u00fablica (DEP) del Ministerio de Educaci\u00f3n. Esta convocatoria, permiti\u00f3 destinar recursos para la conservaci\u00f3n de establecimientos, utilizando la infraestructura existente y que se encuentra en buen estado de conservaci\u00f3n, reparando los espacios que requieren de mantenci\u00f3n.<\/p>\n<p class=\"v1MsoNormal\" style=\"text-align: justify;\">\u00abCon este financiamiento, estamos respondiendo a las necesidades de este establecimiento que atiende a 28 estudiantes y que sin duda el mejoramiento de infraestructura que se realizar\u00e1 traer\u00e1 mayor confort a ellos, a sus profesores y a los asistentes de la educaci\u00f3n. Felicitamos al Alcalde Francisco Roncagliolo y su equipo de educaci\u00f3n municipal esperamos que con este traspaso de dinero muy pronto se inicien los trabajos\u00bb, indic\u00f3 la autoridad sectorial.<\/p>\n<p class=\"v1MsoNormal\" style=\"text-align: justify;\">Por su parte, el Alcalde de Cisnes Francisco Roncagliolo valor\u00f3 positivamente la entrega de recursos frescos<b>.<\/b><\/p>\n<p class=\"v1MsoNormal\" style=\"text-align: justify;\">\u00abComo sostenedores educacionales estamos muy agradecidos del apoyo que nos ha prestado el Ministerio de Educaci\u00f3n, a trav\u00e9s de la Serem\u00eda que lidera Sergio Becerra porque se han escuchado las peticiones y requerimientos en materia educacional que hemos hecho, pensando en mejorar la infraestructura escolar para que nuestros estudiantes tengan la mejor experiencia durante su proceso educativo. Hoy recibimos estos importantes recursos que nos permitir\u00e1 atender este establecimiento, que tiene una larga data de funcionamiento y que requiere mejoras en su edificio para cumplir con los est\u00e1ndares que hoy demandan nuestros estudiantes y sus familias. De esta forma, respondemos a la confianza de nuestros profesores, padres y apoderados\u00bb.<\/p>\n<p class=\"v1MsoNormal\" style=\"text-align: justify;\">El profesor encargado de la Escuela Amanda Labarca Marcelo Godoy destac\u00f3 la visita del Seremi de Educaci\u00f3n y del Alcalde.<\/p>\n<p class=\"v1MsoNormal\" style=\"text-align: justify;\">\u00abNuestra comunidad educativa: docentes, apoderados y estudiantes estamos contentos por ser favorecidos con la ejecuci\u00f3n de este proyecto que nos entregar\u00e1 una infraestructura renovada, ya que hace mucho tiempo que no se realizaba una inversi\u00f3n tan significativa en nuestro establecimiento. Por ello, valoramos la gesti\u00f3n del Seremi de Educaci\u00f3n que ha dado frutos. Personalmente, he visto el proceso de construcci\u00f3n de nuestro edificio y este proyecto permitir\u00e1 consolidar\u00a0 y renovar nuestros espacios y ayudar\u00e1\u00a0 a entregar educaci\u00f3n de calidad a nuestros estudiantes en mejores condiciones\u00bb.<\/p>\n<p class=\"v1MsoNormal\" style=\"text-align: justify;\">Finalmente, la apoderada \u00a0Sonia Vel\u00e1squez expres\u00f3 que \u00abEsta es una gran noticia, la entrega de recursos para nuestra escuela ubicada ac\u00e1 Ra\u00fal Mar\u00edn Balmaceda en la isla m\u00e1s antigua de la comuna de Cisnes\u00bb.<\/p>\n<\/div><\/section><\/div><div  style='height:50px' class='hr hr-invisible   avia-builder-el-6  el_after_av_one_full  el_before_av_social_share '><span class='hr-inner ' ><span class='hr-inner-style'><\/span><\/span><\/div><\/p>\n<div  class='av-social-sharing-box  avia-builder-el-7  el_after_av_hr  el_before_av_hr  '><div class='av-share-box'><h5 class='av-share-link-description av-no-toc '>Compartir esta noticia<\/h5><ul class='av-share-box-list noLightbox'><li class='av-share-link av-social-link-facebook' ><a target=\"_blank\" aria-label=\"Compartir en Facebook\" href='https:\/\/www.facebook.com\/sharer.php?u=https:\/\/radiorevelacionfm.cl\/?p=11565&#038;t=Escuela%20Amanda%20Labarca%20de%20Ra%C3%BAl%20Mar%C3%ADn%20Balmaceda%20recibi%C3%B3%20m%C3%A1s%20de%20%24284%20millones%20para%20la%20conservaci%C3%B3n%20de%20su%20establecimiento' aria-hidden='false' data-av_icon='\ue8f3' data-av_iconfont='entypo-fontello' title='' data-avia-related-tooltip='Compartir en Facebook' rel=\"noopener\"><span class='avia_hidden_link_text'>Compartir en Facebook<\/span><\/a><\/li><li class='av-share-link av-social-link-twitter' ><a target=\"_blank\" aria-label=\"Compartir en Twitter\" href='https:\/\/twitter.com\/share?text=Escuela%20Amanda%20Labarca%20de%20Ra%C3%BAl%20Mar%C3%ADn%20Balmaceda%20recibi%C3%B3%20m%C3%A1s%20de%20%24284%20millones%20para%20la%20conservaci%C3%B3n%20de%20su%20establecimiento&#038;url=https:\/\/radiorevelacionfm.cl\/?p=11565' aria-hidden='false' data-av_icon='\ue8f1' data-av_iconfont='entypo-fontello' title='' data-avia-related-tooltip='Compartir en Twitter' rel=\"noopener\"><span class='avia_hidden_link_text'>Compartir en Twitter<\/span><\/a><\/li><li class='av-share-link av-social-link-whatsapp' ><a target=\"_blank\" aria-label=\"Compartir en Whatsapp\" href='https:\/\/api.whatsapp.com\/send?text=https:\/\/radiorevelacionfm.cl\/?p=11565' aria-hidden='false' data-av_icon='\uf232' data-av_iconfont='entypo-fontello' title='' data-avia-related-tooltip='Compartir en Whatsapp' rel=\"noopener\"><span class='avia_hidden_link_text'>Compartir en Whatsapp<\/span><\/a><\/li><li class='av-share-link av-social-link-linkedin' ><a target=\"_blank\" aria-label=\"Compartir en LinkedIn\" href='https:\/\/linkedin.com\/shareArticle?mini=true&#038;title=Escuela%20Amanda%20Labarca%20de%20Ra%C3%BAl%20Mar%C3%ADn%20Balmaceda%20recibi%C3%B3%20m%C3%A1s%20de%20%24284%20millones%20para%20la%20conservaci%C3%B3n%20de%20su%20establecimiento&#038;url=https:\/\/radiorevelacionfm.cl\/?p=11565' aria-hidden='false' data-av_icon='\ue8fc' data-av_iconfont='entypo-fontello' title='' data-avia-related-tooltip='Compartir en LinkedIn' rel=\"noopener\"><span class='avia_hidden_link_text'>Compartir en LinkedIn<\/span><\/a><\/li><li class='av-share-link av-social-link-mail' ><a  aria-label=\"Compartir por correo\" href='mailto:?subject=Escuela%20Amanda%20Labarca%20de%20Ra%C3%BAl%20Mar%C3%ADn%20Balmaceda%20recibi%C3%B3%20m%C3%A1s%20de%20%24284%20millones%20para%20la%20conservaci%C3%B3n%20de%20su%20establecimiento&#038;body=https:\/\/radiorevelacionfm.cl\/?p=11565' aria-hidden='false' data-av_icon='\ue805' data-av_iconfont='entypo-fontello' title='' data-avia-related-tooltip='Compartir por correo'><span class='avia_hidden_link_text'>Compartir por correo<\/span><\/a><\/li><\/ul><\/div><\/div>\n<div  style='height:50px' class='hr hr-invisible   avia-builder-el-8  el_after_av_social_share  el_before_av_comments_list '><span class='hr-inner ' ><span class='hr-inner-style'><\/span><\/span><\/div>\n<div  class='av-buildercomment  av-blog-meta-html-info-disabled av-blog-meta-tag-disabled  '><\/div>\n","protected":false},"excerpt":{"rendered":"","protected":false},"author":1,"featured_media":11566,"comment_status":"open","ping_status":"open","sticky":false,"template":"","format":"standard","meta":{"footnotes":""},"categories":[49],"tags":[],"class_list":["post-11565","post","type-post","status-publish","format-standard","has-post-thumbnail","hentry","category-educacion"],"jetpack_featured_media_url":"https:\/\/radiorevelacionfm.cl\/wp-content\/uploads\/2021\/12\/Raul-Marin-2i-1-1.jpg","_links":{"self":[{"href":"https:\/\/radiorevelacionfm.cl\/index.php?rest_route=\/wp\/v2\/posts\/11565","targetHints":{"allow":["GET"]}}],"collection":[{"href":"https:\/\/radiorevelacionfm.cl\/index.php?rest_route=\/wp\/v2\/posts"}],"about":[{"href":"https:\/\/radiorevelacionfm.cl\/index.php?rest_route=\/wp\/v2\/types\/post"}],"author":[{"embeddable":true,"href":"https:\/\/radiorevelacionfm.cl\/index.php?rest_route=\/wp\/v2\/users\/1"}],"replies":[{"embeddable":true,"href":"https:\/\/radiorevelacionfm.cl\/index.php?rest_route=%2Fwp%2Fv2%2Fcomments&post=11565"}],"version-history":[{"count":2,"href":"https:\/\/radiorevelacionfm.cl\/index.php?rest_route=\/wp\/v2\/posts\/11565\/revisions"}],"predecessor-version":[{"id":11568,"href":"https:\/\/radiorevelacionfm.cl\/index.php?rest_route=\/wp\/v2\/posts\/11565\/revisions\/11568"}],"wp:featuredmedia":[{"embeddable":true,"href":"https:\/\/radiorevelacionfm.cl\/index.php?rest_route=\/wp\/v2\/media\/11566"}],"wp:attachment":[{"href":"https:\/\/radiorevelacionfm.cl\/index.php?rest_route=%2Fwp%2Fv2%2Fmedia&parent=11565"}],"wp:term":[{"taxonomy":"category","embeddable":true,"href":"https:\/\/radiorevelacionfm.cl\/index.php?rest_route=%2Fwp%2Fv2%2Fcategories&post=11565"},{"taxonomy":"post_tag","embeddable":true,"href":"https:\/\/radiorevelacionfm.cl\/index.php?rest_route=%2Fwp%2Fv2%2Ftags&post=11565"}],"curies":[{"name":"wp","href":"https:\/\/api.w.org\/{rel}","templated":true}]}}