{"id":11561,"date":"2021-12-06T16:26:03","date_gmt":"2021-12-06T19:26:03","guid":{"rendered":"https:\/\/radiorevelacionfm.cl\/?p=11561"},"modified":"2021-12-06T16:26:03","modified_gmt":"2021-12-06T19:26:03","slug":"programa-par-de-corfo-mas-de-300-mipymes-de-aysen-pudieron-reactivar-sus-negocios","status":"publish","type":"post","link":"https:\/\/radiorevelacionfm.cl\/?p=11561","title":{"rendered":"Programa PAR de Corfo: M\u00e1s de 300 mipymes de Ays\u00e9n pudieron reactivar sus negocios"},"content":{"rendered":"<div class=\"flex_column av_one_full  flex_column_div av-zero-column-padding first  avia-builder-el-0  el_before_av_one_full  avia-builder-el-first  \" style='border-radius:0px; '><div  class='avia-image-container  av-styling-    avia-builder-el-1  avia-builder-el-no-sibling  avia-align-center '  itemprop=\"image\" itemscope=\"itemscope\" itemtype=\"https:\/\/schema.org\/ImageObject\"  ><div class='avia-image-container-inner'><div class='avia-image-overlay-wrap'><img decoding=\"async\" class='wp-image-11562 avia-img-lazy-loading-not-11562 avia_image' src=\"https:\/\/radiorevelacionfm.cl\/wp-content\/uploads\/2021\/12\/par-211206-1_optimized.jpg\" alt='' title='par-211206-(1)_optimized' height=\"600\" width=\"1067\"  itemprop=\"thumbnailUrl\" srcset=\"https:\/\/radiorevelacionfm.cl\/wp-content\/uploads\/2021\/12\/par-211206-1_optimized.jpg 1067w, https:\/\/radiorevelacionfm.cl\/wp-content\/uploads\/2021\/12\/par-211206-1_optimized-300x169.jpg 300w, https:\/\/radiorevelacionfm.cl\/wp-content\/uploads\/2021\/12\/par-211206-1_optimized-1030x579.jpg 1030w, https:\/\/radiorevelacionfm.cl\/wp-content\/uploads\/2021\/12\/par-211206-1_optimized-768x432.jpg 768w, https:\/\/radiorevelacionfm.cl\/wp-content\/uploads\/2021\/12\/par-211206-1_optimized-705x396.jpg 705w, https:\/\/radiorevelacionfm.cl\/wp-content\/uploads\/2021\/12\/par-211206-1_optimized-600x337.jpg 600w\" sizes=\"(max-width: 1067px) 100vw, 1067px\" \/><\/div><\/div><\/div><\/div><div class=\"flex_column av_one_full  flex_column_div av-zero-column-padding first  avia-builder-el-2  el_after_av_one_full  el_before_av_one_full  column-top-margin\" style='border-radius:0px; '><section class=\"av_textblock_section \"  itemscope=\"itemscope\" itemtype=\"https:\/\/schema.org\/BlogPosting\" itemprop=\"blogPost\" ><div class='avia_textblock  '   itemprop=\"text\" ><p style=\"text-align: center;\"><span style=\"font-size: 18pt;\"><b><span lang=\"ES-CL\">Programa PAR de Corfo: M\u00e1s de 300 mipymes de Ays\u00e9n pudieron reactivar sus negocios<\/span><\/b><\/span><\/p>\n<div id=\"gtx-trans\" style=\"position: absolute; left: -50px; top: 4.31534px;\">\n<div class=\"gtx-trans-icon\"><\/div>\n<\/div>\n<\/div><\/section><\/div><div class=\"flex_column av_one_full  flex_column_div av-zero-column-padding first  avia-builder-el-4  el_after_av_one_full  el_before_av_hr  column-top-margin\" style='border-radius:0px; '><section class=\"av_textblock_section \"  itemscope=\"itemscope\" itemtype=\"https:\/\/schema.org\/BlogPosting\" itemprop=\"blogPost\" ><div class='avia_textblock  '   itemprop=\"text\" ><p class=\"v1MsoNormal\" style=\"text-align: justify;\"><span lang=\"ES-CL\">Ante la crisis sanitaria y econ\u00f3mica que ha vivido el pa\u00eds, producto de la pandemia provocada por el Covid-19, durante el presente a\u00f1o Corfo Ays\u00e9n dispuso seis convocatorias al Programa de Apoyo a la Reactivaci\u00f3n, en sus tipolog\u00edas Impulsa y Reimpulsa, para ir en ayuda de las micro, peque\u00f1as y medianas empresas.<\/span><\/p>\n<p class=\"v1MsoNormal\" style=\"text-align: justify;\"><span lang=\"ES-CL\">As\u00ed lo indic\u00f3 Omar Mu\u00f1oz Sierra, director de Corfo Ays\u00e9n, quien destac\u00f3 que m\u00e1s de 300 mipymes y emprendedores de la regi\u00f3n se han beneficiado. \u00abLa crisis sanitaria oblig\u00f3 a muchos emprendedores y emprendedoras a reinventarse. Algunos por ejemplo pasaron de ser solo un taller de corte y confecci\u00f3n a incorporar tecnolog\u00eda y desarrollar serigraf\u00eda como una nueva l\u00ednea. Otros, asumiendo su escasa digitalizaci\u00f3n, desarrollaron cursos y adquirieron insumos para crear un sitio web o sumarse a los diferentes market place del mercado y as\u00ed ofrecer sus productos en cualquier lugar del mundo. Lo que quiero ejemplificar con esto, es que si hay algo que caracteriza a quienes emprenden es su capacidad de ser resilientes\u00bb.\u00a0<\/span><\/p>\n<p class=\"v1MsoNormal\" style=\"text-align: justify;\"><span lang=\"ES-CL\">La particularidad de estas convocatorias, explic\u00f3 Mu\u00f1oz, es que \u00abson llamados que no tienen requisitos complejos y se va revisando su admisibilidad en la medida que van llegando. Es un apoyo que ha permitido a las mipymes reactivar su negocio o iniciar una actividad econ\u00f3mica distinta, recuperando o mejorando su potencial productivo y de gesti\u00f3n, financiando planes de trabajo de desarrollo de competencias y capacidades, inversi\u00f3n o capital de trabajo. De esta forma, pudimos apoyar con mil quince millones de pesos y dar valor a m\u00e1s de 300 emprendedores y emprendedoras de todo nuestro territorio, quieren destinaron los recursos a capital de trabajo, para pagar remuneraciones, gastos corrientes como electricidad, agua o combustible, entre otros, y dar continuidad a sus inversiones\u00bb, detall\u00f3.\u00a0<\/span><\/p>\n<p class=\"v1MsoNormal\" style=\"text-align: justify;\"><span lang=\"ES-CL\">Agreg\u00f3 que, de las seis convocatorias, la \u00faltima se realiz\u00f3 con presupuesto regional. \u00abEn el mes de octubre, firmamos con el Gobierno Regional de Ays\u00e9n, el traspaso de 4 mil 500 millones de pesos para desarrollar el programa \u00abApoyo a la Reactivaci\u00f3n y Fortalecimiento Empresarial de Mipymes\u00bb, el que es financiado a trav\u00e9s del Fondo Nacional de Desarrollo Regional (FNDR), siendo Corfo Ays\u00e9n, la unidad t\u00e9cnica para su ejecuci\u00f3n. Con la primera remesa de este programa, levantamos el \u00faltimo llamado de este a\u00f1o. Y por los pr\u00f3ximos dos a\u00f1os permitir\u00e1 seguir apoyando a las mipymes de nuestra regi\u00f3n\u00bb.\u00a0<\/span><\/p>\n<p class=\"v1MsoNormal\" style=\"text-align: justify;\"><span lang=\"ES-CL\">Finalmente, el director de Corfo Ays\u00e9n hizo un llamado a estar pendientes de las futuras convocatorias. \u00abSabemos que la necesidad de apoyos financieros para las mipymes siempre es urgente, sin embargo, los recursos no alcanzan para cubrir toda la demanda. Tambi\u00e9n sabemos que fueron muchos los emprendedores que no alcanzaron a postular en la \u00faltima convocatoria, que estuvo dos d\u00edas abierta y que luego tuvimos que cerrar, tal como las bases nos lo permiten, por superar los recursos disponibles. Por ello, hacemos un llamado a que nos sigan en Facebook, Instagram y Twitter, para estar al d\u00eda de las convocatorias que ponemos a disposici\u00f3n, tanto a nivel regional como nacional, pues estos son nuestros principales canales de informaci\u00f3n por el alcance que tienen y su inmediatez\u00bb, concluy\u00f3.<\/span><\/p>\n<p class=\"v1MsoNormal\" style=\"text-align: justify;\"><b><span lang=\"ES-CL\">REACTIVACI\u00d3N ECON\u00d3MICA<\/span><\/b><\/p>\n<p class=\"v1MsoNormal\" style=\"text-align: justify;\"><span lang=\"ES-CL\">El nuevo programa financiado por el Gobierno Regional de Ays\u00e9n y donde Corfo es la unidad t\u00e9cnica, busca reactivar y fortalecer la econom\u00eda, en materia de financiamiento para la continuidad de empresas afectadas por la crisis sanitaria, as\u00ed como tambi\u00e9n para fomentar la inversi\u00f3n privada e impulsar una mejor\u00eda en la competitividad de las empresas regionales, lo componen tres l\u00edneas de trabajo:<\/span><\/p>\n<p class=\"v1MsoNormal\" style=\"text-align: justify;\"><span lang=\"ES-CL\">REACTIVACI\u00d3N, a trav\u00e9s del Programa PAR, para apoyar la reactivaci\u00f3n de las empresas en todas las provincias de la regi\u00f3n de Ays\u00e9n.<\/span><\/p>\n<p class=\"v1MsoNormal\" style=\"text-align: justify;\"><span lang=\"ES-CL\">INVERSI\u00d3N PRODUCTIVA Y EMPRENDIMIENTO, a trav\u00e9s de los programas Desarrolla Inversi\u00f3n y Semilla Inicia, para favorecer y fortalecer la inversi\u00f3n productiva y el emprendimiento de alto impacto.<\/span><\/p>\n<p class=\"v1MsoNormal\" style=\"text-align: justify;\"><span lang=\"ES-CL\">INICIATIVAS ESTRAT\u00c9GICAS, a trav\u00e9s de los programas de Atracci\u00f3n de Inversiones (IFI) y PER Turismo, para apoyar el desarrollo y la ejecuci\u00f3n de iniciativas de impacto en sectores estrat\u00e9gicos para la regi\u00f3n.<\/span><\/p>\n<div style=\"text-align: justify;\"><\/div>\n<\/div><\/section><\/div><div  style='height:50px' class='hr hr-invisible   avia-builder-el-6  el_after_av_one_full  el_before_av_social_share '><span class='hr-inner ' ><span class='hr-inner-style'><\/span><\/span><\/div><\/p>\n<div  class='av-social-sharing-box  avia-builder-el-7  el_after_av_hr  el_before_av_hr  '><div class='av-share-box'><h5 class='av-share-link-description av-no-toc '>Compartir esta noticia<\/h5><ul class='av-share-box-list noLightbox'><li class='av-share-link av-social-link-facebook' ><a target=\"_blank\" aria-label=\"Compartir en Facebook\" href='https:\/\/www.facebook.com\/sharer.php?u=https:\/\/radiorevelacionfm.cl\/?p=11561&#038;t=Programa%20PAR%20de%20Corfo%3A%20M%C3%A1s%20de%20300%20mipymes%20de%20Ays%C3%A9n%20pudieron%20reactivar%20sus%20negocios' aria-hidden='false' data-av_icon='\ue8f3' data-av_iconfont='entypo-fontello' title='' data-avia-related-tooltip='Compartir en Facebook' rel=\"noopener\"><span class='avia_hidden_link_text'>Compartir en Facebook<\/span><\/a><\/li><li class='av-share-link av-social-link-twitter' ><a target=\"_blank\" aria-label=\"Compartir en Twitter\" href='https:\/\/twitter.com\/share?text=Programa%20PAR%20de%20Corfo%3A%20M%C3%A1s%20de%20300%20mipymes%20de%20Ays%C3%A9n%20pudieron%20reactivar%20sus%20negocios&#038;url=https:\/\/radiorevelacionfm.cl\/?p=11561' aria-hidden='false' data-av_icon='\ue8f1' data-av_iconfont='entypo-fontello' title='' data-avia-related-tooltip='Compartir en Twitter' rel=\"noopener\"><span class='avia_hidden_link_text'>Compartir en Twitter<\/span><\/a><\/li><li class='av-share-link av-social-link-whatsapp' ><a target=\"_blank\" aria-label=\"Compartir en Whatsapp\" href='https:\/\/api.whatsapp.com\/send?text=https:\/\/radiorevelacionfm.cl\/?p=11561' aria-hidden='false' data-av_icon='\uf232' data-av_iconfont='entypo-fontello' title='' data-avia-related-tooltip='Compartir en Whatsapp' rel=\"noopener\"><span class='avia_hidden_link_text'>Compartir en Whatsapp<\/span><\/a><\/li><li class='av-share-link av-social-link-linkedin' ><a target=\"_blank\" aria-label=\"Compartir en LinkedIn\" href='https:\/\/linkedin.com\/shareArticle?mini=true&#038;title=Programa%20PAR%20de%20Corfo%3A%20M%C3%A1s%20de%20300%20mipymes%20de%20Ays%C3%A9n%20pudieron%20reactivar%20sus%20negocios&#038;url=https:\/\/radiorevelacionfm.cl\/?p=11561' aria-hidden='false' data-av_icon='\ue8fc' data-av_iconfont='entypo-fontello' title='' data-avia-related-tooltip='Compartir en LinkedIn' rel=\"noopener\"><span class='avia_hidden_link_text'>Compartir en LinkedIn<\/span><\/a><\/li><li class='av-share-link av-social-link-mail' ><a  aria-label=\"Compartir por correo\" href='mailto:?subject=Programa%20PAR%20de%20Corfo%3A%20M%C3%A1s%20de%20300%20mipymes%20de%20Ays%C3%A9n%20pudieron%20reactivar%20sus%20negocios&#038;body=https:\/\/radiorevelacionfm.cl\/?p=11561' aria-hidden='false' data-av_icon='\ue805' data-av_iconfont='entypo-fontello' title='' data-avia-related-tooltip='Compartir por correo'><span class='avia_hidden_link_text'>Compartir por correo<\/span><\/a><\/li><\/ul><\/div><\/div>\n<div  style='height:50px' class='hr hr-invisible   avia-builder-el-8  el_after_av_social_share  el_before_av_comments_list '><span class='hr-inner ' ><span class='hr-inner-style'><\/span><\/span><\/div>\n<div  class='av-buildercomment  av-blog-meta-html-info-disabled av-blog-meta-tag-disabled  '><\/div>\n","protected":false},"excerpt":{"rendered":"","protected":false},"author":1,"featured_media":11562,"comment_status":"open","ping_status":"open","sticky":false,"template":"","format":"standard","meta":{"footnotes":""},"categories":[38],"tags":[],"class_list":["post-11561","post","type-post","status-publish","format-standard","has-post-thumbnail","hentry","category-regional"],"jetpack_featured_media_url":"https:\/\/radiorevelacionfm.cl\/wp-content\/uploads\/2021\/12\/par-211206-1_optimized.jpg","_links":{"self":[{"href":"https:\/\/radiorevelacionfm.cl\/index.php?rest_route=\/wp\/v2\/posts\/11561","targetHints":{"allow":["GET"]}}],"collection":[{"href":"https:\/\/radiorevelacionfm.cl\/index.php?rest_route=\/wp\/v2\/posts"}],"about":[{"href":"https:\/\/radiorevelacionfm.cl\/index.php?rest_route=\/wp\/v2\/types\/post"}],"author":[{"embeddable":true,"href":"https:\/\/radiorevelacionfm.cl\/index.php?rest_route=\/wp\/v2\/users\/1"}],"replies":[{"embeddable":true,"href":"https:\/\/radiorevelacionfm.cl\/index.php?rest_route=%2Fwp%2Fv2%2Fcomments&post=11561"}],"version-history":[{"count":2,"href":"https:\/\/radiorevelacionfm.cl\/index.php?rest_route=\/wp\/v2\/posts\/11561\/revisions"}],"predecessor-version":[{"id":11564,"href":"https:\/\/radiorevelacionfm.cl\/index.php?rest_route=\/wp\/v2\/posts\/11561\/revisions\/11564"}],"wp:featuredmedia":[{"embeddable":true,"href":"https:\/\/radiorevelacionfm.cl\/index.php?rest_route=\/wp\/v2\/media\/11562"}],"wp:attachment":[{"href":"https:\/\/radiorevelacionfm.cl\/index.php?rest_route=%2Fwp%2Fv2%2Fmedia&parent=11561"}],"wp:term":[{"taxonomy":"category","embeddable":true,"href":"https:\/\/radiorevelacionfm.cl\/index.php?rest_route=%2Fwp%2Fv2%2Fcategories&post=11561"},{"taxonomy":"post_tag","embeddable":true,"href":"https:\/\/radiorevelacionfm.cl\/index.php?rest_route=%2Fwp%2Fv2%2Ftags&post=11561"}],"curies":[{"name":"wp","href":"https:\/\/api.w.org\/{rel}","templated":true}]}}