{"id":11555,"date":"2021-12-06T09:54:45","date_gmt":"2021-12-06T12:54:45","guid":{"rendered":"https:\/\/radiorevelacionfm.cl\/?p=11555"},"modified":"2021-12-06T09:54:45","modified_gmt":"2021-12-06T12:54:45","slug":"candidatos-presidenciales-entregaron-sus-propuestas-de-descentralizacion-a-los-gobernadores-regionales","status":"publish","type":"post","link":"https:\/\/radiorevelacionfm.cl\/?p=11555","title":{"rendered":"Candidatos presidenciales entregaron sus propuestas de descentralizaci\u00f3n a los gobernadores regionales"},"content":{"rendered":"<div class=\"flex_column av_one_full  flex_column_div av-zero-column-padding first  avia-builder-el-0  el_before_av_one_full  avia-builder-el-first  \" style='border-radius:0px; '><div  class='avia-image-container  av-styling-    avia-builder-el-1  avia-builder-el-no-sibling  avia-align-center '  itemprop=\"image\" itemscope=\"itemscope\" itemtype=\"https:\/\/schema.org\/ImageObject\"  ><div class='avia-image-container-inner'><div class='avia-image-overlay-wrap'><img decoding=\"async\" class='wp-image-11556 avia-img-lazy-loading-not-11556 avia_image' src=\"https:\/\/radiorevelacionfm.cl\/wp-content\/uploads\/2021\/12\/Gobernadores-2021-12-05-1-1.jpeg\" alt='' title='Gobernadores 2021-12-05 (1) (1)' height=\"600\" width=\"901\"  itemprop=\"thumbnailUrl\" srcset=\"https:\/\/radiorevelacionfm.cl\/wp-content\/uploads\/2021\/12\/Gobernadores-2021-12-05-1-1.jpeg 901w, https:\/\/radiorevelacionfm.cl\/wp-content\/uploads\/2021\/12\/Gobernadores-2021-12-05-1-1-300x200.jpeg 300w, https:\/\/radiorevelacionfm.cl\/wp-content\/uploads\/2021\/12\/Gobernadores-2021-12-05-1-1-768x511.jpeg 768w, https:\/\/radiorevelacionfm.cl\/wp-content\/uploads\/2021\/12\/Gobernadores-2021-12-05-1-1-705x469.jpeg 705w, https:\/\/radiorevelacionfm.cl\/wp-content\/uploads\/2021\/12\/Gobernadores-2021-12-05-1-1-600x400.jpeg 600w\" sizes=\"(max-width: 901px) 100vw, 901px\" \/><\/div><\/div><\/div><\/div><div class=\"flex_column av_one_full  flex_column_div av-zero-column-padding first  avia-builder-el-2  el_after_av_one_full  el_before_av_one_full  column-top-margin\" style='border-radius:0px; '><section class=\"av_textblock_section \"  itemscope=\"itemscope\" itemtype=\"https:\/\/schema.org\/BlogPosting\" itemprop=\"blogPost\" ><div class='avia_textblock  '   itemprop=\"text\" ><p style=\"text-align: center;\"><span style=\"font-size: 18pt;\"><b>Candidatos presidenciales entregaron sus propuestas\u00a0de descentralizaci\u00f3n a los gobernadores regionales<\/b><\/span><\/p>\n<div id=\"gtx-trans\" style=\"position: absolute; left: -50px; top: 4.31534px;\">\n<div class=\"gtx-trans-icon\"><\/div>\n<\/div>\n<\/div><\/section><\/div><div class=\"flex_column av_one_full  flex_column_div av-zero-column-padding first  avia-builder-el-4  el_after_av_one_full  el_before_av_hr  column-top-margin\" style='border-radius:0px; '><section class=\"av_textblock_section \"  itemscope=\"itemscope\" itemtype=\"https:\/\/schema.org\/BlogPosting\" itemprop=\"blogPost\" ><div class='avia_textblock  '   itemprop=\"text\" ><p style=\"text-align: justify;\">Los candidatos presidenciales Gabriel Boric y Jos\u00e9 Antonio Kast, participaron del III Encuentro Nacional de Gobernadores Regionales que se desarroll\u00f3 en Tarapac\u00e1 el 1 y 2 de diciembre, para entregar sus propuestas de descentralizaci\u00f3n a las primeras autoridades regionales electas democr\u00e1ticamente.<\/p>\n<p style=\"text-align: justify;\">Fue en septiembre de este a\u00f1o, en la primera reuni\u00f3n de este tipo realizada en la regi\u00f3n del Biob\u00edo, cuando se gest\u00f3 la invitaci\u00f3n a los postulantes que pasar\u00e1n a la segunda vuelta presidencial. Boric particip\u00f3 de la jornada inicial en Humberstone y Kast, del cierre, de manera telem\u00e1tica.<\/p>\n<p style=\"text-align: justify;\">\u00abHemos participado en esta instancia porque creemos en el poder de los nuevos poderes regionales para el desarrollo del pa\u00eds. Solamente cuando nuestros territorios logren tener las mismas oportunidades, es que podemos hablar de desarrollo. El Estado de Chile tiene una deuda hist\u00f3rica con la inversi\u00f3n en nuestra regi\u00f3n de Ays\u00e9n y hemos manifestado, a ambos candidatos presidenciales, la urgencia de poner el acento en una distribuci\u00f3n con otras l\u00f3gicas del presupuesto regional. Necesitamos esto para avanzar en mayor justicia con los vecinos y vecinas de la regi\u00f3n\u00bb, coment\u00f3 en la oportunidad la Gobernadora Regional Andrea Mac\u00edas Palma.<\/p>\n<p style=\"text-align: justify;\">Por su parte, el candidato del pacto Apruebo Dignidad, se\u00f1al\u00f3 \u00abNuestro deber es escuchar a quienes representan a las regiones y no son autoridades impuestas desde Santiago, por eso he asumido como propia la carta que los gobernadores y gobernadoras firmaron en Concepci\u00f3n (la Declaraci\u00f3n de Concepci\u00f3n)\u00bb, puntualiz\u00f3. \u00ab(Los gobernadores) cuentan con nuestro apoyo para la eliminaci\u00f3n de la figura del delegado presidencial, porque los gobernadores no necesitan de apoderados\u00bb.<\/p>\n<p style=\"text-align: justify;\">En tanto, Jos\u00e9 Antonio Kast, a trav\u00e9s de videoconferencia desde Santiago, se conect\u00f3 con el Encuentro, ocasi\u00f3n en que tambi\u00e9n suscribi\u00f3 el documento que los gobernadores y gobernadoras firmaron en el Biob\u00edo y que contiene una serie de compromisos de descentralizaci\u00f3n. Adem\u00e1s, plante\u00f3 la eliminaci\u00f3n paulatina de los delegados presidenciales provinciales en el plazo de un a\u00f1o, luego de iniciado su gobierno, mientras que, en el caso de los delegados presidenciales regionales, \u00abmi periodo presidencial deber\u00eda terminar sin delegados presidenciales\u00bb.<\/p>\n<p style=\"text-align: justify;\"><b>Compromiso por un PEDZE 2.0<\/b><\/p>\n<p style=\"text-align: justify;\">En la instancia presencial con el candidato Gabriel Boric, la Gobernadora Regional de Ays\u00e9n, adem\u00e1s, logr\u00f3 el compromiso por un nuevo Plan Especial de Desarrollo de Zonas Extremas (PEDZE).<\/p>\n<p style=\"text-align: justify;\">El candidato presidencial por el pacto Apruebo Dignidad, afirm\u00f3 su compromiso con el desarrollo de las regiones extremas y sus vecinos y vecinas. \u00abGobernadora, vecinas y vecinos de Ays\u00e9n, cuenten conmigo para un PEDZE 2.0, un Plan de Desarrollo de Zonas Extremas, sabemos la importancia, yo soy de Magallanes, me toc\u00f3 estar en toda la ejecuci\u00f3n del primero, necesitamos uno que adem\u00e1s de infraestructura, se centre en la gente y en el desarrollo humano, por lo tanto los territorios m\u00e1s rezagados, no pueden seguir bajo los mismos criterios de inversi\u00f3n que tienen actualmente, y por cierto vamos a hacer todos los esfuerzos por estar en la regi\u00f3n de Ays\u00e9n, ya sea antes o despu\u00e9s, cuenten conmigo porque vamos a estar recorriendo tus tierras\u00bb, puntualiz\u00f3 el diputado.<\/p>\n<\/div><\/section><\/div><div  style='height:50px' class='hr hr-invisible   avia-builder-el-6  el_after_av_one_full  el_before_av_social_share '><span class='hr-inner ' ><span class='hr-inner-style'><\/span><\/span><\/div><\/p>\n<div  class='av-social-sharing-box  avia-builder-el-7  el_after_av_hr  el_before_av_hr  '><div class='av-share-box'><h5 class='av-share-link-description av-no-toc '>Compartir esta noticia<\/h5><ul class='av-share-box-list noLightbox'><li class='av-share-link av-social-link-facebook' ><a target=\"_blank\" aria-label=\"Compartir en Facebook\" href='https:\/\/www.facebook.com\/sharer.php?u=https:\/\/radiorevelacionfm.cl\/?p=11555&#038;t=Candidatos%20presidenciales%20entregaron%20sus%20propuestas%20de%20descentralizaci%C3%B3n%20a%20los%20gobernadores%20regionales' aria-hidden='false' data-av_icon='\ue8f3' data-av_iconfont='entypo-fontello' title='' data-avia-related-tooltip='Compartir en Facebook' rel=\"noopener\"><span class='avia_hidden_link_text'>Compartir en Facebook<\/span><\/a><\/li><li class='av-share-link av-social-link-twitter' ><a target=\"_blank\" aria-label=\"Compartir en Twitter\" href='https:\/\/twitter.com\/share?text=Candidatos%20presidenciales%20entregaron%20sus%20propuestas%20de%20descentralizaci%C3%B3n%20a%20los%20gobernadores%20regionales&#038;url=https:\/\/radiorevelacionfm.cl\/?p=11555' aria-hidden='false' data-av_icon='\ue8f1' data-av_iconfont='entypo-fontello' title='' data-avia-related-tooltip='Compartir en Twitter' rel=\"noopener\"><span class='avia_hidden_link_text'>Compartir en Twitter<\/span><\/a><\/li><li class='av-share-link av-social-link-whatsapp' ><a target=\"_blank\" aria-label=\"Compartir en Whatsapp\" href='https:\/\/api.whatsapp.com\/send?text=https:\/\/radiorevelacionfm.cl\/?p=11555' aria-hidden='false' data-av_icon='\uf232' data-av_iconfont='entypo-fontello' title='' data-avia-related-tooltip='Compartir en Whatsapp' rel=\"noopener\"><span class='avia_hidden_link_text'>Compartir en Whatsapp<\/span><\/a><\/li><li class='av-share-link av-social-link-linkedin' ><a target=\"_blank\" aria-label=\"Compartir en LinkedIn\" href='https:\/\/linkedin.com\/shareArticle?mini=true&#038;title=Candidatos%20presidenciales%20entregaron%20sus%20propuestas%20de%20descentralizaci%C3%B3n%20a%20los%20gobernadores%20regionales&#038;url=https:\/\/radiorevelacionfm.cl\/?p=11555' aria-hidden='false' data-av_icon='\ue8fc' data-av_iconfont='entypo-fontello' title='' data-avia-related-tooltip='Compartir en LinkedIn' rel=\"noopener\"><span class='avia_hidden_link_text'>Compartir en LinkedIn<\/span><\/a><\/li><li class='av-share-link av-social-link-mail' ><a  aria-label=\"Compartir por correo\" href='mailto:?subject=Candidatos%20presidenciales%20entregaron%20sus%20propuestas%20de%20descentralizaci%C3%B3n%20a%20los%20gobernadores%20regionales&#038;body=https:\/\/radiorevelacionfm.cl\/?p=11555' aria-hidden='false' data-av_icon='\ue805' data-av_iconfont='entypo-fontello' title='' data-avia-related-tooltip='Compartir por correo'><span class='avia_hidden_link_text'>Compartir por correo<\/span><\/a><\/li><\/ul><\/div><\/div>\n<div  style='height:50px' class='hr hr-invisible   avia-builder-el-8  el_after_av_social_share  el_before_av_comments_list '><span class='hr-inner ' ><span class='hr-inner-style'><\/span><\/span><\/div>\n<div  class='av-buildercomment  av-blog-meta-html-info-disabled av-blog-meta-tag-disabled  '><\/div>\n","protected":false},"excerpt":{"rendered":"","protected":false},"author":1,"featured_media":11556,"comment_status":"open","ping_status":"open","sticky":false,"template":"","format":"standard","meta":{"footnotes":""},"categories":[38],"tags":[],"class_list":["post-11555","post","type-post","status-publish","format-standard","has-post-thumbnail","hentry","category-regional"],"jetpack_featured_media_url":"https:\/\/radiorevelacionfm.cl\/wp-content\/uploads\/2021\/12\/Gobernadores-2021-12-05-1-1.jpeg","_links":{"self":[{"href":"https:\/\/radiorevelacionfm.cl\/index.php?rest_route=\/wp\/v2\/posts\/11555","targetHints":{"allow":["GET"]}}],"collection":[{"href":"https:\/\/radiorevelacionfm.cl\/index.php?rest_route=\/wp\/v2\/posts"}],"about":[{"href":"https:\/\/radiorevelacionfm.cl\/index.php?rest_route=\/wp\/v2\/types\/post"}],"author":[{"embeddable":true,"href":"https:\/\/radiorevelacionfm.cl\/index.php?rest_route=\/wp\/v2\/users\/1"}],"replies":[{"embeddable":true,"href":"https:\/\/radiorevelacionfm.cl\/index.php?rest_route=%2Fwp%2Fv2%2Fcomments&post=11555"}],"version-history":[{"count":2,"href":"https:\/\/radiorevelacionfm.cl\/index.php?rest_route=\/wp\/v2\/posts\/11555\/revisions"}],"predecessor-version":[{"id":11559,"href":"https:\/\/radiorevelacionfm.cl\/index.php?rest_route=\/wp\/v2\/posts\/11555\/revisions\/11559"}],"wp:featuredmedia":[{"embeddable":true,"href":"https:\/\/radiorevelacionfm.cl\/index.php?rest_route=\/wp\/v2\/media\/11556"}],"wp:attachment":[{"href":"https:\/\/radiorevelacionfm.cl\/index.php?rest_route=%2Fwp%2Fv2%2Fmedia&parent=11555"}],"wp:term":[{"taxonomy":"category","embeddable":true,"href":"https:\/\/radiorevelacionfm.cl\/index.php?rest_route=%2Fwp%2Fv2%2Fcategories&post=11555"},{"taxonomy":"post_tag","embeddable":true,"href":"https:\/\/radiorevelacionfm.cl\/index.php?rest_route=%2Fwp%2Fv2%2Ftags&post=11555"}],"curies":[{"name":"wp","href":"https:\/\/api.w.org\/{rel}","templated":true}]}}