{"id":11550,"date":"2021-12-06T17:17:02","date_gmt":"2021-12-06T20:17:02","guid":{"rendered":"https:\/\/radiorevelacionfm.cl\/?p=11550"},"modified":"2021-12-06T17:17:02","modified_gmt":"2021-12-06T20:17:02","slug":"universidades-de-la-region-organizan-ciclo-de-conversatorios-previo-a-la-segunda-vuelta-presidencial","status":"publish","type":"post","link":"https:\/\/radiorevelacionfm.cl\/?p=11550","title":{"rendered":"Universidades de la regi\u00f3n organizan ciclo de conversatorios previo a la segunda vuelta presidencial"},"content":{"rendered":"<div class=\"flex_column av_one_full  flex_column_div av-zero-column-padding first  avia-builder-el-0  el_before_av_one_full  avia-builder-el-first  \" style='border-radius:0px; '><div  class='avia-image-container  av-styling-    avia-builder-el-1  avia-builder-el-no-sibling  avia-align-center '  itemprop=\"image\" itemscope=\"itemscope\" itemtype=\"https:\/\/schema.org\/ImageObject\"  ><div class='avia-image-container-inner'><div class='avia-image-overlay-wrap'><img decoding=\"async\" class='wp-image-11551 avia-img-lazy-loading-not-11551 avia_image' src=\"https:\/\/radiorevelacionfm.cl\/wp-content\/uploads\/2021\/12\/DN-WEB-1-1.jpg\" alt='' title='DN - WEB (1) (1)' height=\"600\" width=\"938\"  itemprop=\"thumbnailUrl\" srcset=\"https:\/\/radiorevelacionfm.cl\/wp-content\/uploads\/2021\/12\/DN-WEB-1-1.jpg 938w, https:\/\/radiorevelacionfm.cl\/wp-content\/uploads\/2021\/12\/DN-WEB-1-1-300x192.jpg 300w, https:\/\/radiorevelacionfm.cl\/wp-content\/uploads\/2021\/12\/DN-WEB-1-1-768x491.jpg 768w, https:\/\/radiorevelacionfm.cl\/wp-content\/uploads\/2021\/12\/DN-WEB-1-1-705x451.jpg 705w, https:\/\/radiorevelacionfm.cl\/wp-content\/uploads\/2021\/12\/DN-WEB-1-1-600x384.jpg 600w\" sizes=\"(max-width: 938px) 100vw, 938px\" \/><\/div><\/div><\/div><\/div><div class=\"flex_column av_one_full  flex_column_div av-zero-column-padding first  avia-builder-el-2  el_after_av_one_full  el_before_av_one_full  column-top-margin\" style='border-radius:0px; '><section class=\"av_textblock_section \"  itemscope=\"itemscope\" itemtype=\"https:\/\/schema.org\/BlogPosting\" itemprop=\"blogPost\" ><div class='avia_textblock  '   itemprop=\"text\" ><p style=\"text-align: center;\"><span style=\"font-size: 18pt;\"><strong>Universidades de la regi\u00f3n organizan ciclo de conversatorios previo a la segunda vuelta presidencial<\/strong><\/span><\/p>\n<div id=\"gtx-trans\" style=\"position: absolute; left: -50px; top: 4.31534px;\">\n<div class=\"gtx-trans-icon\"><\/div>\n<\/div>\n<\/div><\/section><\/div><div class=\"flex_column av_one_full  flex_column_div av-zero-column-padding first  avia-builder-el-4  el_after_av_one_full  el_before_av_hr  column-top-margin\" style='border-radius:0px; '><section class=\"av_textblock_section \"  itemscope=\"itemscope\" itemtype=\"https:\/\/schema.org\/BlogPosting\" itemprop=\"blogPost\" ><div class='avia_textblock  '   itemprop=\"text\" ><p style=\"text-align: justify;\">Las pr\u00f3ximas elecciones presidenciales son, sin lugar a dudas, un hito relevante a nivel pa\u00eds que compromete a todos y todas. Ante la contingencia las dos universidades presentes en la regi\u00f3n, la Universidad de Ays\u00e9n y el Campus Patagonia de la Universidad Austral de Chile, se han propuesto el desaf\u00edo de realizar de forma conjunta el ciclo de conversatorios \u00abDi\u00e1logos necesarios: Conocimiento compartido y participaci\u00f3n para la toma de decisiones\u00bb.<\/p>\n<p style=\"text-align: justify;\">Medioambiente y cambio global, g\u00e9nero y diversidades, educaci\u00f3n, arte y cultura son las tem\u00e1ticas a abordar durante el ciclo de conversatorios que pone sobre la mesa asuntos relevantes para la ciudadan\u00eda y el futuro del pa\u00eds.<\/p>\n<p style=\"text-align: justify;\"><strong>Democratizaci\u00f3n del conocimiento <\/strong><\/p>\n<p style=\"text-align: justify;\">\u00bfPor qu\u00e9 son importantes estos temas? \u00bfA qui\u00e9nes afectan? \u00bfCu\u00e1l es la situaci\u00f3n actual? \u00bfHacia d\u00f3nde queremos ir? Esta actividad in\u00e9dita tiene como objetivo poner a disposici\u00f3n de las personas un espacio que permita informarse y reflexionar acerca de las necesidades y proyecciones de las comunidades y su entorno social, cultural y ambiental.<\/p>\n<p style=\"text-align: justify;\">\u201cQuienes somos parte de la Universidad, tenemos un rol\u00a0 no solo en la generaci\u00f3n del conocimiento cient\u00edfico sino tambi\u00e9n, en generar espacios\u00a0 y condiciones para que este conocimiento sea compartido con la ciudadan\u00eda, donde los di\u00e1logos con otros saberes y actores se vuelven fundamentales para abrir oportunidades para el an\u00e1lisis, reflexi\u00f3n y toma de decisiones informadas, hacia la transformaci\u00f3n de la sociedad en la b\u00fasqueda del bienestar de todos quienes la conformamos.\u201d puntualiza Marisol Barr\u00eda Navarro, docente del Campus Patagonia de la Universidad Austral de Chile.<\/p>\n<p style=\"text-align: justify;\">Cada conversatorio cuenta con la participaci\u00f3n de al menos dos acad\u00e9micos\/as, investigadores\/as y\/o especialistas de ambas universidades, que abordar\u00e1n cada tem\u00e1tica desde su respectiva \u00e1rea de conocimiento, contribuyendo as\u00ed a una conversaci\u00f3n multidisciplinar.<\/p>\n<p style=\"text-align: justify;\">\u00abEn este contexto de transformaci\u00f3n de nuestra sociedad, abrir espacios para el di\u00e1logo, es necesario, pero m\u00e1s que eso es un imperativo. El proceso electoral que vivimos actualmente, en pleno proceso constituyente, nos invita a reforzar los principios de la democracia y la igualdad. Nuestras universidades asociadas, se han planteado el desaf\u00edo de fomentar di\u00e1logos necesarios para la toma de decisiones, como agentes activos en nuestras comunidades\u00bb agrega Miguel P\u00e9rez, Director de Vinculaci\u00f3n con el Medio de la Universidad de Ays\u00e9n.<\/p>\n<p style=\"text-align: justify;\"><strong>Participaci\u00f3n Ciudadana<\/strong><\/p>\n<p style=\"text-align: justify;\">Para participar del ciclo de conversatorios <strong>\u201c<\/strong>Di\u00e1logos necesarios: Conocimiento compartido y participaci\u00f3n para la toma de decisiones\u00bb solo debes inscribirte en el siguiente formulario:<\/p>\n<p style=\"text-align: justify;\"><a href=\"http:\/\/shorturl.at\/bxCJU\">Accede al formulario<\/a><\/p>\n<\/div><\/section><\/div><div  style='height:50px' class='hr hr-invisible   avia-builder-el-6  el_after_av_one_full  el_before_av_social_share '><span class='hr-inner ' ><span class='hr-inner-style'><\/span><\/span><\/div><\/p>\n<div  class='av-social-sharing-box  avia-builder-el-7  el_after_av_hr  el_before_av_hr  '><div class='av-share-box'><h5 class='av-share-link-description av-no-toc '>Compartir esta noticia<\/h5><ul class='av-share-box-list noLightbox'><li class='av-share-link av-social-link-facebook' ><a target=\"_blank\" aria-label=\"Compartir en Facebook\" href='https:\/\/www.facebook.com\/sharer.php?u=https:\/\/radiorevelacionfm.cl\/?p=11550&#038;t=Universidades%20de%20la%20regi%C3%B3n%20organizan%20ciclo%20de%20conversatorios%20previo%20a%20la%20segunda%20vuelta%20presidencial' aria-hidden='false' data-av_icon='\ue8f3' data-av_iconfont='entypo-fontello' title='' data-avia-related-tooltip='Compartir en Facebook' rel=\"noopener\"><span class='avia_hidden_link_text'>Compartir en Facebook<\/span><\/a><\/li><li class='av-share-link av-social-link-twitter' ><a target=\"_blank\" aria-label=\"Compartir en Twitter\" href='https:\/\/twitter.com\/share?text=Universidades%20de%20la%20regi%C3%B3n%20organizan%20ciclo%20de%20conversatorios%20previo%20a%20la%20segunda%20vuelta%20presidencial&#038;url=https:\/\/radiorevelacionfm.cl\/?p=11550' aria-hidden='false' data-av_icon='\ue8f1' data-av_iconfont='entypo-fontello' title='' data-avia-related-tooltip='Compartir en Twitter' rel=\"noopener\"><span class='avia_hidden_link_text'>Compartir en Twitter<\/span><\/a><\/li><li class='av-share-link av-social-link-whatsapp' ><a target=\"_blank\" aria-label=\"Compartir en Whatsapp\" href='https:\/\/api.whatsapp.com\/send?text=https:\/\/radiorevelacionfm.cl\/?p=11550' aria-hidden='false' data-av_icon='\uf232' data-av_iconfont='entypo-fontello' title='' data-avia-related-tooltip='Compartir en Whatsapp' rel=\"noopener\"><span class='avia_hidden_link_text'>Compartir en Whatsapp<\/span><\/a><\/li><li class='av-share-link av-social-link-linkedin' ><a target=\"_blank\" aria-label=\"Compartir en LinkedIn\" href='https:\/\/linkedin.com\/shareArticle?mini=true&#038;title=Universidades%20de%20la%20regi%C3%B3n%20organizan%20ciclo%20de%20conversatorios%20previo%20a%20la%20segunda%20vuelta%20presidencial&#038;url=https:\/\/radiorevelacionfm.cl\/?p=11550' aria-hidden='false' data-av_icon='\ue8fc' data-av_iconfont='entypo-fontello' title='' data-avia-related-tooltip='Compartir en LinkedIn' rel=\"noopener\"><span class='avia_hidden_link_text'>Compartir en LinkedIn<\/span><\/a><\/li><li class='av-share-link av-social-link-mail' ><a  aria-label=\"Compartir por correo\" href='mailto:?subject=Universidades%20de%20la%20regi%C3%B3n%20organizan%20ciclo%20de%20conversatorios%20previo%20a%20la%20segunda%20vuelta%20presidencial&#038;body=https:\/\/radiorevelacionfm.cl\/?p=11550' aria-hidden='false' data-av_icon='\ue805' data-av_iconfont='entypo-fontello' title='' data-avia-related-tooltip='Compartir por correo'><span class='avia_hidden_link_text'>Compartir por correo<\/span><\/a><\/li><\/ul><\/div><\/div>\n<div  style='height:50px' class='hr hr-invisible   avia-builder-el-8  el_after_av_social_share  el_before_av_comments_list '><span class='hr-inner ' ><span class='hr-inner-style'><\/span><\/span><\/div>\n<div  class='av-buildercomment  av-blog-meta-html-info-disabled av-blog-meta-tag-disabled  '><\/div>\n","protected":false},"excerpt":{"rendered":"","protected":false},"author":1,"featured_media":11551,"comment_status":"open","ping_status":"open","sticky":false,"template":"","format":"standard","meta":{"footnotes":""},"categories":[49],"tags":[],"class_list":["post-11550","post","type-post","status-publish","format-standard","has-post-thumbnail","hentry","category-educacion"],"jetpack_featured_media_url":"https:\/\/radiorevelacionfm.cl\/wp-content\/uploads\/2021\/12\/DN-WEB-1-1.jpg","_links":{"self":[{"href":"https:\/\/radiorevelacionfm.cl\/index.php?rest_route=\/wp\/v2\/posts\/11550","targetHints":{"allow":["GET"]}}],"collection":[{"href":"https:\/\/radiorevelacionfm.cl\/index.php?rest_route=\/wp\/v2\/posts"}],"about":[{"href":"https:\/\/radiorevelacionfm.cl\/index.php?rest_route=\/wp\/v2\/types\/post"}],"author":[{"embeddable":true,"href":"https:\/\/radiorevelacionfm.cl\/index.php?rest_route=\/wp\/v2\/users\/1"}],"replies":[{"embeddable":true,"href":"https:\/\/radiorevelacionfm.cl\/index.php?rest_route=%2Fwp%2Fv2%2Fcomments&post=11550"}],"version-history":[{"count":2,"href":"https:\/\/radiorevelacionfm.cl\/index.php?rest_route=\/wp\/v2\/posts\/11550\/revisions"}],"predecessor-version":[{"id":11577,"href":"https:\/\/radiorevelacionfm.cl\/index.php?rest_route=\/wp\/v2\/posts\/11550\/revisions\/11577"}],"wp:featuredmedia":[{"embeddable":true,"href":"https:\/\/radiorevelacionfm.cl\/index.php?rest_route=\/wp\/v2\/media\/11551"}],"wp:attachment":[{"href":"https:\/\/radiorevelacionfm.cl\/index.php?rest_route=%2Fwp%2Fv2%2Fmedia&parent=11550"}],"wp:term":[{"taxonomy":"category","embeddable":true,"href":"https:\/\/radiorevelacionfm.cl\/index.php?rest_route=%2Fwp%2Fv2%2Fcategories&post=11550"},{"taxonomy":"post_tag","embeddable":true,"href":"https:\/\/radiorevelacionfm.cl\/index.php?rest_route=%2Fwp%2Fv2%2Ftags&post=11550"}],"curies":[{"name":"wp","href":"https:\/\/api.w.org\/{rel}","templated":true}]}}