{"id":11547,"date":"2021-12-06T09:51:24","date_gmt":"2021-12-06T12:51:24","guid":{"rendered":"https:\/\/radiorevelacionfm.cl\/?p=11547"},"modified":"2021-12-06T09:51:24","modified_gmt":"2021-12-06T12:51:24","slug":"educacion-y-salud-confirman-que-estan-todas-las-condiciones-para-rendir-la-prueba-de-transicion-de-forma-segura","status":"publish","type":"post","link":"https:\/\/radiorevelacionfm.cl\/?p=11547","title":{"rendered":"Educaci\u00f3n y Salud confirman que est\u00e1n todas las condiciones para rendir la Prueba de Transici\u00f3n de forma segura"},"content":{"rendered":"<div class=\"flex_column av_one_full  flex_column_div av-zero-column-padding first  avia-builder-el-0  el_before_av_one_full  avia-builder-el-first  \" style='border-radius:0px; '><div  class='avia-image-container  av-styling-    avia-builder-el-1  avia-builder-el-no-sibling  avia-align-center '  itemprop=\"image\" itemscope=\"itemscope\" itemtype=\"https:\/\/schema.org\/ImageObject\"  ><div class='avia-image-container-inner'><div class='avia-image-overlay-wrap'><img decoding=\"async\" class='wp-image-11548 avia-img-lazy-loading-not-11548 avia_image' src=\"https:\/\/radiorevelacionfm.cl\/wp-content\/uploads\/2021\/12\/pdt-1-1.jpg\" alt='' title='pdt 1 (1)' height=\"600\" width=\"900\"  itemprop=\"thumbnailUrl\" srcset=\"https:\/\/radiorevelacionfm.cl\/wp-content\/uploads\/2021\/12\/pdt-1-1.jpg 900w, https:\/\/radiorevelacionfm.cl\/wp-content\/uploads\/2021\/12\/pdt-1-1-300x200.jpg 300w, https:\/\/radiorevelacionfm.cl\/wp-content\/uploads\/2021\/12\/pdt-1-1-768x512.jpg 768w, https:\/\/radiorevelacionfm.cl\/wp-content\/uploads\/2021\/12\/pdt-1-1-705x470.jpg 705w, https:\/\/radiorevelacionfm.cl\/wp-content\/uploads\/2021\/12\/pdt-1-1-600x400.jpg 600w\" sizes=\"(max-width: 900px) 100vw, 900px\" \/><\/div><\/div><\/div><\/div><div class=\"flex_column av_one_full  flex_column_div av-zero-column-padding first  avia-builder-el-2  el_after_av_one_full  el_before_av_one_full  column-top-margin\" style='border-radius:0px; '><section class=\"av_textblock_section \"  itemscope=\"itemscope\" itemtype=\"https:\/\/schema.org\/BlogPosting\" itemprop=\"blogPost\" ><div class='avia_textblock  '   itemprop=\"text\" ><p style=\"text-align: center;\"><span style=\"font-size: 18pt;\"><b>Educaci\u00f3n y Salud confirman que est\u00e1n todas las condiciones para rendir la Prueba de Transici\u00f3n de forma segura<\/b><\/span><\/p>\n<div id=\"gtx-trans\" style=\"position: absolute; left: -50px; top: 4.31534px;\">\n<div class=\"gtx-trans-icon\"><\/div>\n<\/div>\n<\/div><\/section><\/div><div class=\"flex_column av_one_full  flex_column_div av-zero-column-padding first  avia-builder-el-4  el_after_av_one_full  el_before_av_hr  column-top-margin\" style='border-radius:0px; '><section class=\"av_textblock_section \"  itemscope=\"itemscope\" itemtype=\"https:\/\/schema.org\/BlogPosting\" itemprop=\"blogPost\" ><div class='avia_textblock  '   itemprop=\"text\" ><p style=\"text-align: justify;\">Los subsecretarios de Educaci\u00f3n Superior y de Redes Asistenciales, junto a la directora del DEMRE, recorrieron uno de los locales de rendici\u00f3n de la Prueba de Transici\u00f3n en la comuna de Providencia, desde donde reiteraron las medidas que han sido tomadas para poder garantizar que el examen se pueda realizar en un entorno seguro y tranquilo para los m\u00e1s de 275 mil j\u00f3venes que, a partir de este lunes 6 de diciembre, rendir\u00e1n la Prueba de Transici\u00f3n. Al igual que en el proceso anterior, el reconocimiento de salas estuvo disponible solo para las cerca de 4.000 personas en situaci\u00f3n de discapacidad que requirieron de ajustes para la aplicaci\u00f3n.<\/p>\n<p style=\"text-align: justify;\">\u00abHemos tomado las medidas sanitarias apropiadas para esta nueva aplicaci\u00f3n de la PDT, de acuerdo a los lineamientos del Ministerio de Salud, por lo que el llamado a los j\u00f3venes es a dar la prueba con toda confianza\u00bb, asegur\u00f3 Juan Eduardo Vargas, Subsecretario de Educaci\u00f3n Superior. Adem\u00e1s, se\u00f1al\u00f3 que \u00ablos resultados de las pruebas aplicadas el pasado mes de enero, en un contexto muy similar debido a la crisis sanitaria, dieron cuenta de una promisoria reducci\u00f3n de las brechas entre los estudiantes de establecimientos p\u00fablicos y privados, lo que nos indica que vamos por el camino correcto para lograr una mayor equidad de oportunidades para los j\u00f3venes que quieren ingresar a la universidad\u00bb.<\/p>\n<p style=\"text-align: justify;\">Por su parte, el Subsecretario de Redes Asistenciales, Alberto Dougnac, destac\u00f3 que las medidas sanitarias aplicadas en la versi\u00f3n anterior auguran un positivo escenario para el actual proceso: \u00abEsta es la segunda vez que la Prueba de Transici\u00f3n se da en un contexto de pandemia y gracias a la exitosa experiencia que tuvimos a principios de este a\u00f1o, sumado al mejoramiento en las condiciones sanitarias del pa\u00eds y a la alt\u00edsima tasa de vacunaci\u00f3n de los j\u00f3venes, hoy podemos entregar un mensaje de tranquilidad a quienes, a partir de ma\u00f1ana y en dos turnos, concurrir\u00e1n a los locales para rendir las pruebas\u00bb.\u00a0La autoridad destac\u00f3 que en los recintos habr\u00e1 puntos de alcohol gel y\u00a0<i>kits<\/i>\u00a0sanitarios, adem\u00e1s de la higienizaci\u00f3n que se realizar\u00e1 en los espacios de rendici\u00f3n.<\/p>\n<p style=\"text-align: justify;\">Asimismo, la directora del DEMRE, Leonor Varas, destac\u00f3 el hecho que en cada nueva versi\u00f3n de la prueba se realizan mejoras para facilitar la participaci\u00f3n de los postulantes: \u00abEn esta ocasi\u00f3n contamos con casi 700 locales de rendici\u00f3n y m\u00e1s de 30 mil colaboradores a cargo de la aplicaci\u00f3n en todo el pa\u00eds, con 4 nuevas sedes en Tir\u00faa, Quintero, Los Lagos y Villa O\u00b4Higgins. Esto implica un importante desaf\u00edo operacional y log\u00edstico, pero es el reflejo del principio que busca que el estudiante tenga las mejores condiciones y oportunidades para enfrentar este importante desaf\u00edo, sin importar donde se encuentre\u00bb.<\/p>\n<p style=\"text-align: justify;\">Adicionalmente, el Subsecretario Vargas inst\u00f3 a los j\u00f3venes a rendir la prueba con tranquilidad, pues \u00abdeben saber que la pr\u00f3xima semana no se juegan todo su futuro acad\u00e9mico, ya que existen otras v\u00edas de admisi\u00f3n a las universidades que no exigen necesariamente la obtenci\u00f3n de determinados puntajes. Y, adicionalmente, tienen la posibilidad, en pocos meses m\u00e1s, de volver a rendir las pruebas de admisi\u00f3n en la nueva aplicaci\u00f3n de invierno si no obtienen los puntajes que esperaban, sin la necesidad de tener que esperar todo un a\u00f1o para volver a darlas\u00bb.<\/p>\n<p style=\"text-align: justify;\">Ma\u00f1ana lunes 6 de diciembre, el primer grupo deber\u00e1 rendir la prueba de Comprensi\u00f3n Lectora, a partir de las 10:00 horas, para continuar a las 15:00 horas con la prueba electiva de Ciencias. El martes 7 se rendir\u00e1 la PDT de Matem\u00e1ticas a las 10:00 horas y la de Historia a las 15:00 horas. El proceso seguir\u00e1 con el segundo grupo el jueves 9 de diciembre, con la prueba de Comprensi\u00f3n Lectora a partir de las 10:00 horas y la de Ciencias a las 15:00 horas. Mientras que el viernes 10 se rendir\u00e1 la PDT de Matem\u00e1ticas, a las 10:00 horas, y la de Historia a las 15:00 horas.<\/p>\n<p style=\"text-align: justify;\">Los resultados de la PDT ser\u00e1n publicados el 11 de enero de 2022 en\u00a0<a href=\"http:\/\/acceso.mineduc.cl\/\" target=\"_blank\" rel=\"noopener noreferrer\">acceso.mineduc.cl<\/a>, mismo d\u00eda en que se iniciar\u00e1 la postulaci\u00f3n centralizada a las universidades. El 24 de enero se informar\u00e1 de los postulantes seleccionados por las instituciones y el martes 25 comenzar\u00e1 el periodo de matr\u00edcula.<\/p>\n<\/div><\/section><\/div><div  style='height:50px' class='hr hr-invisible   avia-builder-el-6  el_after_av_one_full  el_before_av_social_share '><span class='hr-inner ' ><span class='hr-inner-style'><\/span><\/span><\/div><\/p>\n<div  class='av-social-sharing-box  avia-builder-el-7  el_after_av_hr  el_before_av_hr  '><div class='av-share-box'><h5 class='av-share-link-description av-no-toc '>Compartir esta noticia<\/h5><ul class='av-share-box-list noLightbox'><li class='av-share-link av-social-link-facebook' ><a target=\"_blank\" aria-label=\"Compartir en Facebook\" href='https:\/\/www.facebook.com\/sharer.php?u=https:\/\/radiorevelacionfm.cl\/?p=11547&#038;t=Educaci%C3%B3n%20y%20Salud%20confirman%20que%20est%C3%A1n%20todas%20las%20condiciones%20para%20rendir%20la%20Prueba%20de%20Transici%C3%B3n%20de%20forma%20segura' aria-hidden='false' data-av_icon='\ue8f3' data-av_iconfont='entypo-fontello' title='' data-avia-related-tooltip='Compartir en Facebook' rel=\"noopener\"><span class='avia_hidden_link_text'>Compartir en Facebook<\/span><\/a><\/li><li class='av-share-link av-social-link-twitter' ><a target=\"_blank\" aria-label=\"Compartir en Twitter\" href='https:\/\/twitter.com\/share?text=Educaci%C3%B3n%20y%20Salud%20confirman%20que%20est%C3%A1n%20todas%20las%20condiciones%20para%20rendir%20la%20Prueba%20de%20Transici%C3%B3n%20de%20forma%20segura&#038;url=https:\/\/radiorevelacionfm.cl\/?p=11547' aria-hidden='false' data-av_icon='\ue8f1' data-av_iconfont='entypo-fontello' title='' data-avia-related-tooltip='Compartir en Twitter' rel=\"noopener\"><span class='avia_hidden_link_text'>Compartir en Twitter<\/span><\/a><\/li><li class='av-share-link av-social-link-whatsapp' ><a target=\"_blank\" aria-label=\"Compartir en Whatsapp\" href='https:\/\/api.whatsapp.com\/send?text=https:\/\/radiorevelacionfm.cl\/?p=11547' aria-hidden='false' data-av_icon='\uf232' data-av_iconfont='entypo-fontello' title='' data-avia-related-tooltip='Compartir en Whatsapp' rel=\"noopener\"><span class='avia_hidden_link_text'>Compartir en Whatsapp<\/span><\/a><\/li><li class='av-share-link av-social-link-linkedin' ><a target=\"_blank\" aria-label=\"Compartir en LinkedIn\" href='https:\/\/linkedin.com\/shareArticle?mini=true&#038;title=Educaci%C3%B3n%20y%20Salud%20confirman%20que%20est%C3%A1n%20todas%20las%20condiciones%20para%20rendir%20la%20Prueba%20de%20Transici%C3%B3n%20de%20forma%20segura&#038;url=https:\/\/radiorevelacionfm.cl\/?p=11547' aria-hidden='false' data-av_icon='\ue8fc' data-av_iconfont='entypo-fontello' title='' data-avia-related-tooltip='Compartir en LinkedIn' rel=\"noopener\"><span class='avia_hidden_link_text'>Compartir en LinkedIn<\/span><\/a><\/li><li class='av-share-link av-social-link-mail' ><a  aria-label=\"Compartir por correo\" href='mailto:?subject=Educaci%C3%B3n%20y%20Salud%20confirman%20que%20est%C3%A1n%20todas%20las%20condiciones%20para%20rendir%20la%20Prueba%20de%20Transici%C3%B3n%20de%20forma%20segura&#038;body=https:\/\/radiorevelacionfm.cl\/?p=11547' aria-hidden='false' data-av_icon='\ue805' data-av_iconfont='entypo-fontello' title='' data-avia-related-tooltip='Compartir por correo'><span class='avia_hidden_link_text'>Compartir por correo<\/span><\/a><\/li><\/ul><\/div><\/div>\n<div  style='height:50px' class='hr hr-invisible   avia-builder-el-8  el_after_av_social_share  el_before_av_comments_list '><span class='hr-inner ' ><span class='hr-inner-style'><\/span><\/span><\/div>\n<div  class='av-buildercomment  av-blog-meta-html-info-disabled av-blog-meta-tag-disabled  '><\/div>\n","protected":false},"excerpt":{"rendered":"","protected":false},"author":1,"featured_media":11548,"comment_status":"open","ping_status":"open","sticky":false,"template":"","format":"standard","meta":{"footnotes":""},"categories":[49],"tags":[],"class_list":["post-11547","post","type-post","status-publish","format-standard","has-post-thumbnail","hentry","category-educacion"],"jetpack_featured_media_url":"https:\/\/radiorevelacionfm.cl\/wp-content\/uploads\/2021\/12\/pdt-1-1.jpg","_links":{"self":[{"href":"https:\/\/radiorevelacionfm.cl\/index.php?rest_route=\/wp\/v2\/posts\/11547","targetHints":{"allow":["GET"]}}],"collection":[{"href":"https:\/\/radiorevelacionfm.cl\/index.php?rest_route=\/wp\/v2\/posts"}],"about":[{"href":"https:\/\/radiorevelacionfm.cl\/index.php?rest_route=\/wp\/v2\/types\/post"}],"author":[{"embeddable":true,"href":"https:\/\/radiorevelacionfm.cl\/index.php?rest_route=\/wp\/v2\/users\/1"}],"replies":[{"embeddable":true,"href":"https:\/\/radiorevelacionfm.cl\/index.php?rest_route=%2Fwp%2Fv2%2Fcomments&post=11547"}],"version-history":[{"count":2,"href":"https:\/\/radiorevelacionfm.cl\/index.php?rest_route=\/wp\/v2\/posts\/11547\/revisions"}],"predecessor-version":[{"id":11560,"href":"https:\/\/radiorevelacionfm.cl\/index.php?rest_route=\/wp\/v2\/posts\/11547\/revisions\/11560"}],"wp:featuredmedia":[{"embeddable":true,"href":"https:\/\/radiorevelacionfm.cl\/index.php?rest_route=\/wp\/v2\/media\/11548"}],"wp:attachment":[{"href":"https:\/\/radiorevelacionfm.cl\/index.php?rest_route=%2Fwp%2Fv2%2Fmedia&parent=11547"}],"wp:term":[{"taxonomy":"category","embeddable":true,"href":"https:\/\/radiorevelacionfm.cl\/index.php?rest_route=%2Fwp%2Fv2%2Fcategories&post=11547"},{"taxonomy":"post_tag","embeddable":true,"href":"https:\/\/radiorevelacionfm.cl\/index.php?rest_route=%2Fwp%2Fv2%2Ftags&post=11547"}],"curies":[{"name":"wp","href":"https:\/\/api.w.org\/{rel}","templated":true}]}}