{"id":11544,"date":"2021-12-06T09:36:49","date_gmt":"2021-12-06T12:36:49","guid":{"rendered":"https:\/\/radiorevelacionfm.cl\/?p=11544"},"modified":"2021-12-06T09:36:49","modified_gmt":"2021-12-06T12:36:49","slug":"en-aysen-dan-inicio-a-la-navidad-con-ornamentacion-unica-en-la-region-vecinos-disfrutaron-de-ceremonia-de-encendido","status":"publish","type":"post","link":"https:\/\/radiorevelacionfm.cl\/?p=11544","title":{"rendered":"En Ays\u00e9n dan inicio a la Navidad con ornamentaci\u00f3n \u00fanica en la regi\u00f3n, vecinos disfrutaron de ceremonia de encendido"},"content":{"rendered":"<div class=\"flex_column av_one_full  flex_column_div av-zero-column-padding first  avia-builder-el-0  el_before_av_one_full  avia-builder-el-first  \" style='border-radius:0px; '><div  class='avia-image-container  av-styling-    avia-builder-el-1  avia-builder-el-no-sibling  avia-align-center '  itemprop=\"image\" itemscope=\"itemscope\" itemtype=\"https:\/\/schema.org\/ImageObject\"  ><div class='avia-image-container-inner'><div class='avia-image-overlay-wrap'><img decoding=\"async\" class='wp-image-11545 avia-img-lazy-loading-not-11545 avia_image' src=\"https:\/\/radiorevelacionfm.cl\/wp-content\/uploads\/2021\/12\/img-encendido-muniaysen1-1_optimized.jpeg\" alt='' title='img-encendido-muniaysen1-(1)_optimized' height=\"600\" width=\"800\"  itemprop=\"thumbnailUrl\" srcset=\"https:\/\/radiorevelacionfm.cl\/wp-content\/uploads\/2021\/12\/img-encendido-muniaysen1-1_optimized.jpeg 800w, https:\/\/radiorevelacionfm.cl\/wp-content\/uploads\/2021\/12\/img-encendido-muniaysen1-1_optimized-300x225.jpeg 300w, https:\/\/radiorevelacionfm.cl\/wp-content\/uploads\/2021\/12\/img-encendido-muniaysen1-1_optimized-768x576.jpeg 768w, https:\/\/radiorevelacionfm.cl\/wp-content\/uploads\/2021\/12\/img-encendido-muniaysen1-1_optimized-705x529.jpeg 705w, https:\/\/radiorevelacionfm.cl\/wp-content\/uploads\/2021\/12\/img-encendido-muniaysen1-1_optimized-600x450.jpeg 600w\" sizes=\"(max-width: 800px) 100vw, 800px\" \/><\/div><\/div><\/div><\/div><div class=\"flex_column av_one_full  flex_column_div av-zero-column-padding first  avia-builder-el-2  el_after_av_one_full  el_before_av_one_full  column-top-margin\" style='border-radius:0px; '><section class=\"av_textblock_section \"  itemscope=\"itemscope\" itemtype=\"https:\/\/schema.org\/BlogPosting\" itemprop=\"blogPost\" ><div class='avia_textblock  '   itemprop=\"text\" ><p style=\"text-align: center;\"><span style=\"font-size: 18pt;\"><strong>En Ays\u00e9n dan inicio a la Navidad con ornamentaci\u00f3n \u00fanica en la regi\u00f3n, vecinos disfrutaron de ceremonia de encendido<\/strong><\/span><\/p>\n<div id=\"gtx-trans\" style=\"position: absolute; left: -50px; top: 4.31534px;\">\n<div class=\"gtx-trans-icon\"><\/div>\n<\/div>\n<\/div><\/section><\/div><div class=\"flex_column av_one_full  flex_column_div av-zero-column-padding first  avia-builder-el-4  el_after_av_one_full  el_before_av_hr  column-top-margin\" style='border-radius:0px; '><section class=\"av_textblock_section \"  itemscope=\"itemscope\" itemtype=\"https:\/\/schema.org\/BlogPosting\" itemprop=\"blogPost\" ><div class='avia_textblock  '   itemprop=\"text\" ><p style=\"text-align: justify;\">En un intenso trabajo que despleg\u00f3 la casa edilicia de Ays\u00e9n a trav\u00e9s de la Direcci\u00f3n de Aseo, Ornato y Medio Ambiente (DAOMA) se desarrollaron distintas adecuaciones a espacios p\u00fablicos de alta afluencia para adornar por medio de formas y figuras recubiertas de luces Led gran parte del territorio, incluyendo a las localidades que componen la comuna. La inauguraci\u00f3n estuvo al mando del alcalde, Julio Uribe Alvarado, quien adem\u00e1s aprovech\u00f3 la instancia para agradecer a los concejales que aprobaron la modificaci\u00f3n presupuestaria para llevar adelante esta actividad.<\/p>\n<p style=\"text-align: justify;\">Estrellas, personas, \u00e1rboles, pesebres, pascueros, entre otras figuras marcan hoy una acci\u00f3n in\u00e9dita en la Regi\u00f3n y que tiene a Puerto Ays\u00e9n convulsionado para vivir con mucha alegr\u00eda las celebraciones navide\u00f1as y de fin de a\u00f1o. Estas labores comenzaron desde el mes de octubre, tras la aprobaci\u00f3n de recursos por parte del Honorable Concejo Municipal de Ays\u00e9n e incluyeron jornadas de trabajo que en m\u00e1s de una ocasi\u00f3n superaron las 18 horas al d\u00eda. Un compromiso que fue transversalmente valorado por la gente de Ays\u00e9n en la ceremonia de encendido efectuada desde la Plaza de Armas de Puerto Ays\u00e9n.<\/p>\n<p style=\"text-align: justify;\">En este sentido, el alcalde de Ays\u00e9n, Julio Uribe Alvarado, felicit\u00f3 a todo el personal de DAOMA \u201chan trabajado muchas horas para que esto pueda ser realidad, durante varios meses, desde que se aprobaron los recursos gracias al Concejo Municipal\u201d. Fue as\u00ed como tambi\u00e9n, el l\u00edder comunal apreci\u00f3 la decisi\u00f3n adoptada por los concejales: Tatiana Villarroel, Jorge Figueroa y Gabriel Mu\u00f1oz, quienes votaron a favor de hacer esto para la comunidad.<\/p>\n<p style=\"text-align: justify;\">Uribe Alvarado, adem\u00e1s agreg\u00f3 que \u201cla familia hoy d\u00eda lo est\u00e1 disfrutando, tenemos un Ays\u00e9n adornado, queremos que nos vengan a ver, que nuestros restaurantes se llenen. El mejor trabajo brindado por el equipo municipal es la uni\u00f3n y espiritualidad que hoy se ven reflejados en estos \u00e1ngeles, en la familia del ni\u00f1o Dios y que eso no tenemos que perderlo de vista. As\u00ed es que, es importante aprovechar estos d\u00edas\u201d.<\/p>\n<p style=\"text-align: justify;\">Por su parte, el director de Aseo, Ornato y Medio Ambiente del municipio aysenino, Jorge Hurtado Pinela, declar\u00f3 su felicidad ante la materializaci\u00f3n de esta iniciativa \u201caqu\u00ed se ve graficado muchas horas de trabajo y sacrificio puestas a disposici\u00f3n de la comunidad, existen muchas personas a las cuales agradecer, sobretodo al equipo de DAOMA, entre los el\u00e9ctricos, soldadores, maestros, choferes, \u00e1reas verdes, los programas empleos. Hay mucha, mucha gente involucrada, agradecer igual a los departamentos y direcciones del municipio; estoy bastante contento con el resultado y esto es para la comuna, para todos nosotros los ayseninos, hoy por hoy la ciudad se ve m\u00e1s embellecida a\u00fan\u201d expres\u00f3 el personero municipal.<\/p>\n<p style=\"text-align: justify;\">Entre los asistentes a la actividad se encontraba el Convencional Constituyente, Tomas Laibe, quien se mostr\u00f3 gratamente sorprendido por el accionar municipal, enfatizando que \u201ca veces esperamos a que se hagan tremendos actos culturales, con grandes artistas y la verdad es que esto nos demuestra que peque\u00f1os gestos, nos pueden ayudar a que la gente se encuentre, que la comunidad de fortalezca, son las iniciativas que necesitamos\u201d. Todo esto a su juicio, contribuye con la necesidad de las comunidades de volver a encontrarse en el actual contexto, felicitando al alcalde y al concejo por este tipo de iniciativas.<\/p>\n<p style=\"text-align: justify;\">Finalmente, Alba, vecina de Puerto Ays\u00e9n, quien asisti\u00f3 a la ceremonia de encendido indic\u00f3 que su presencia tiene relaci\u00f3n con los gustos expresados por sus ni\u00f1os en este tipo de actividades, manifestando de igual manera, su impresi\u00f3n positiva ante el intenso despliegue efectuado por el municipio y que incluy\u00f3 aumentar la luminosidad de la principal avenida de la ciudad (calle Sargento Aldea).<\/p>\n<\/div><\/section><\/div><div  style='height:50px' class='hr hr-invisible   avia-builder-el-6  el_after_av_one_full  el_before_av_social_share '><span class='hr-inner ' ><span class='hr-inner-style'><\/span><\/span><\/div><\/p>\n<div  class='av-social-sharing-box  avia-builder-el-7  el_after_av_hr  el_before_av_hr  '><div class='av-share-box'><h5 class='av-share-link-description av-no-toc '>Compartir esta noticia<\/h5><ul class='av-share-box-list noLightbox'><li class='av-share-link av-social-link-facebook' ><a target=\"_blank\" aria-label=\"Compartir en Facebook\" href='https:\/\/www.facebook.com\/sharer.php?u=https:\/\/radiorevelacionfm.cl\/?p=11544&#038;t=En%20Ays%C3%A9n%20dan%20inicio%20a%20la%20Navidad%20con%20ornamentaci%C3%B3n%20%C3%BAnica%20en%20la%20regi%C3%B3n%2C%20vecinos%20disfrutaron%20de%20ceremonia%20de%20encendido' aria-hidden='false' data-av_icon='\ue8f3' data-av_iconfont='entypo-fontello' title='' data-avia-related-tooltip='Compartir en Facebook' rel=\"noopener\"><span class='avia_hidden_link_text'>Compartir en Facebook<\/span><\/a><\/li><li class='av-share-link av-social-link-twitter' ><a target=\"_blank\" aria-label=\"Compartir en Twitter\" href='https:\/\/twitter.com\/share?text=En%20Ays%C3%A9n%20dan%20inicio%20a%20la%20Navidad%20con%20ornamentaci%C3%B3n%20%C3%BAnica%20en%20la%20regi%C3%B3n%2C%20vecinos%20disfrutaron%20de%20ceremonia%20de%20encendido&#038;url=https:\/\/radiorevelacionfm.cl\/?p=11544' aria-hidden='false' data-av_icon='\ue8f1' data-av_iconfont='entypo-fontello' title='' data-avia-related-tooltip='Compartir en Twitter' rel=\"noopener\"><span class='avia_hidden_link_text'>Compartir en Twitter<\/span><\/a><\/li><li class='av-share-link av-social-link-whatsapp' ><a target=\"_blank\" aria-label=\"Compartir en Whatsapp\" href='https:\/\/api.whatsapp.com\/send?text=https:\/\/radiorevelacionfm.cl\/?p=11544' aria-hidden='false' data-av_icon='\uf232' data-av_iconfont='entypo-fontello' title='' data-avia-related-tooltip='Compartir en Whatsapp' rel=\"noopener\"><span class='avia_hidden_link_text'>Compartir en Whatsapp<\/span><\/a><\/li><li class='av-share-link av-social-link-linkedin' ><a target=\"_blank\" aria-label=\"Compartir en LinkedIn\" href='https:\/\/linkedin.com\/shareArticle?mini=true&#038;title=En%20Ays%C3%A9n%20dan%20inicio%20a%20la%20Navidad%20con%20ornamentaci%C3%B3n%20%C3%BAnica%20en%20la%20regi%C3%B3n%2C%20vecinos%20disfrutaron%20de%20ceremonia%20de%20encendido&#038;url=https:\/\/radiorevelacionfm.cl\/?p=11544' aria-hidden='false' data-av_icon='\ue8fc' data-av_iconfont='entypo-fontello' title='' data-avia-related-tooltip='Compartir en LinkedIn' rel=\"noopener\"><span class='avia_hidden_link_text'>Compartir en LinkedIn<\/span><\/a><\/li><li class='av-share-link av-social-link-mail' ><a  aria-label=\"Compartir por correo\" href='mailto:?subject=En%20Ays%C3%A9n%20dan%20inicio%20a%20la%20Navidad%20con%20ornamentaci%C3%B3n%20%C3%BAnica%20en%20la%20regi%C3%B3n%2C%20vecinos%20disfrutaron%20de%20ceremonia%20de%20encendido&#038;body=https:\/\/radiorevelacionfm.cl\/?p=11544' aria-hidden='false' data-av_icon='\ue805' data-av_iconfont='entypo-fontello' title='' data-avia-related-tooltip='Compartir por correo'><span class='avia_hidden_link_text'>Compartir por correo<\/span><\/a><\/li><\/ul><\/div><\/div>\n<div  style='height:50px' class='hr hr-invisible   avia-builder-el-8  el_after_av_social_share  el_before_av_comments_list '><span class='hr-inner ' ><span class='hr-inner-style'><\/span><\/span><\/div>\n<div  class='av-buildercomment  av-blog-meta-html-info-disabled av-blog-meta-tag-disabled  '><\/div>\n","protected":false},"excerpt":{"rendered":"","protected":false},"author":1,"featured_media":11545,"comment_status":"open","ping_status":"open","sticky":false,"template":"","format":"standard","meta":{"footnotes":""},"categories":[38],"tags":[],"class_list":["post-11544","post","type-post","status-publish","format-standard","has-post-thumbnail","hentry","category-regional"],"jetpack_featured_media_url":"https:\/\/radiorevelacionfm.cl\/wp-content\/uploads\/2021\/12\/img-encendido-muniaysen1-1_optimized.jpeg","_links":{"self":[{"href":"https:\/\/radiorevelacionfm.cl\/index.php?rest_route=\/wp\/v2\/posts\/11544","targetHints":{"allow":["GET"]}}],"collection":[{"href":"https:\/\/radiorevelacionfm.cl\/index.php?rest_route=\/wp\/v2\/posts"}],"about":[{"href":"https:\/\/radiorevelacionfm.cl\/index.php?rest_route=\/wp\/v2\/types\/post"}],"author":[{"embeddable":true,"href":"https:\/\/radiorevelacionfm.cl\/index.php?rest_route=\/wp\/v2\/users\/1"}],"replies":[{"embeddable":true,"href":"https:\/\/radiorevelacionfm.cl\/index.php?rest_route=%2Fwp%2Fv2%2Fcomments&post=11544"}],"version-history":[{"count":2,"href":"https:\/\/radiorevelacionfm.cl\/index.php?rest_route=\/wp\/v2\/posts\/11544\/revisions"}],"predecessor-version":[{"id":11554,"href":"https:\/\/radiorevelacionfm.cl\/index.php?rest_route=\/wp\/v2\/posts\/11544\/revisions\/11554"}],"wp:featuredmedia":[{"embeddable":true,"href":"https:\/\/radiorevelacionfm.cl\/index.php?rest_route=\/wp\/v2\/media\/11545"}],"wp:attachment":[{"href":"https:\/\/radiorevelacionfm.cl\/index.php?rest_route=%2Fwp%2Fv2%2Fmedia&parent=11544"}],"wp:term":[{"taxonomy":"category","embeddable":true,"href":"https:\/\/radiorevelacionfm.cl\/index.php?rest_route=%2Fwp%2Fv2%2Fcategories&post=11544"},{"taxonomy":"post_tag","embeddable":true,"href":"https:\/\/radiorevelacionfm.cl\/index.php?rest_route=%2Fwp%2Fv2%2Ftags&post=11544"}],"curies":[{"name":"wp","href":"https:\/\/api.w.org\/{rel}","templated":true}]}}