{"id":11536,"date":"2021-12-05T16:03:37","date_gmt":"2021-12-05T19:03:37","guid":{"rendered":"https:\/\/radiorevelacionfm.cl\/?p=11536"},"modified":"2021-12-05T16:03:37","modified_gmt":"2021-12-05T19:03:37","slug":"el-70-de-los-estudiantes-ha-mejorado-su-rendimiento-con-la-nivelacion-de-escuelas-arriba","status":"publish","type":"post","link":"https:\/\/radiorevelacionfm.cl\/?p=11536","title":{"rendered":"El 70% de los estudiantes ha mejorado su rendimiento con la nivelaci\u00f3n de Escuelas Arriba"},"content":{"rendered":"<div class=\"flex_column av_one_full  flex_column_div av-zero-column-padding first  avia-builder-el-0  el_before_av_one_full  avia-builder-el-first  \" style='border-radius:0px; '><div  class='avia-image-container  av-styling-    avia-builder-el-1  avia-builder-el-no-sibling  avia-align-center '  itemprop=\"image\" itemscope=\"itemscope\" itemtype=\"https:\/\/schema.org\/ImageObject\"  ><div class='avia-image-container-inner'><div class='avia-image-overlay-wrap'><img decoding=\"async\" class='wp-image-11538 avia-img-lazy-loading-not-11538 avia_image' src=\"https:\/\/radiorevelacionfm.cl\/wp-content\/uploads\/2021\/12\/escuelas-arriba-1_optimized.jpg\" alt='' title='escuelas-arriba-(1)_optimized' height=\"600\" width=\"800\"  itemprop=\"thumbnailUrl\" srcset=\"https:\/\/radiorevelacionfm.cl\/wp-content\/uploads\/2021\/12\/escuelas-arriba-1_optimized.jpg 800w, https:\/\/radiorevelacionfm.cl\/wp-content\/uploads\/2021\/12\/escuelas-arriba-1_optimized-300x225.jpg 300w, https:\/\/radiorevelacionfm.cl\/wp-content\/uploads\/2021\/12\/escuelas-arriba-1_optimized-768x576.jpg 768w, https:\/\/radiorevelacionfm.cl\/wp-content\/uploads\/2021\/12\/escuelas-arriba-1_optimized-705x529.jpg 705w, https:\/\/radiorevelacionfm.cl\/wp-content\/uploads\/2021\/12\/escuelas-arriba-1_optimized-600x450.jpg 600w\" sizes=\"(max-width: 800px) 100vw, 800px\" \/><\/div><\/div><\/div><\/div><div class=\"flex_column av_one_full  flex_column_div av-zero-column-padding first  avia-builder-el-2  el_after_av_one_full  el_before_av_one_full  column-top-margin\" style='border-radius:0px; '><section class=\"av_textblock_section \"  itemscope=\"itemscope\" itemtype=\"https:\/\/schema.org\/BlogPosting\" itemprop=\"blogPost\" ><div class='avia_textblock  '   itemprop=\"text\" ><p style=\"text-align: center;\"><span style=\"font-size: 18pt;\"><b><span lang=\"ES\">El 70% de los estudiantes ha mejorado su rendimiento con la nivelaci\u00f3n de Escuelas Arriba<\/span><\/b><\/span><\/p>\n<div id=\"gtx-trans\" style=\"position: absolute; left: -50px; top: 4.31534px;\">\n<div class=\"gtx-trans-icon\"><\/div>\n<\/div>\n<\/div><\/section><\/div><div class=\"flex_column av_one_full  flex_column_div av-zero-column-padding first  avia-builder-el-4  el_after_av_one_full  el_before_av_hr  column-top-margin\" style='border-radius:0px; '><section class=\"av_textblock_section \"  itemscope=\"itemscope\" itemtype=\"https:\/\/schema.org\/BlogPosting\" itemprop=\"blogPost\" ><div class='avia_textblock  '   itemprop=\"text\" ><p class=\"v1MsoNormal\" style=\"text-align: justify;\"><span lang=\"ES\">M\u00e1s de 3 mil establecimientos, a nivel nacional, forman parte de Escuelas Arriba, programa que surgi\u00f3 en 2019 para apoyar los procesos educativos de las escuelas y liceos categorizados como insuficientes y que este a\u00f1o abri\u00f3 un proceso de inscripci\u00f3n voluntaria para que todos quienes lo desearan trabajaran en la\u00a0<\/span>recuperaci\u00f3n de los aprendizajes y en la disminuci\u00f3n de las brechas educativas que se han profundizado producto de la pandemia.<\/p>\n<p class=\"v1MsoNormal\" style=\"text-align: justify;\"><span lang=\"ES\">Tras un a\u00f1o de clases en modalidad h\u00edbrida, la implementaci\u00f3n de Escuelas Arriba ha mostrado resultados favorables para los establecimientos; el 70% de los estudiantes ha mejorado su rendimiento en las evaluaciones despu\u00e9s del proceso de nivelaci\u00f3n que propone el programa y, adem\u00e1s, m\u00e1s del 80% de los equipos directivos participantes considera que\u00a0<\/span>Escuelas Arriba ha significado un apoyo importante en entregar una estrategia clara para nivelar aprendizajes y alrededor de un 88% ha trabajado con los materiales disponibles, que incluye gu\u00edas de aprendizaje y evaluaciones para las asignaturas de Lenguaje y Matem\u00e1tica desde 3\u00b0 b\u00e1sico a II\u00b0 medio.<\/p>\n<p class=\"v1MsoNormal\" style=\"text-align: justify;\">\u00abEscuelas Arriba ha sido un programa pionero del Mineduc, que concentra el apoyo en las escuelas que m\u00e1s lo necesitan, nivelando y reforzando los aprendizajes a trav\u00e9s una amplia gama de recursos pedag\u00f3gicos. Gracias a la evaluaci\u00f3n peri\u00f3dica, es posible conocer el logro de sus alumnos y tomar medidas remediales para que ning\u00fan estudiante quede rezagado y as\u00ed pueda avanzar con \u00e9xito en su trayectoria educativa\u00bb,\u00a0<span lang=\"ES\">asegur\u00f3 el ministro de Educaci\u00f3n, Ra\u00fal Figueroa.<\/span><\/p>\n<p class=\"v1MsoNormal\" style=\"text-align: justify;\"><span lang=\"ES\">Las propias escuelas y liceos han solicitado continuar con el programa, por lo que, para el 2022, Escuelas Arriba volver\u00e1 a abrir la convocatoria a todos los establecimientos educativos del pa\u00eds. Esto les permitir\u00e1 trabajar con una metodolog\u00eda probada, que cuenta con recursos pedag\u00f3gicos, herramientas de monitoreo y evaluaci\u00f3n, instancias de perfeccionamiento docente e intercambios de experiencias exitosas entre establecimientos.<\/span><\/p>\n<p class=\"v1MsoNormal\" style=\"text-align: justify;\"><span lang=\"ES\">El Seremi de Educaci\u00f3n de Ays\u00e9n Sergio Becerra Mera inform\u00f3 que hasta el viernes 10 de diciembre las escuelas y liceos podr\u00e1n inscribirse para ser parte de Escuelas Arriba a trav\u00e9s de su p\u00e1gina web (<a href=\"http:\/\/escuelasarriba.mineduc.cl\/\" target=\"_blank\" rel=\"noopener noreferrer\">escuelasarriba.mineduc.cl<\/a>), y as\u00ed continuar priorizando procesos de recuperaci\u00f3n y nivelaci\u00f3n de aprendizajes, que permitan disminuir las brechas educativas y mejorar la calidad de la educaci\u00f3n que entregan a sus estudiantes.<\/span><\/p>\n<p class=\"v1MsoNormal\" style=\"text-align: justify;\"><span lang=\"ES\">\u00abCreemos que, independiente del contexto en el que se encuentren, todos pueden aprender m\u00e1s y mejor\u00bb, sostuvo el Seremi.<\/span><\/p>\n<p class=\"v1MsoNormal\" style=\"text-align: justify;\">Juan Carlos Aravena, director de la Escuela Nuestra Se\u00f1ora de la Divina Providencia de Puerto Gaviota, comuna de Cisnes valor\u00f3 positivamente el programa.<\/p>\n<p class=\"v1MsoNormal\" style=\"text-align: justify;\">\u00abDesde fines del a\u00f1o 2020 empezamos a recibir el material del programa Escuelas Arriba y comenzamos a implementarlo, utilizando las gu\u00edas que descargamos y tambi\u00e9n entregando el material impreso. Todo lo anterior en un contexto de priorizaci\u00f3n curricular establecido por el Ministerio de Educaci\u00f3n para enfrentar la pandemia y revertir el impacto de esta en el \u00e1mbito acad\u00e9mico. La experiencia fue muy positiva, fue bien recibida por los alumnos y facilit\u00f3 mucho mi labor como \u00fanico docente de la escuela. Las gu\u00edas resultaron muy atractivas para los estudiantes y permitieron ordenar el trabajo docente y as\u00ed pudimos avanzar en materia pedag\u00f3gica recuperando aprendizajes que no se realizaron durante los cuatro meses que estuvimos sin clases. Nuestros resultados han sido muy buenos de acuerdo al Diagn\u00f3stico Integral de Aprendizajes (DIA) aplicado en marzo. En resumen, Escuelas Arriba ha reforzado nuestra labor y nos ha entregado una herramienta muy efectiva para priorizaci\u00f3n y refuerzo de aprendizajes\u00bb.<\/p>\n<\/div><\/section><\/div><div  style='height:50px' class='hr hr-invisible   avia-builder-el-6  el_after_av_one_full  el_before_av_social_share '><span class='hr-inner ' ><span class='hr-inner-style'><\/span><\/span><\/div><\/p>\n<div  class='av-social-sharing-box  avia-builder-el-7  el_after_av_hr  el_before_av_hr  '><div class='av-share-box'><h5 class='av-share-link-description av-no-toc '>Compartir esta noticia<\/h5><ul class='av-share-box-list noLightbox'><li class='av-share-link av-social-link-facebook' ><a target=\"_blank\" aria-label=\"Compartir en Facebook\" href='https:\/\/www.facebook.com\/sharer.php?u=https:\/\/radiorevelacionfm.cl\/?p=11536&#038;t=El%2070%25%20de%20los%20estudiantes%20ha%20mejorado%20su%20rendimiento%20con%20la%20nivelaci%C3%B3n%20de%20Escuelas%20Arriba' aria-hidden='false' data-av_icon='\ue8f3' data-av_iconfont='entypo-fontello' title='' data-avia-related-tooltip='Compartir en Facebook' rel=\"noopener\"><span class='avia_hidden_link_text'>Compartir en Facebook<\/span><\/a><\/li><li class='av-share-link av-social-link-twitter' ><a target=\"_blank\" aria-label=\"Compartir en Twitter\" href='https:\/\/twitter.com\/share?text=El%2070%25%20de%20los%20estudiantes%20ha%20mejorado%20su%20rendimiento%20con%20la%20nivelaci%C3%B3n%20de%20Escuelas%20Arriba&#038;url=https:\/\/radiorevelacionfm.cl\/?p=11536' aria-hidden='false' data-av_icon='\ue8f1' data-av_iconfont='entypo-fontello' title='' data-avia-related-tooltip='Compartir en Twitter' rel=\"noopener\"><span class='avia_hidden_link_text'>Compartir en Twitter<\/span><\/a><\/li><li class='av-share-link av-social-link-whatsapp' ><a target=\"_blank\" aria-label=\"Compartir en Whatsapp\" href='https:\/\/api.whatsapp.com\/send?text=https:\/\/radiorevelacionfm.cl\/?p=11536' aria-hidden='false' data-av_icon='\uf232' data-av_iconfont='entypo-fontello' title='' data-avia-related-tooltip='Compartir en Whatsapp' rel=\"noopener\"><span class='avia_hidden_link_text'>Compartir en Whatsapp<\/span><\/a><\/li><li class='av-share-link av-social-link-linkedin' ><a target=\"_blank\" aria-label=\"Compartir en LinkedIn\" href='https:\/\/linkedin.com\/shareArticle?mini=true&#038;title=El%2070%25%20de%20los%20estudiantes%20ha%20mejorado%20su%20rendimiento%20con%20la%20nivelaci%C3%B3n%20de%20Escuelas%20Arriba&#038;url=https:\/\/radiorevelacionfm.cl\/?p=11536' aria-hidden='false' data-av_icon='\ue8fc' data-av_iconfont='entypo-fontello' title='' data-avia-related-tooltip='Compartir en LinkedIn' rel=\"noopener\"><span class='avia_hidden_link_text'>Compartir en LinkedIn<\/span><\/a><\/li><li class='av-share-link av-social-link-mail' ><a  aria-label=\"Compartir por correo\" href='mailto:?subject=El%2070%25%20de%20los%20estudiantes%20ha%20mejorado%20su%20rendimiento%20con%20la%20nivelaci%C3%B3n%20de%20Escuelas%20Arriba&#038;body=https:\/\/radiorevelacionfm.cl\/?p=11536' aria-hidden='false' data-av_icon='\ue805' data-av_iconfont='entypo-fontello' title='' data-avia-related-tooltip='Compartir por correo'><span class='avia_hidden_link_text'>Compartir por correo<\/span><\/a><\/li><\/ul><\/div><\/div>\n<div  style='height:50px' class='hr hr-invisible   avia-builder-el-8  el_after_av_social_share  el_before_av_comments_list '><span class='hr-inner ' ><span class='hr-inner-style'><\/span><\/span><\/div>\n<div  class='av-buildercomment  av-blog-meta-html-info-disabled av-blog-meta-tag-disabled  '><\/div>\n","protected":false},"excerpt":{"rendered":"","protected":false},"author":1,"featured_media":11538,"comment_status":"open","ping_status":"open","sticky":false,"template":"","format":"standard","meta":{"footnotes":""},"categories":[49],"tags":[],"class_list":["post-11536","post","type-post","status-publish","format-standard","has-post-thumbnail","hentry","category-educacion"],"jetpack_featured_media_url":"https:\/\/radiorevelacionfm.cl\/wp-content\/uploads\/2021\/12\/escuelas-arriba-1_optimized.jpg","_links":{"self":[{"href":"https:\/\/radiorevelacionfm.cl\/index.php?rest_route=\/wp\/v2\/posts\/11536","targetHints":{"allow":["GET"]}}],"collection":[{"href":"https:\/\/radiorevelacionfm.cl\/index.php?rest_route=\/wp\/v2\/posts"}],"about":[{"href":"https:\/\/radiorevelacionfm.cl\/index.php?rest_route=\/wp\/v2\/types\/post"}],"author":[{"embeddable":true,"href":"https:\/\/radiorevelacionfm.cl\/index.php?rest_route=\/wp\/v2\/users\/1"}],"replies":[{"embeddable":true,"href":"https:\/\/radiorevelacionfm.cl\/index.php?rest_route=%2Fwp%2Fv2%2Fcomments&post=11536"}],"version-history":[{"count":2,"href":"https:\/\/radiorevelacionfm.cl\/index.php?rest_route=\/wp\/v2\/posts\/11536\/revisions"}],"predecessor-version":[{"id":11540,"href":"https:\/\/radiorevelacionfm.cl\/index.php?rest_route=\/wp\/v2\/posts\/11536\/revisions\/11540"}],"wp:featuredmedia":[{"embeddable":true,"href":"https:\/\/radiorevelacionfm.cl\/index.php?rest_route=\/wp\/v2\/media\/11538"}],"wp:attachment":[{"href":"https:\/\/radiorevelacionfm.cl\/index.php?rest_route=%2Fwp%2Fv2%2Fmedia&parent=11536"}],"wp:term":[{"taxonomy":"category","embeddable":true,"href":"https:\/\/radiorevelacionfm.cl\/index.php?rest_route=%2Fwp%2Fv2%2Fcategories&post=11536"},{"taxonomy":"post_tag","embeddable":true,"href":"https:\/\/radiorevelacionfm.cl\/index.php?rest_route=%2Fwp%2Fv2%2Ftags&post=11536"}],"curies":[{"name":"wp","href":"https:\/\/api.w.org\/{rel}","templated":true}]}}