{"id":11532,"date":"2021-12-05T15:35:03","date_gmt":"2021-12-05T18:35:03","guid":{"rendered":"https:\/\/radiorevelacionfm.cl\/?p=11532"},"modified":"2021-12-05T15:35:03","modified_gmt":"2021-12-05T18:35:03","slug":"el-teatro-abrio-espacios-en-coyhaique-con-el-festival-de-patagonia-en-escena","status":"publish","type":"post","link":"https:\/\/radiorevelacionfm.cl\/?p=11532","title":{"rendered":"El teatro abri\u00f3 espacios en Coyhaique con el Festival de Patagonia en Escena"},"content":{"rendered":"<div class=\"flex_column av_one_full  flex_column_div av-zero-column-padding first  avia-builder-el-0  el_before_av_one_full  avia-builder-el-first  \" style='border-radius:0px; '><div  class='avia-image-container  av-styling-    avia-builder-el-1  avia-builder-el-no-sibling  avia-align-center '  itemprop=\"image\" itemscope=\"itemscope\" itemtype=\"https:\/\/schema.org\/ImageObject\"  ><div class='avia-image-container-inner'><div class='avia-image-overlay-wrap'><img decoding=\"async\" class='wp-image-11533 avia-img-lazy-loading-not-11533 avia_image' src=\"https:\/\/radiorevelacionfm.cl\/wp-content\/uploads\/2021\/12\/05-Circo-Lacustre1-1-1.jpg\" alt='' title='05 - Circo Lacustre1 (1) (1)' height=\"600\" width=\"817\"  itemprop=\"thumbnailUrl\" srcset=\"https:\/\/radiorevelacionfm.cl\/wp-content\/uploads\/2021\/12\/05-Circo-Lacustre1-1-1.jpg 817w, https:\/\/radiorevelacionfm.cl\/wp-content\/uploads\/2021\/12\/05-Circo-Lacustre1-1-1-300x220.jpg 300w, https:\/\/radiorevelacionfm.cl\/wp-content\/uploads\/2021\/12\/05-Circo-Lacustre1-1-1-768x564.jpg 768w, https:\/\/radiorevelacionfm.cl\/wp-content\/uploads\/2021\/12\/05-Circo-Lacustre1-1-1-705x518.jpg 705w, https:\/\/radiorevelacionfm.cl\/wp-content\/uploads\/2021\/12\/05-Circo-Lacustre1-1-1-600x441.jpg 600w\" sizes=\"(max-width: 817px) 100vw, 817px\" \/><\/div><\/div><\/div><\/div><div class=\"flex_column av_one_full  flex_column_div av-zero-column-padding first  avia-builder-el-2  el_after_av_one_full  el_before_av_one_full  column-top-margin\" style='border-radius:0px; '><section class=\"av_textblock_section \"  itemscope=\"itemscope\" itemtype=\"https:\/\/schema.org\/BlogPosting\" itemprop=\"blogPost\" ><div class='avia_textblock  '   itemprop=\"text\" ><p style=\"text-align: center;\"><strong><span style=\"font-size: 18pt;\">El teatro abri\u00f3 espacios en Coyhaique con el Festival de Patagonia en Escena<\/span><\/strong><\/p>\n<div id=\"gtx-trans\" style=\"position: absolute; left: -50px; top: 4.31534px;\">\n<div class=\"gtx-trans-icon\"><\/div>\n<\/div>\n<\/div><\/section><\/div><div class=\"flex_column av_one_full  flex_column_div av-zero-column-padding first  avia-builder-el-4  el_after_av_one_full  el_before_av_hr  column-top-margin\" style='border-radius:0px; '><section class=\"av_textblock_section \"  itemscope=\"itemscope\" itemtype=\"https:\/\/schema.org\/BlogPosting\" itemprop=\"blogPost\" ><div class='avia_textblock  '   itemprop=\"text\" ><p style=\"text-align: justify;\">Diversas compa\u00f1\u00edas de teatro dieron vida a la d\u00e9cima versi\u00f3n del Festival de Teatro Patagonia en Escena que, pese los inconvenientes provocados por los constantes cambios debidos a la situaci\u00f3n sanitaria, logr\u00f3 convocar a las familias de Coyhaique.<\/p>\n<p style=\"text-align: justify;\">Ver\u00f3nica Ibieta, directora del festival, realiz\u00f3 un positivo balance de la actividad, destacando la gran participaci\u00f3n de la comunidad en cada una de las actividades realizadas.<\/p>\n<p style=\"text-align: justify;\">\u201cComo agrupaci\u00f3n y como equipo estamos muy felices de haber realizado el festival de manera presencial, tomando todas las medidas sanitarias recomendadas para prevenir contagios y reaccionando r\u00e1pidamente frente a cambios de espacios y programaci\u00f3n. Tuvimos la participaci\u00f3n de compa\u00f1\u00edas nacionales y regionales, adem\u00e1s de actividades formativas abiertas a la comunidad, logrando en ambas una gran participaci\u00f3n e inter\u00e9s de la ciudadan\u00eda\u201d.<\/p>\n<p style=\"text-align: justify;\">El Festival de Teatro Patagonia en Escena se desarroll\u00f3 en espacios abiertos y cerrados, contando con la participaci\u00f3n de Circo Lacustre, Ramillete Clown, Teatro Huevo, Colectivo Cuenco, Colectivo H\u00e4pe y Reciclacirco.<\/p>\n<p style=\"text-align: justify;\"><strong>Suspensi\u00f3n de actividades<\/strong><\/p>\n<p style=\"text-align: justify;\">Producto de la realidad nacional, desde la organizaci\u00f3n se\u00f1alaron que, si bien tuvieron que suspender tres obras de teatro y dos actividades formativas producto de la pandemia, estas ser\u00e1n reagendadas e informadas oportunamente a la comunidad.<\/p>\n<p style=\"text-align: justify;\">\u201cDado el contexto sanitario, tuvimos inconvenientes con compa\u00f1\u00edas nacionales que no pudieron viajar por temas de salud, teniendo que suspender algunas actividades. Lo anterior no significa que no las realizaremos, al contrario, ya estamos trabajando para buscar nuevas fechas y espacios para su realizaci\u00f3n\u201d, se\u00f1al\u00f3 Ibieta.<\/p>\n<p style=\"text-align: justify;\">Finalmente Ver\u00f3nica Ibieta, a nombre de todo el equipo de Malotun, agradeci\u00f3 a las instituciones financistas y colaboradoras, empresas, organizaciones comunitarias, voluntarios\/as y al p\u00fablico, que se han hecho parte y apoyado esta iniciativa a lo largo de su trayectoria, que ya anota una d\u00e9cada de trabajo ininterrumpido.<\/p>\n<\/div><\/section><\/div><div  style='height:50px' class='hr hr-invisible   avia-builder-el-6  el_after_av_one_full  el_before_av_social_share '><span class='hr-inner ' ><span class='hr-inner-style'><\/span><\/span><\/div><\/p>\n<div  class='av-social-sharing-box  avia-builder-el-7  el_after_av_hr  el_before_av_hr  '><div class='av-share-box'><h5 class='av-share-link-description av-no-toc '>Compartir esta noticia<\/h5><ul class='av-share-box-list noLightbox'><li class='av-share-link av-social-link-facebook' ><a target=\"_blank\" aria-label=\"Compartir en Facebook\" href='https:\/\/www.facebook.com\/sharer.php?u=https:\/\/radiorevelacionfm.cl\/?p=11532&#038;t=El%20teatro%20abri%C3%B3%20espacios%20en%20Coyhaique%20con%20el%20Festival%20de%20Patagonia%20en%20Escena' aria-hidden='false' data-av_icon='\ue8f3' data-av_iconfont='entypo-fontello' title='' data-avia-related-tooltip='Compartir en Facebook' rel=\"noopener\"><span class='avia_hidden_link_text'>Compartir en Facebook<\/span><\/a><\/li><li class='av-share-link av-social-link-twitter' ><a target=\"_blank\" aria-label=\"Compartir en Twitter\" href='https:\/\/twitter.com\/share?text=El%20teatro%20abri%C3%B3%20espacios%20en%20Coyhaique%20con%20el%20Festival%20de%20Patagonia%20en%20Escena&#038;url=https:\/\/radiorevelacionfm.cl\/?p=11532' aria-hidden='false' data-av_icon='\ue8f1' data-av_iconfont='entypo-fontello' title='' data-avia-related-tooltip='Compartir en Twitter' rel=\"noopener\"><span class='avia_hidden_link_text'>Compartir en Twitter<\/span><\/a><\/li><li class='av-share-link av-social-link-whatsapp' ><a target=\"_blank\" aria-label=\"Compartir en Whatsapp\" href='https:\/\/api.whatsapp.com\/send?text=https:\/\/radiorevelacionfm.cl\/?p=11532' aria-hidden='false' data-av_icon='\uf232' data-av_iconfont='entypo-fontello' title='' data-avia-related-tooltip='Compartir en Whatsapp' rel=\"noopener\"><span class='avia_hidden_link_text'>Compartir en Whatsapp<\/span><\/a><\/li><li class='av-share-link av-social-link-linkedin' ><a target=\"_blank\" aria-label=\"Compartir en LinkedIn\" href='https:\/\/linkedin.com\/shareArticle?mini=true&#038;title=El%20teatro%20abri%C3%B3%20espacios%20en%20Coyhaique%20con%20el%20Festival%20de%20Patagonia%20en%20Escena&#038;url=https:\/\/radiorevelacionfm.cl\/?p=11532' aria-hidden='false' data-av_icon='\ue8fc' data-av_iconfont='entypo-fontello' title='' data-avia-related-tooltip='Compartir en LinkedIn' rel=\"noopener\"><span class='avia_hidden_link_text'>Compartir en LinkedIn<\/span><\/a><\/li><li class='av-share-link av-social-link-mail' ><a  aria-label=\"Compartir por correo\" href='mailto:?subject=El%20teatro%20abri%C3%B3%20espacios%20en%20Coyhaique%20con%20el%20Festival%20de%20Patagonia%20en%20Escena&#038;body=https:\/\/radiorevelacionfm.cl\/?p=11532' aria-hidden='false' data-av_icon='\ue805' data-av_iconfont='entypo-fontello' title='' data-avia-related-tooltip='Compartir por correo'><span class='avia_hidden_link_text'>Compartir por correo<\/span><\/a><\/li><\/ul><\/div><\/div>\n<div  style='height:50px' class='hr hr-invisible   avia-builder-el-8  el_after_av_social_share  el_before_av_comments_list '><span class='hr-inner ' ><span class='hr-inner-style'><\/span><\/span><\/div>\n<div  class='av-buildercomment  av-blog-meta-html-info-disabled av-blog-meta-tag-disabled  '><\/div>\n","protected":false},"excerpt":{"rendered":"","protected":false},"author":1,"featured_media":11533,"comment_status":"open","ping_status":"open","sticky":false,"template":"","format":"standard","meta":{"footnotes":""},"categories":[52],"tags":[],"class_list":["post-11532","post","type-post","status-publish","format-standard","has-post-thumbnail","hentry","category-cultura"],"jetpack_featured_media_url":"https:\/\/radiorevelacionfm.cl\/wp-content\/uploads\/2021\/12\/05-Circo-Lacustre1-1-1.jpg","_links":{"self":[{"href":"https:\/\/radiorevelacionfm.cl\/index.php?rest_route=\/wp\/v2\/posts\/11532","targetHints":{"allow":["GET"]}}],"collection":[{"href":"https:\/\/radiorevelacionfm.cl\/index.php?rest_route=\/wp\/v2\/posts"}],"about":[{"href":"https:\/\/radiorevelacionfm.cl\/index.php?rest_route=\/wp\/v2\/types\/post"}],"author":[{"embeddable":true,"href":"https:\/\/radiorevelacionfm.cl\/index.php?rest_route=\/wp\/v2\/users\/1"}],"replies":[{"embeddable":true,"href":"https:\/\/radiorevelacionfm.cl\/index.php?rest_route=%2Fwp%2Fv2%2Fcomments&post=11532"}],"version-history":[{"count":2,"href":"https:\/\/radiorevelacionfm.cl\/index.php?rest_route=\/wp\/v2\/posts\/11532\/revisions"}],"predecessor-version":[{"id":11535,"href":"https:\/\/radiorevelacionfm.cl\/index.php?rest_route=\/wp\/v2\/posts\/11532\/revisions\/11535"}],"wp:featuredmedia":[{"embeddable":true,"href":"https:\/\/radiorevelacionfm.cl\/index.php?rest_route=\/wp\/v2\/media\/11533"}],"wp:attachment":[{"href":"https:\/\/radiorevelacionfm.cl\/index.php?rest_route=%2Fwp%2Fv2%2Fmedia&parent=11532"}],"wp:term":[{"taxonomy":"category","embeddable":true,"href":"https:\/\/radiorevelacionfm.cl\/index.php?rest_route=%2Fwp%2Fv2%2Fcategories&post=11532"},{"taxonomy":"post_tag","embeddable":true,"href":"https:\/\/radiorevelacionfm.cl\/index.php?rest_route=%2Fwp%2Fv2%2Ftags&post=11532"}],"curies":[{"name":"wp","href":"https:\/\/api.w.org\/{rel}","templated":true}]}}