{"id":11528,"date":"2021-12-09T10:47:27","date_gmt":"2021-12-09T13:47:27","guid":{"rendered":"https:\/\/radiorevelacionfm.cl\/?p=11528"},"modified":"2021-12-09T10:47:27","modified_gmt":"2021-12-09T13:47:27","slug":"tres-organizaciones-de-la-region-de-aysen-se-adjudican-fondos-para-promover-una-tenencia-responsable-de-mascotas-y-el-bienestar-animal","status":"publish","type":"post","link":"https:\/\/radiorevelacionfm.cl\/?p=11528","title":{"rendered":"Tres organizaciones de la regi\u00f3n de Ays\u00e9n se adjudican fondos para promover una tenencia responsable de mascotas y el bienestar animal"},"content":{"rendered":"<div class=\"flex_column av_one_full  flex_column_div av-zero-column-padding first  avia-builder-el-0  el_before_av_one_full  avia-builder-el-first  \" style='border-radius:0px; '><div  class='avia-image-container  av-styling-    avia-builder-el-1  avia-builder-el-no-sibling  avia-align-center '  itemprop=\"image\" itemscope=\"itemscope\" itemtype=\"https:\/\/schema.org\/ImageObject\"  ><div class='avia-image-container-inner'><div class='avia-image-overlay-wrap'><img decoding=\"async\" class='wp-image-11529 avia-img-lazy-loading-not-11529 avia_image' src=\"https:\/\/radiorevelacionfm.cl\/wp-content\/uploads\/2021\/12\/unnamed-4-1-1.jpg\" alt='' title='unnamed (4) (1) (1)' height=\"600\" width=\"900\"  itemprop=\"thumbnailUrl\" srcset=\"https:\/\/radiorevelacionfm.cl\/wp-content\/uploads\/2021\/12\/unnamed-4-1-1.jpg 900w, https:\/\/radiorevelacionfm.cl\/wp-content\/uploads\/2021\/12\/unnamed-4-1-1-300x200.jpg 300w, https:\/\/radiorevelacionfm.cl\/wp-content\/uploads\/2021\/12\/unnamed-4-1-1-768x512.jpg 768w, https:\/\/radiorevelacionfm.cl\/wp-content\/uploads\/2021\/12\/unnamed-4-1-1-705x470.jpg 705w, https:\/\/radiorevelacionfm.cl\/wp-content\/uploads\/2021\/12\/unnamed-4-1-1-600x400.jpg 600w\" sizes=\"(max-width: 900px) 100vw, 900px\" \/><\/div><\/div><\/div><\/div><div class=\"flex_column av_one_full  flex_column_div av-zero-column-padding first  avia-builder-el-2  el_after_av_one_full  el_before_av_one_full  column-top-margin\" style='border-radius:0px; '><section class=\"av_textblock_section \"  itemscope=\"itemscope\" itemtype=\"https:\/\/schema.org\/BlogPosting\" itemprop=\"blogPost\" ><div class='avia_textblock  '   itemprop=\"text\" ><p style=\"text-align: center;\"><strong><span style=\"font-size: 18pt;\">Tres organizaciones de la regi\u00f3n de Ays\u00e9n se adjudican fondos para promover una tenencia responsable de mascotas y el bienestar animal<\/span><\/strong><\/p>\n<div id=\"gtx-trans\" style=\"position: absolute; left: -50px; top: 4.31534px;\">\n<div class=\"gtx-trans-icon\"><\/div>\n<\/div>\n<\/div><\/section><\/div><div class=\"flex_column av_one_full  flex_column_div av-zero-column-padding first  avia-builder-el-4  el_after_av_one_full  el_before_av_hr  column-top-margin\" style='border-radius:0px; '><section class=\"av_textblock_section \"  itemscope=\"itemscope\" itemtype=\"https:\/\/schema.org\/BlogPosting\" itemprop=\"blogPost\" ><div class='avia_textblock  '   itemprop=\"text\" ><p style=\"font-weight: 400; text-align: justify;\">Desde publicaciones de libros educativos hasta asesor\u00edas jur\u00eddicas, son parte de los proyectos que se comenzar\u00e1n a ejecutar gracias a los fondos concursables que el Gobierno, a trav\u00e9s de la Subsecretar\u00eda de Desarrollo Regional y Administrativo (Subdere), entreg\u00f3 para promover una tenencia responsable de animales en el pa\u00eds.<\/p>\n<p style=\"font-weight: 400; text-align: justify;\">Es as\u00ed como 52 ONG\u2019s del pa\u00eds ser\u00e1n las responsables de ejecutar 63 proyectos asociados a la tenencia responsable de mascotas, los que fueron adjudicados a trav\u00e9s de los fondos concursables que, por cuarto a\u00f1o consecutivo, promueve el Programa Mascota Protegida de Subdere.<\/p>\n<p style=\"font-weight: 400; text-align: justify;\">\u201cEstamos muy contentos de realizar esta iniciativa que, desde 2018 a la fecha, ha beneficiado a 123 ONG\u2019s, a trav\u00e9s de las cuales se han financiado 244 proyectos con un presupuesto de m\u00e1s de $2.600 millones. Tenemos la convicci\u00f3n de que, trabajando en conjunto, podremos promover de mejor forma la Ley 21.020 que exige tenencia responsable y respeto por nuestros animales\u201d, dijo la subsecretaria de Desarrollo y Regional, Mar\u00eda Paz Troncoso.<\/p>\n<p style=\"font-weight: 400; text-align: justify;\">En tanto, la encargada nacional del Programa Mascota Protegida de Subdere, Carolina Guerrero, asegur\u00f3 que \u201cllevamos cuatro a\u00f1os entregando fondos para apoyar a ONGs en su labor de proteger a los animales y sin duda, hemos tenido buenos resultados. Actualmente hay m\u00e1s de un mill\u00f3n 800 mil mascotas inscritas en el Registro Nacional de Mascotas, herramienta que nos permite reconocer a sus tutores y da la oportunidad de tomar acciones en casos de abandono o extrav\u00edos. Como Subdere seguiremos impulsando iniciativas como estas para llegar a muchos m\u00e1s hogares, con el fin de fomentar la tenencia responsable y educar a las personas\u201d.<\/p>\n<p style=\"font-weight: 400; text-align: justify;\">La entrega de fondos fue realizada en una ceremonia virtual donde el asesor veterinario de Mascota Protegida, Sebasti\u00e1n Jim\u00e9nez, ofici\u00f3 como maestro de ceremonia.<\/p>\n<p style=\"font-weight: 400; text-align: justify;\"><strong>Fondos concursables<\/strong><\/p>\n<p style=\"font-weight: 400; text-align: justify;\">En 2018, el Gobierno del Presidente Sebasti\u00e1n Pi\u00f1era lanz\u00f3 de manera in\u00e9dita los primeros Fondos Concursables Mascota Protegida, dirigidos a ONG\u2019s promotoras del bienestar animal y la tenencia responsable.<\/p>\n<p style=\"font-weight: 400; text-align: justify;\">Para que las organizaciones opten por fondos, deben presentar propuestas de proyectos basadas en l\u00edneas espec\u00edficas de financiamiento: educaci\u00f3n y cultura en tenencia responsable; esterilizaciones caninas y felinas y atenci\u00f3n veterinaria primaria; rescate, recuperaci\u00f3n y reubicaci\u00f3n; cuidado de mascotas en centros o lugares destinados a su mantenci\u00f3n; adiestramiento, rehabilitaci\u00f3n y comportamiento animal; y asesor\u00edas jur\u00eddicas, juicios, consultor\u00edas, desarrollo institucional, articulaci\u00f3n y proposici\u00f3n de normas legales.<\/p>\n<p style=\"font-weight: 400;\">Proyectos adjudicados REGI\u00d3N DE AYS\u00c9N<\/p>\n<p style=\"font-weight: 400;\"><strong>-Programa Radial el camino de Joe<\/strong>&#8211; Agrupaci\u00f3n protectora de animales Ays\u00e9n APAY.<\/p>\n<p style=\"font-weight: 400;\"><strong>-Esterilizaciones y jornadas de atenci\u00f3n veterinaria primaria en zonas de abandono en la Regi\u00f3n de Ays\u00e9n<\/strong>&#8211; Ong Defensa Y Protecci\u00f3n Animal Coyhaique u Odepac.<\/p>\n<p style=\"font-weight: 400;\"><strong>-Educar para Cuidar y Disfrutar con Nuestras Mascotas<\/strong>&#8211; Agrupaci\u00f3n Brigada Lo \u00danico que Tengo.<\/p>\n<\/div><\/section><\/div><div  style='height:50px' class='hr hr-invisible   avia-builder-el-6  el_after_av_one_full  el_before_av_social_share '><span class='hr-inner ' ><span class='hr-inner-style'><\/span><\/span><\/div><\/p>\n<div  class='av-social-sharing-box  avia-builder-el-7  el_after_av_hr  el_before_av_hr  '><div class='av-share-box'><h5 class='av-share-link-description av-no-toc '>Compartir esta noticia<\/h5><ul class='av-share-box-list noLightbox'><li class='av-share-link av-social-link-facebook' ><a target=\"_blank\" aria-label=\"Compartir en Facebook\" href='https:\/\/www.facebook.com\/sharer.php?u=https:\/\/radiorevelacionfm.cl\/?p=11528&#038;t=Tres%20organizaciones%20de%20la%20regi%C3%B3n%20de%20Ays%C3%A9n%20se%20adjudican%20fondos%20para%20promover%20una%20tenencia%20responsable%20de%20mascotas%20y%20el%20bienestar%20animal' aria-hidden='false' data-av_icon='\ue8f3' data-av_iconfont='entypo-fontello' title='' data-avia-related-tooltip='Compartir en Facebook' rel=\"noopener\"><span class='avia_hidden_link_text'>Compartir en Facebook<\/span><\/a><\/li><li class='av-share-link av-social-link-twitter' ><a target=\"_blank\" aria-label=\"Compartir en Twitter\" href='https:\/\/twitter.com\/share?text=Tres%20organizaciones%20de%20la%20regi%C3%B3n%20de%20Ays%C3%A9n%20se%20adjudican%20fondos%20para%20promover%20una%20tenencia%20responsable%20de%20mascotas%20y%20el%20bienestar%20animal&#038;url=https:\/\/radiorevelacionfm.cl\/?p=11528' aria-hidden='false' data-av_icon='\ue8f1' data-av_iconfont='entypo-fontello' title='' data-avia-related-tooltip='Compartir en Twitter' rel=\"noopener\"><span class='avia_hidden_link_text'>Compartir en Twitter<\/span><\/a><\/li><li class='av-share-link av-social-link-whatsapp' ><a target=\"_blank\" aria-label=\"Compartir en Whatsapp\" href='https:\/\/api.whatsapp.com\/send?text=https:\/\/radiorevelacionfm.cl\/?p=11528' aria-hidden='false' data-av_icon='\uf232' data-av_iconfont='entypo-fontello' title='' data-avia-related-tooltip='Compartir en Whatsapp' rel=\"noopener\"><span class='avia_hidden_link_text'>Compartir en Whatsapp<\/span><\/a><\/li><li class='av-share-link av-social-link-linkedin' ><a target=\"_blank\" aria-label=\"Compartir en LinkedIn\" href='https:\/\/linkedin.com\/shareArticle?mini=true&#038;title=Tres%20organizaciones%20de%20la%20regi%C3%B3n%20de%20Ays%C3%A9n%20se%20adjudican%20fondos%20para%20promover%20una%20tenencia%20responsable%20de%20mascotas%20y%20el%20bienestar%20animal&#038;url=https:\/\/radiorevelacionfm.cl\/?p=11528' aria-hidden='false' data-av_icon='\ue8fc' data-av_iconfont='entypo-fontello' title='' data-avia-related-tooltip='Compartir en LinkedIn' rel=\"noopener\"><span class='avia_hidden_link_text'>Compartir en LinkedIn<\/span><\/a><\/li><li class='av-share-link av-social-link-mail' ><a  aria-label=\"Compartir por correo\" href='mailto:?subject=Tres%20organizaciones%20de%20la%20regi%C3%B3n%20de%20Ays%C3%A9n%20se%20adjudican%20fondos%20para%20promover%20una%20tenencia%20responsable%20de%20mascotas%20y%20el%20bienestar%20animal&#038;body=https:\/\/radiorevelacionfm.cl\/?p=11528' aria-hidden='false' data-av_icon='\ue805' data-av_iconfont='entypo-fontello' title='' data-avia-related-tooltip='Compartir por correo'><span class='avia_hidden_link_text'>Compartir por correo<\/span><\/a><\/li><\/ul><\/div><\/div>\n<div  style='height:50px' class='hr hr-invisible   avia-builder-el-8  el_after_av_social_share  el_before_av_comments_list '><span class='hr-inner ' ><span class='hr-inner-style'><\/span><\/span><\/div>\n<div  class='av-buildercomment  av-blog-meta-html-info-disabled av-blog-meta-tag-disabled  '><\/div>\n","protected":false},"excerpt":{"rendered":"","protected":false},"author":1,"featured_media":11529,"comment_status":"open","ping_status":"open","sticky":false,"template":"","format":"standard","meta":{"footnotes":""},"categories":[38],"tags":[],"class_list":["post-11528","post","type-post","status-publish","format-standard","has-post-thumbnail","hentry","category-regional"],"jetpack_featured_media_url":"https:\/\/radiorevelacionfm.cl\/wp-content\/uploads\/2021\/12\/unnamed-4-1-1.jpg","_links":{"self":[{"href":"https:\/\/radiorevelacionfm.cl\/index.php?rest_route=\/wp\/v2\/posts\/11528","targetHints":{"allow":["GET"]}}],"collection":[{"href":"https:\/\/radiorevelacionfm.cl\/index.php?rest_route=\/wp\/v2\/posts"}],"about":[{"href":"https:\/\/radiorevelacionfm.cl\/index.php?rest_route=\/wp\/v2\/types\/post"}],"author":[{"embeddable":true,"href":"https:\/\/radiorevelacionfm.cl\/index.php?rest_route=\/wp\/v2\/users\/1"}],"replies":[{"embeddable":true,"href":"https:\/\/radiorevelacionfm.cl\/index.php?rest_route=%2Fwp%2Fv2%2Fcomments&post=11528"}],"version-history":[{"count":2,"href":"https:\/\/radiorevelacionfm.cl\/index.php?rest_route=\/wp\/v2\/posts\/11528\/revisions"}],"predecessor-version":[{"id":11660,"href":"https:\/\/radiorevelacionfm.cl\/index.php?rest_route=\/wp\/v2\/posts\/11528\/revisions\/11660"}],"wp:featuredmedia":[{"embeddable":true,"href":"https:\/\/radiorevelacionfm.cl\/index.php?rest_route=\/wp\/v2\/media\/11529"}],"wp:attachment":[{"href":"https:\/\/radiorevelacionfm.cl\/index.php?rest_route=%2Fwp%2Fv2%2Fmedia&parent=11528"}],"wp:term":[{"taxonomy":"category","embeddable":true,"href":"https:\/\/radiorevelacionfm.cl\/index.php?rest_route=%2Fwp%2Fv2%2Fcategories&post=11528"},{"taxonomy":"post_tag","embeddable":true,"href":"https:\/\/radiorevelacionfm.cl\/index.php?rest_route=%2Fwp%2Fv2%2Ftags&post=11528"}],"curies":[{"name":"wp","href":"https:\/\/api.w.org\/{rel}","templated":true}]}}