{"id":11510,"date":"2021-12-04T15:39:52","date_gmt":"2021-12-04T18:39:52","guid":{"rendered":"https:\/\/radiorevelacionfm.cl\/?p=11510"},"modified":"2021-12-04T15:39:52","modified_gmt":"2021-12-04T18:39:52","slug":"concejo-municipal-aprueba-regularizacion-de-carros-food-truck-en-aysen","status":"publish","type":"post","link":"https:\/\/radiorevelacionfm.cl\/?p=11510","title":{"rendered":"Concejo Municipal aprueba regularizaci\u00f3n de carros Food Truck en Ays\u00e9n"},"content":{"rendered":"<div class=\"flex_column av_one_full  flex_column_div av-zero-column-padding first  avia-builder-el-0  el_before_av_one_full  avia-builder-el-first  \" style='border-radius:0px; '><div  class='avia-image-container  av-styling-    avia-builder-el-1  avia-builder-el-no-sibling  avia-align-center '  itemprop=\"image\" itemscope=\"itemscope\" itemtype=\"https:\/\/schema.org\/ImageObject\"  ><div class='avia-image-container-inner'><div class='avia-image-overlay-wrap'><img decoding=\"async\" class='wp-image-11511 avia-img-lazy-loading-not-11511 avia_image' src=\"https:\/\/radiorevelacionfm.cl\/wp-content\/uploads\/2021\/12\/Sesion-Concejo-Municipal-Foto-2-1-1.jpg\" alt='' title='Sesi\u00f3n Concejo Municipal - Foto 2 (1) (1)' height=\"600\" width=\"800\"  itemprop=\"thumbnailUrl\" srcset=\"https:\/\/radiorevelacionfm.cl\/wp-content\/uploads\/2021\/12\/Sesion-Concejo-Municipal-Foto-2-1-1.jpg 800w, https:\/\/radiorevelacionfm.cl\/wp-content\/uploads\/2021\/12\/Sesion-Concejo-Municipal-Foto-2-1-1-300x225.jpg 300w, https:\/\/radiorevelacionfm.cl\/wp-content\/uploads\/2021\/12\/Sesion-Concejo-Municipal-Foto-2-1-1-768x576.jpg 768w, https:\/\/radiorevelacionfm.cl\/wp-content\/uploads\/2021\/12\/Sesion-Concejo-Municipal-Foto-2-1-1-705x529.jpg 705w, https:\/\/radiorevelacionfm.cl\/wp-content\/uploads\/2021\/12\/Sesion-Concejo-Municipal-Foto-2-1-1-600x450.jpg 600w\" sizes=\"(max-width: 800px) 100vw, 800px\" \/><\/div><\/div><\/div><\/div><div class=\"flex_column av_one_full  flex_column_div av-zero-column-padding first  avia-builder-el-2  el_after_av_one_full  el_before_av_one_full  column-top-margin\" style='border-radius:0px; '><section class=\"av_textblock_section \"  itemscope=\"itemscope\" itemtype=\"https:\/\/schema.org\/BlogPosting\" itemprop=\"blogPost\" ><div class='avia_textblock  '   itemprop=\"text\" ><p style=\"text-align: center;\"><span style=\"font-size: 18pt;\"><strong>Concejo Municipal aprueba regularizaci\u00f3n de carros Food Truck en Ays\u00e9n<\/strong><\/span><\/p>\n<div id=\"gtx-trans\" style=\"position: absolute; left: -50px; top: 4.31534px;\">\n<div class=\"gtx-trans-icon\"><\/div>\n<\/div>\n<\/div><\/section><\/div><div class=\"flex_column av_one_full  flex_column_div av-zero-column-padding first  avia-builder-el-4  el_after_av_one_full  el_before_av_hr  column-top-margin\" style='border-radius:0px; '><section class=\"av_textblock_section \"  itemscope=\"itemscope\" itemtype=\"https:\/\/schema.org\/BlogPosting\" itemprop=\"blogPost\" ><div class='avia_textblock  '   itemprop=\"text\" ><p style=\"text-align: justify;\">El director Sebasti\u00e1n Villagra de Direcci\u00f3n de Obras Municipales (DOM)<strong>, <\/strong>present\u00f3 frente al Honorable Concejo Municipal de Ays\u00e9n la ordenanza local para regularizar la instalaci\u00f3n de carros m\u00f3viles de comida en la comuna. Bajo votaci\u00f3n un\u00e1nime, la primera autoridad de la casa edilicia junto a concejalas y concejales, aprobaron la normativa en la sesi\u00f3n efectuada el 2 de diciembre.<\/p>\n<p style=\"text-align: justify;\">La iniciativa desarrollada por la DOM desde mediados de 2019, en colaboraci\u00f3n de la Direcci\u00f3n de Tr\u00e1nsito y Transporte P\u00fablico, tiene como objetivo principal regularizar y entregar las garant\u00edas necesarias para que due\u00f1as y due\u00f1os de <em>food truck<\/em>, puedan desempe\u00f1ar sus funciones con los est\u00e1ndares necesarios en la comuna porte\u00f1a al fijar requerimientos y documentaci\u00f3n.<\/p>\n<p style=\"text-align: justify;\">Al ser gravada la actividad comercial con patente municipal, estipula locaciones concretas para el emplazamiento de carros m\u00f3viles. Entre los sectores autorizados figuran la calle Carrera al lado del gimnasio IND, Cancha Villa Espa\u00f1a, Costanera Simpson, Plaza Los Artesanos en Puerto Chacabuco, Villa Ma\u00f1ihuales y otros.<\/p>\n<p style=\"text-align: justify;\">Villagra, quien est\u00e1 a cargo de la ordenanza y su puesta en funcionamiento, manifiesta que la medida generar\u00eda un escenario favorable para el emprendimiento de los <em>food truck<\/em>. \u201cAnteriormente se autorizaba a estar m\u00e1ximo 15 d\u00edas en un lugar, por lo cual entend\u00edamos que eso no se ajusta a la realidad y genera un escenario desordenado, por lo que con este documento que va a entrar en vigencia en enero, va a permitir establecer lugares autorizados para la disposici\u00f3n de carros m\u00f3viles en lugares urbanos de todas las localidades de Ays\u00e9n\u201d, expres\u00f3 el funcionario y director de la DOM.<\/p>\n<p style=\"text-align: justify;\">Actualmente y frente a la crisis sanitaria que vive el pa\u00eds, los carros m\u00f3viles han sido una soluci\u00f3n sostenible para la generaci\u00f3n de ingresos y un nicho comercial viable, que desde el municipio se persigue regularizar para su \u00f3ptimo funcionamiento y entregar est\u00e1ndares de seguridad, como de salubridad, en relaci\u00f3n a lo tipificado por la autoridad sanitaria.<\/p>\n<p style=\"text-align: justify;\">En ese contexto, Villagra sostiene la necesidad de ciertos requerimientos t\u00e9cnicos \u201cque van a tener que cumplir de modo de generar un entorno seguro, tanto para los locatarios como tambi\u00e9n para los usuarios en los distintos lugares que se emplacen\u201d, consigno el profesional.<\/p>\n<p style=\"text-align: justify;\">Asimismo, agreg\u00f3 que la ordenanza entrar\u00eda en vigencia el 10 de enero, comenzando un trabajo de difusi\u00f3n en las pr\u00f3ximas fechas. \u201cAhora vamos a estar desarrollando un proceso de difusi\u00f3n, anunciando la entrada en vigencia e invitando a todos los interesados a informarse sobre la ordenanza que va a estar publicada en el sitio web, de manera de conocer los requerimientos y solicitar las certificaciones de respaldo correspondiente\u201d, concluy\u00f3.<\/p>\n<\/div><\/section><\/div><div  style='height:50px' class='hr hr-invisible   avia-builder-el-6  el_after_av_one_full  el_before_av_social_share '><span class='hr-inner ' ><span class='hr-inner-style'><\/span><\/span><\/div><\/p>\n<div  class='av-social-sharing-box  avia-builder-el-7  el_after_av_hr  el_before_av_hr  '><div class='av-share-box'><h5 class='av-share-link-description av-no-toc '>Compartir esta noticia<\/h5><ul class='av-share-box-list noLightbox'><li class='av-share-link av-social-link-facebook' ><a target=\"_blank\" aria-label=\"Compartir en Facebook\" href='https:\/\/www.facebook.com\/sharer.php?u=https:\/\/radiorevelacionfm.cl\/?p=11510&#038;t=Concejo%20Municipal%20aprueba%20regularizaci%C3%B3n%20de%20carros%20Food%20Truck%20en%20Ays%C3%A9n' aria-hidden='false' data-av_icon='\ue8f3' data-av_iconfont='entypo-fontello' title='' data-avia-related-tooltip='Compartir en Facebook' rel=\"noopener\"><span class='avia_hidden_link_text'>Compartir en Facebook<\/span><\/a><\/li><li class='av-share-link av-social-link-twitter' ><a target=\"_blank\" aria-label=\"Compartir en Twitter\" href='https:\/\/twitter.com\/share?text=Concejo%20Municipal%20aprueba%20regularizaci%C3%B3n%20de%20carros%20Food%20Truck%20en%20Ays%C3%A9n&#038;url=https:\/\/radiorevelacionfm.cl\/?p=11510' aria-hidden='false' data-av_icon='\ue8f1' data-av_iconfont='entypo-fontello' title='' data-avia-related-tooltip='Compartir en Twitter' rel=\"noopener\"><span class='avia_hidden_link_text'>Compartir en Twitter<\/span><\/a><\/li><li class='av-share-link av-social-link-whatsapp' ><a target=\"_blank\" aria-label=\"Compartir en Whatsapp\" href='https:\/\/api.whatsapp.com\/send?text=https:\/\/radiorevelacionfm.cl\/?p=11510' aria-hidden='false' data-av_icon='\uf232' data-av_iconfont='entypo-fontello' title='' data-avia-related-tooltip='Compartir en Whatsapp' rel=\"noopener\"><span class='avia_hidden_link_text'>Compartir en Whatsapp<\/span><\/a><\/li><li class='av-share-link av-social-link-linkedin' ><a target=\"_blank\" aria-label=\"Compartir en LinkedIn\" href='https:\/\/linkedin.com\/shareArticle?mini=true&#038;title=Concejo%20Municipal%20aprueba%20regularizaci%C3%B3n%20de%20carros%20Food%20Truck%20en%20Ays%C3%A9n&#038;url=https:\/\/radiorevelacionfm.cl\/?p=11510' aria-hidden='false' data-av_icon='\ue8fc' data-av_iconfont='entypo-fontello' title='' data-avia-related-tooltip='Compartir en LinkedIn' rel=\"noopener\"><span class='avia_hidden_link_text'>Compartir en LinkedIn<\/span><\/a><\/li><li class='av-share-link av-social-link-mail' ><a  aria-label=\"Compartir por correo\" href='mailto:?subject=Concejo%20Municipal%20aprueba%20regularizaci%C3%B3n%20de%20carros%20Food%20Truck%20en%20Ays%C3%A9n&#038;body=https:\/\/radiorevelacionfm.cl\/?p=11510' aria-hidden='false' data-av_icon='\ue805' data-av_iconfont='entypo-fontello' title='' data-avia-related-tooltip='Compartir por correo'><span class='avia_hidden_link_text'>Compartir por correo<\/span><\/a><\/li><\/ul><\/div><\/div>\n<div  style='height:50px' class='hr hr-invisible   avia-builder-el-8  el_after_av_social_share  el_before_av_comments_list '><span class='hr-inner ' ><span class='hr-inner-style'><\/span><\/span><\/div>\n<div  class='av-buildercomment  av-blog-meta-html-info-disabled av-blog-meta-tag-disabled  '><\/div>\n","protected":false},"excerpt":{"rendered":"","protected":false},"author":1,"featured_media":11511,"comment_status":"open","ping_status":"open","sticky":false,"template":"","format":"standard","meta":{"footnotes":""},"categories":[38],"tags":[],"class_list":["post-11510","post","type-post","status-publish","format-standard","has-post-thumbnail","hentry","category-regional"],"jetpack_featured_media_url":"https:\/\/radiorevelacionfm.cl\/wp-content\/uploads\/2021\/12\/Sesion-Concejo-Municipal-Foto-2-1-1.jpg","_links":{"self":[{"href":"https:\/\/radiorevelacionfm.cl\/index.php?rest_route=\/wp\/v2\/posts\/11510","targetHints":{"allow":["GET"]}}],"collection":[{"href":"https:\/\/radiorevelacionfm.cl\/index.php?rest_route=\/wp\/v2\/posts"}],"about":[{"href":"https:\/\/radiorevelacionfm.cl\/index.php?rest_route=\/wp\/v2\/types\/post"}],"author":[{"embeddable":true,"href":"https:\/\/radiorevelacionfm.cl\/index.php?rest_route=\/wp\/v2\/users\/1"}],"replies":[{"embeddable":true,"href":"https:\/\/radiorevelacionfm.cl\/index.php?rest_route=%2Fwp%2Fv2%2Fcomments&post=11510"}],"version-history":[{"count":2,"href":"https:\/\/radiorevelacionfm.cl\/index.php?rest_route=\/wp\/v2\/posts\/11510\/revisions"}],"predecessor-version":[{"id":11523,"href":"https:\/\/radiorevelacionfm.cl\/index.php?rest_route=\/wp\/v2\/posts\/11510\/revisions\/11523"}],"wp:featuredmedia":[{"embeddable":true,"href":"https:\/\/radiorevelacionfm.cl\/index.php?rest_route=\/wp\/v2\/media\/11511"}],"wp:attachment":[{"href":"https:\/\/radiorevelacionfm.cl\/index.php?rest_route=%2Fwp%2Fv2%2Fmedia&parent=11510"}],"wp:term":[{"taxonomy":"category","embeddable":true,"href":"https:\/\/radiorevelacionfm.cl\/index.php?rest_route=%2Fwp%2Fv2%2Fcategories&post=11510"},{"taxonomy":"post_tag","embeddable":true,"href":"https:\/\/radiorevelacionfm.cl\/index.php?rest_route=%2Fwp%2Fv2%2Ftags&post=11510"}],"curies":[{"name":"wp","href":"https:\/\/api.w.org\/{rel}","templated":true}]}}