{"id":11507,"date":"2021-12-04T10:35:58","date_gmt":"2021-12-04T13:35:58","guid":{"rendered":"https:\/\/radiorevelacionfm.cl\/?p=11507"},"modified":"2021-12-04T10:35:58","modified_gmt":"2021-12-04T13:35:58","slug":"equipos-de-salud-promueven-examenes-preventivos-de-vih-en-la-red-publica-de-salud","status":"publish","type":"post","link":"https:\/\/radiorevelacionfm.cl\/?p=11507","title":{"rendered":"Equipos de salud promueven ex\u00e1menes preventivos de VIH en la red p\u00fablica de salud"},"content":{"rendered":"<div class=\"flex_column av_one_full  flex_column_div av-zero-column-padding first  avia-builder-el-0  el_before_av_one_full  avia-builder-el-first  \" style='border-radius:0px; '><div  class='avia-image-container  av-styling-    avia-builder-el-1  avia-builder-el-no-sibling  avia-align-center '  itemprop=\"image\" itemscope=\"itemscope\" itemtype=\"https:\/\/schema.org\/ImageObject\"  ><div class='avia-image-container-inner'><div class='avia-image-overlay-wrap'><img decoding=\"async\" class='wp-image-11508 avia-img-lazy-loading-not-11508 avia_image' src=\"https:\/\/radiorevelacionfm.cl\/wp-content\/uploads\/2021\/12\/stand-vih-1-1.jpg\" alt='' title='stand vih (1) (1)' height=\"600\" width=\"800\"  itemprop=\"thumbnailUrl\" srcset=\"https:\/\/radiorevelacionfm.cl\/wp-content\/uploads\/2021\/12\/stand-vih-1-1.jpg 800w, https:\/\/radiorevelacionfm.cl\/wp-content\/uploads\/2021\/12\/stand-vih-1-1-300x225.jpg 300w, https:\/\/radiorevelacionfm.cl\/wp-content\/uploads\/2021\/12\/stand-vih-1-1-768x576.jpg 768w, https:\/\/radiorevelacionfm.cl\/wp-content\/uploads\/2021\/12\/stand-vih-1-1-705x529.jpg 705w, https:\/\/radiorevelacionfm.cl\/wp-content\/uploads\/2021\/12\/stand-vih-1-1-600x450.jpg 600w\" sizes=\"(max-width: 800px) 100vw, 800px\" \/><\/div><\/div><\/div><\/div><div class=\"flex_column av_one_full  flex_column_div av-zero-column-padding first  avia-builder-el-2  el_after_av_one_full  el_before_av_one_full  column-top-margin\" style='border-radius:0px; '><section class=\"av_textblock_section \"  itemscope=\"itemscope\" itemtype=\"https:\/\/schema.org\/BlogPosting\" itemprop=\"blogPost\" ><div class='avia_textblock  '   itemprop=\"text\" ><p style=\"text-align: center;\"><strong><span style=\"font-size: 18pt;\">Equipos de salud promueven ex\u00e1menes preventivos de VIH en la red p\u00fablica de salud<\/span><\/strong><\/p>\n<div id=\"gtx-trans\" style=\"position: absolute; left: -50px; top: 4.31534px;\">\n<div class=\"gtx-trans-icon\"><\/div>\n<\/div>\n<\/div><\/section><\/div><div class=\"flex_column av_one_full  flex_column_div av-zero-column-padding first  avia-builder-el-4  el_after_av_one_full  el_before_av_hr  column-top-margin\" style='border-radius:0px; '><section class=\"av_textblock_section \"  itemscope=\"itemscope\" itemtype=\"https:\/\/schema.org\/BlogPosting\" itemprop=\"blogPost\" ><div class='avia_textblock  '   itemprop=\"text\" ><p style=\"text-align: justify;\">Con la finalidad de informar acerca de los efectos y tratamientos que existen entorno al VIH, es que profesionales de la Seremi y del Servicio de Salud Ays\u00e9n, llevaron a cabo un stand abierto a la comunidad en dependencias del supermercado regional Hiperpatag\u00f3nico de Coyhaique, donde junto con responder consultas sobre esta materia, tambi\u00e9n reforzaron la importancia de detectar oportunamente casos positivos por VIH (Virus Inmunodeficiencia Humana) a trav\u00e9s de ex\u00e1menes que hoy se realizan a lo largo de toda la red de salud p\u00fablica local.<\/p>\n<p style=\"text-align: justify;\">As\u00ed lo dio a conocer la Encargada Programa VIH y Enfermedades de Transmisi\u00f3n Sexual (ETS) del Servicio de Salud Ays\u00e9n, Carmen Luz Feris. \u201cNos interesa relevar en los j\u00f3venes, como en toda la poblaci\u00f3n, sobre importancia de conocer sobre los riesgos de infectarse de VIH u otras enfermedades de transmisi\u00f3n sexual, nos interesa que la gente sepa si es portador o no, para ello podemos acceder a un examen de VIH que se toma a trav\u00e9s de una muestra de sangre, accediendo a trav\u00e9s de los distintos centros de salud que tenemos en la regi\u00f3n. Quisiera insistir en la invitaci\u00f3n que las personas de la comunidad, tanto adultos y adultos mayores, concurran a los establecimientos de salud y soliciten hacerse estos ex\u00e1menes de VIH que les permitir\u00e1n detectar oportunamente si son o no portadores de esta enfermedad, porque el ingreso a control y tratamiento es muy relevante para la calidad de vida y salud de las personas\u201d.<\/p>\n<p style=\"text-align: justify;\">Por su parte, el Encargado del Programa Adolescente de la Seremi de Salud Ays\u00e9n, H\u00e9ctor Toloza, indic\u00f3 que en este tipo de actividades abiertas a la comunidad, se entrega informaci\u00f3n preventiva sobre el VIH y las Enfermedades de Transmisi\u00f3n Sexual (ETS), donde se promocionan el cond\u00f3n femenino y masculino, junto con la entrega informaci\u00f3n sobre el embarazo adolescente y el control joven sano a trav\u00e9s de los establecimientos de salud.<\/p>\n<p style=\"text-align: justify;\">En nuestra regi\u00f3n, en lo que va corrido de este a\u00f1o 2021, existen m\u00e1s de 180 personas que se encuentran en control y tratamiento en el centro de referencia para VIH del Hospital Regional Coyhaique.<\/p>\n<\/div><\/section><\/div><div  style='height:50px' class='hr hr-invisible   avia-builder-el-6  el_after_av_one_full  el_before_av_social_share '><span class='hr-inner ' ><span class='hr-inner-style'><\/span><\/span><\/div><\/p>\n<div  class='av-social-sharing-box  avia-builder-el-7  el_after_av_hr  el_before_av_hr  '><div class='av-share-box'><h5 class='av-share-link-description av-no-toc '>Compartir esta noticia<\/h5><ul class='av-share-box-list noLightbox'><li class='av-share-link av-social-link-facebook' ><a target=\"_blank\" aria-label=\"Compartir en Facebook\" href='https:\/\/www.facebook.com\/sharer.php?u=https:\/\/radiorevelacionfm.cl\/?p=11507&#038;t=Equipos%20de%20salud%20promueven%20ex%C3%A1menes%20preventivos%20de%20VIH%20en%20la%20red%20p%C3%BAblica%20de%20salud' aria-hidden='false' data-av_icon='\ue8f3' data-av_iconfont='entypo-fontello' title='' data-avia-related-tooltip='Compartir en Facebook' rel=\"noopener\"><span class='avia_hidden_link_text'>Compartir en Facebook<\/span><\/a><\/li><li class='av-share-link av-social-link-twitter' ><a target=\"_blank\" aria-label=\"Compartir en Twitter\" href='https:\/\/twitter.com\/share?text=Equipos%20de%20salud%20promueven%20ex%C3%A1menes%20preventivos%20de%20VIH%20en%20la%20red%20p%C3%BAblica%20de%20salud&#038;url=https:\/\/radiorevelacionfm.cl\/?p=11507' aria-hidden='false' data-av_icon='\ue8f1' data-av_iconfont='entypo-fontello' title='' data-avia-related-tooltip='Compartir en Twitter' rel=\"noopener\"><span class='avia_hidden_link_text'>Compartir en Twitter<\/span><\/a><\/li><li class='av-share-link av-social-link-whatsapp' ><a target=\"_blank\" aria-label=\"Compartir en Whatsapp\" href='https:\/\/api.whatsapp.com\/send?text=https:\/\/radiorevelacionfm.cl\/?p=11507' aria-hidden='false' data-av_icon='\uf232' data-av_iconfont='entypo-fontello' title='' data-avia-related-tooltip='Compartir en Whatsapp' rel=\"noopener\"><span class='avia_hidden_link_text'>Compartir en Whatsapp<\/span><\/a><\/li><li class='av-share-link av-social-link-linkedin' ><a target=\"_blank\" aria-label=\"Compartir en LinkedIn\" href='https:\/\/linkedin.com\/shareArticle?mini=true&#038;title=Equipos%20de%20salud%20promueven%20ex%C3%A1menes%20preventivos%20de%20VIH%20en%20la%20red%20p%C3%BAblica%20de%20salud&#038;url=https:\/\/radiorevelacionfm.cl\/?p=11507' aria-hidden='false' data-av_icon='\ue8fc' data-av_iconfont='entypo-fontello' title='' data-avia-related-tooltip='Compartir en LinkedIn' rel=\"noopener\"><span class='avia_hidden_link_text'>Compartir en LinkedIn<\/span><\/a><\/li><li class='av-share-link av-social-link-mail' ><a  aria-label=\"Compartir por correo\" href='mailto:?subject=Equipos%20de%20salud%20promueven%20ex%C3%A1menes%20preventivos%20de%20VIH%20en%20la%20red%20p%C3%BAblica%20de%20salud&#038;body=https:\/\/radiorevelacionfm.cl\/?p=11507' aria-hidden='false' data-av_icon='\ue805' data-av_iconfont='entypo-fontello' title='' data-avia-related-tooltip='Compartir por correo'><span class='avia_hidden_link_text'>Compartir por correo<\/span><\/a><\/li><\/ul><\/div><\/div>\n<div  style='height:50px' class='hr hr-invisible   avia-builder-el-8  el_after_av_social_share  el_before_av_comments_list '><span class='hr-inner ' ><span class='hr-inner-style'><\/span><\/span><\/div>\n<div  class='av-buildercomment  av-blog-meta-html-info-disabled av-blog-meta-tag-disabled  '><\/div>\n","protected":false},"excerpt":{"rendered":"","protected":false},"author":1,"featured_media":11508,"comment_status":"open","ping_status":"open","sticky":false,"template":"","format":"standard","meta":{"footnotes":""},"categories":[46],"tags":[],"class_list":["post-11507","post","type-post","status-publish","format-standard","has-post-thumbnail","hentry","category-salud"],"jetpack_featured_media_url":"https:\/\/radiorevelacionfm.cl\/wp-content\/uploads\/2021\/12\/stand-vih-1-1.jpg","_links":{"self":[{"href":"https:\/\/radiorevelacionfm.cl\/index.php?rest_route=\/wp\/v2\/posts\/11507","targetHints":{"allow":["GET"]}}],"collection":[{"href":"https:\/\/radiorevelacionfm.cl\/index.php?rest_route=\/wp\/v2\/posts"}],"about":[{"href":"https:\/\/radiorevelacionfm.cl\/index.php?rest_route=\/wp\/v2\/types\/post"}],"author":[{"embeddable":true,"href":"https:\/\/radiorevelacionfm.cl\/index.php?rest_route=\/wp\/v2\/users\/1"}],"replies":[{"embeddable":true,"href":"https:\/\/radiorevelacionfm.cl\/index.php?rest_route=%2Fwp%2Fv2%2Fcomments&post=11507"}],"version-history":[{"count":2,"href":"https:\/\/radiorevelacionfm.cl\/index.php?rest_route=\/wp\/v2\/posts\/11507\/revisions"}],"predecessor-version":[{"id":11520,"href":"https:\/\/radiorevelacionfm.cl\/index.php?rest_route=\/wp\/v2\/posts\/11507\/revisions\/11520"}],"wp:featuredmedia":[{"embeddable":true,"href":"https:\/\/radiorevelacionfm.cl\/index.php?rest_route=\/wp\/v2\/media\/11508"}],"wp:attachment":[{"href":"https:\/\/radiorevelacionfm.cl\/index.php?rest_route=%2Fwp%2Fv2%2Fmedia&parent=11507"}],"wp:term":[{"taxonomy":"category","embeddable":true,"href":"https:\/\/radiorevelacionfm.cl\/index.php?rest_route=%2Fwp%2Fv2%2Fcategories&post=11507"},{"taxonomy":"post_tag","embeddable":true,"href":"https:\/\/radiorevelacionfm.cl\/index.php?rest_route=%2Fwp%2Fv2%2Ftags&post=11507"}],"curies":[{"name":"wp","href":"https:\/\/api.w.org\/{rel}","templated":true}]}}